{"id":10,"date":"2006-02-17T13:59:00","date_gmt":"2006-02-17T12:59:00","guid":{"rendered":"http:\/\/www.selbstbestimmung.net\/?p=10"},"modified":"2020-12-29T16:46:28","modified_gmt":"2020-12-29T15:46:28","slug":"autodeterminacio","status":"publish","type":"post","link":"https:\/\/www.brennerbasisdemokratie.eu\/?p=10","title":{"rendered":"Autodeterminaci\u00f3."},"content":{"rendered":"<p align=\"left\"><a title=\"Autodeterminaci\u00f3.\" href=\"http:\/\/www.autodeterminacio.net\/\" target=\"_blank\" rel=\"noopener\"><img decoding=\"async\" id=\"image87\" src=\"http:\/\/www.brennerbasisdemokratie.eu\/wp-content\/uploads\/prev\/autodeterminacio.jpg\" alt=\"Campanya.\" align=\"right\" \/><\/a>Katalonien startet eine bunte <a title=\"Autodeterminaci\u00f3.\" href=\"http:\/\/www.autodeterminacio.net\/\" target=\"_blank\" rel=\"noopener\">Selbstbestimmungskampagne<\/a> und b\u00f6te damit auch uns S\u00fcdtirolern eine Steilvorlage.<br \/>\nUnglaubliche 700.000 Menschen waren am 18F auf den Stra\u00dfen, um friedlich f\u00fcr das Recht auf Selbstbestimmung zu demonstrieren.<\/p>\n<p align=\"center\">[googlevideo]2418615037770686394[\/googlevideo]<\/p>","protected":false},"excerpt":{"rendered":"<p>Katalonien startet eine bunte Selbstbestimmungskampagne und b\u00f6te damit auch uns S\u00fcdtirolern eine Steilvorlage. Unglaubliche 700.000 Menschen waren am 18F auf den Stra\u00dfen, um friedlich f\u00fcr das Recht auf Selbstbestimmung zu demonstrieren. [googlevideo]2418615037770686394[\/googlevideo]<\/p>","protected":false},"author":1,"featured_media":0,"comment_status":"open","ping_status":"open","sticky":false,"template":"","format":"standard","meta":{"_crdt_document":"","ngg_post_thumbnail":0,"_jetpack_memberships_contains_paid_content":false,"footnotes":""},"categories":[1],"tags":[],"class_list":["post-10","post","type-post","status-publish","format-standard","hentry","category-allgemein","issue-good-news","location-catalunya","language-deutsch","topic-comparatio","topic-engagement","topic-selbstbestimmung"],"jetpack_featured_media_url":"","jetpack_sharing_enabled":true,"_links":{"self":[{"href":"https:\/\/www.brennerbasisdemokratie.eu\/index.php?rest_route=\/wp\/v2\/posts\/10","targetHints":{"allow":["GET"]}}],"collection":[{"href":"https:\/\/www.brennerbasisdemokratie.eu\/index.php?rest_route=\/wp\/v2\/posts"}],"about":[{"href":"https:\/\/www.brennerbasisdemokratie.eu\/index.php?rest_route=\/wp\/v2\/types\/post"}],"author":[{"embeddable":true,"href":"https:\/\/www.brennerbasisdemokratie.eu\/index.php?rest_route=\/wp\/v2\/users\/1"}],"replies":[{"embeddable":true,"href":"https:\/\/www.brennerbasisdemokratie.eu\/index.php?rest_route=%2Fwp%2Fv2%2Fcomments&post=10"}],"version-history":[{"count":2,"href":"https:\/\/www.brennerbasisdemokratie.eu\/index.php?rest_route=\/wp\/v2\/posts\/10\/revisions"}],"predecessor-version":[{"id":62693,"href":"https:\/\/www.brennerbasisdemokratie.eu\/index.php?rest_route=\/wp\/v2\/posts\/10\/revisions\/62693"}],"wp:attachment":[{"href":"https:\/\/www.brennerbasisdemokratie.eu\/index.php?rest_route=%2Fwp%2Fv2%2Fmedia&parent=10"}],"wp:term":[{"taxonomy":"category","embeddable":true,"href":"https:\/\/www.brennerbasisdemokratie.eu\/index.php?rest_route=%2Fwp%2Fv2%2Fcategories&post=10"},{"taxonomy":"post_tag","embeddable":true,"href":"https:\/\/www.brennerbasisdemokratie.eu\/index.php?rest_route=%2Fwp%2Fv2%2Ftags&post=10"}],"curies":[{"name":"wp","href":"https:\/\/api.w.org\/{rel}","templated":true}]}}