{"id":100151,"date":"2026-07-14T19:36:30","date_gmt":"2026-07-14T17:36:30","guid":{"rendered":"https:\/\/www.brennerbasisdemokratie.eu\/?p=100151"},"modified":"2026-08-29T15:59:30","modified_gmt":"2026-08-29T13:59:30","slug":"rechts-nationalistisches-gerrymandering","status":"publish","type":"post","link":"https:\/\/www.brennerbasisdemokratie.eu\/?p=100151","title":{"rendered":"Rechts-nationalistisches Gerrymandering."},"content":{"rendered":"<p>Der <a title=\"Urz\u00ec attackiert Rai S\u00fcdtirol.\" href=\"https:\/\/www.brennerbasisdemokratie.eu\/?p=74223\">in Vicenza gew\u00e4hlte<\/a> S\u00fcdtiroler <abbr title=\"Fratelli d\u2019Italia\">FdI<\/abbr>-Abgeordnete Alessandro Urz\u00ec will die gef\u00fchlt hunderttausendste, ma\u00dfgeschneiderte Wahlrechtsreform in Italien dazu nutzen, den Senatswahlkreis Bozen-Unterland nach ethnischen und politischen Kriterien neu einzugrenzen. Gemeinden mit deutscher Bev\u00f6lkerungsmehrheit sollen ausgegliedert werden, um den Anteil der italienischen Sprachgruppe im Wahlkreis drastisch zu erh\u00f6hen und die Wahl einer italienischsprachigen Kandidatin sicherzustellen.<\/p>\n<p>Dies w\u00fcrde aber auch bedeuten, dass die deutschsprachige Minderheit von Bozen und den nahen Gemeinden des Unterlandes kaum eine Chance h\u00e4tte, jemals wieder eine deutschsprachige Senatorin zu bekommen.<\/p>\n<p>Jedenfalls, wenn alle brav sprachgruppenkonform w\u00e4hlen.<\/p>\n<p>Dies war w\u00e4hrend der letzten Jahre etwa in Leifers, <a title=\"Zur gestrigen Gemeinderatswahl.\" href=\"https:\/\/www.brennerbasisdemokratie.eu\/?p=91741\">Salurn und Pfatten<\/a> zumindest bei Gemeinderatswahlen nicht der Fall, weshalb diese gro\u00dfmehrheitlich von Italienerinnen bewohnten Orte heute von deutschsprachigen <abbr title=\"S\u00fcdtiroler Volkspartei\">SVP<\/abbr>-B\u00fcrgermeistern regiert werden.<\/p>\n<p>Laut der letzten Sprachgruppenerhebung ist die italienische Sprachgruppe auf Landesebene \u2014 und auch im Senatswahlkreis \u2014 ohnehin im Wachsen, die deutsche <a title=\"St\u00e4dte: Deutsche Minderheit unter den Wert von 1981 gefallen.\" href=\"https:\/\/www.brennerbasisdemokratie.eu\/?p=89845\">im Schrumpfen begriffen<\/a>. Der Vorschlag von Urz\u00ec w\u00fcrde diese Entwicklung noch einmal forcieren.<\/p>\n<p>Mit diesem krassen Fall von minderheitenfeindlichem <a title=\"Wiki: Gerrymandering.\" href=\"https:\/\/de.wikipedia.org\/wiki\/Gerrymandering\" target=\"_blank\" rel=\"noopener\">Gerrymandering<\/a> geht es aber ganz klar nicht nur um sprachliche Repr\u00e4sentation. Ein Wahlkreis mit dem nun vorgeschlagenen Zuschnitt w\u00fcrde unter den aktuellen (und historischen) politischen Kr\u00e4fteverh\u00e4ltnissen auch die Wahrscheinlichkeit deutlich erh\u00f6hen, dass das Mandat an eine rechte, nationalistische Partei f\u00e4llt. Ausgerechnet an Parteien also, deren Verh\u00e4ltnis zur deutschen sowie zur ladinischen Minderheit und deren Schutzanspr\u00fcchen in der Regel alles andere als wohlwollend ist. Nicht zuletzt <a title=\"Urz\u00ec wollte Grundpfeiler des Minderheitenschutzes beseitigen.\" href=\"https:\/\/www.brennerbasisdemokratie.eu\/?p=91473\">das politische Engagement von Alessandro Urz\u00ec w\u00e4hrend der laufenden Legislaturperiode<\/a> ist ein Beweis daf\u00fcr.<\/p>\n<p>Heikel ist der Vorschlag aber auch deshalb, weil die heutigen Grenzen der Senatswahlkreise nicht irgendein beliebiges Detail des italienischen Wahlrechts sind. Sie gehen auf Paketma\u00dfnahme 111 zur\u00fcck und geh\u00f6ren damit zum institutionellen Gef\u00fcge unserer international verankerten Autonomie.<\/p>\n<p>Schon der aktuelle Zuschnitt des Senatswahlkreises Bozen-Unterland ist bewusst so gew\u00e4hlt, dass die Wahl einer Italienerin beg\u00fcnstigt wird. Urz\u00ec will daraus auf Teufel komm raus nahezu eine Gewissheit machen. Doch wie weit will man diese Logik noch treiben? Wenn ein Wahlkreis so gestaltet werden soll, dass m\u00f6glichst sicher eine Angeh\u00f6rige einer bestimmten Sprachgruppe gew\u00e4hlt wird, warum \u00fcberhaupt noch offene Wahlen abhalten? Der Logik einer immer weiter perfektionierten ethnischen Wahlkreisgeometrie folgend k\u00f6nnte man das Mandat irgendwann gleich einer Sprachgruppe vorbehalten \u2014 und Kandidaten anderer Sprachgruppen die Kandidatur verbieten (<a title=\"Mehrheitsschutz und Kandidaturverbot.\" href=\"https:\/\/www.brennerbasisdemokratie.eu\/?p=73648\">vgl.<\/a>).<\/p>\n<p>Ja, Minderheitenschutz kann besondere Mechanismen zur Sicherung politischer Repr\u00e4sentation rechtfertigen. Doch Urz\u00ec vertritt hier keine staatliche Minderheit, die gegen\u00fcber einer strukturell dominanten Mehrheit gesch\u00fctzt werden m\u00fcsste. Umso weniger ist dies bei Wahlen zum italienischen Parlament der Fall, wo die Deutschsprachigen eine verschwindend kleine Minderheit darstellen und Ladinerinnen in der Regel chancenlos bleiben. W\u00e4hrenddessen stehen der staatlichen Mehrheitsbev\u00f6lkerung s\u00e4mtliche institutionellen, sprachlichen und politischen Ressourcen zur Verf\u00fcgung.<\/p>\n<p>Nicht zuletzt h\u00e4tte die neue Grenzziehung Wahlkreise zur Folge, die geographisch kaum Sinn ergeben. Der Versuch, gesellschaftlich und r\u00e4umlich zusammenh\u00e4ngende Gebiete nur nach Sprachgruppen \u2014 bzw. deren jeweiligen Mehrheiten! \u2014 auseinanderzudividieren, um daraus politisches Kapital zu schlagen, offenbart, dass Wahlkreise quasi als ethnische Reservate und vermeintlich homogene W\u00e4hlerreservoirs betrachtet werden, \u00fcber die nach politischem Kalk\u00fcl verf\u00fcgt werden kann.<\/p>\n<p>Darin liegt auch ein aufschlussreicher Widerspruch: Wenn es um den Schutz von Minderheiten geht, soll m\u00f6glichst wenig nach Sprachgruppen differenziert werden. Ensprechende Schutzmechanismen wie Proporz und Ans\u00e4ssigkeitsklausel werden schnell als \u00fcberholt oder diskriminierend dargestellt. Wenn es aber darum geht, der italienischen Mehrheitsbev\u00f6lkerung politische Vorteile zu sichern, wird pl\u00f6tzlich mit gr\u00f6\u00dfter Genauigkeit nach Sprachgruppenanteilen gerechnet.<\/p>\n<p>Dass Demokratie f\u00fcr die radikalen Rechten haupts\u00e4chlich ein Mittel zum Zweck des Machterhalts ist, scheint sich damit ebenfalls zu best\u00e4tigen. Das zeigt die gesamtstaatliche Wahlrechtsreform an sich und das unterstreicht der Urz\u00ec-Vorschlag noch einmal auf erschreckende Weise.<\/p>\n<p>Dabei wurden schon bei der <a title=\"Autonomiereform genehmigt.\" href=\"https:\/\/www.brennerbasisdemokratie.eu\/?p=99255\">k\u00fcrzlich verabschiedeten<\/a> Autonomiereform <a title=\"Autonomie: Nur S\u00fcdtirol macht Zugest\u00e4ndnisse.\" href=\"https:\/\/www.brennerbasisdemokratie.eu\/?p=91202\">Einbu\u00dfen beim Minderheitenschutz zugunsten der Titularnation als Preis f\u00fcr die Wiederherstellung autonomer Zust\u00e4ndigkeiten<\/a> akzeptiert.<\/p>\n<p>Das ist eine v\u00f6llig un\u00fcbliche und geradezu fatale Logik: Ein Ausbau der Autonomie sollte nicht dadurch erkauft werden m\u00fcssen, dass gesch\u00fctzte Minderheiten Schutzmechanismen aufgeben oder ihre Abschw\u00e4chung hinnehmen. Minderheitenrechte sind keine Verhandlungsmasse, die bei jedem Kompetenzgewinn \u2014 der hier \u00fcberdies vor allem eine Wiederherstellung war \u2014 neu zur Disposition gestellt wird.<\/p>\n<p>Doch jetzt werden die Forderungen nach Zugest\u00e4ndnissen auch noch \u00fcber den Kuhhandel Autonomiereform hinaus ausgedehnt. Weitere Vorschl\u00e4ge, die in dieselbe Kerbe schlagen, liegen ebenfalls bereits auf dem Tisch (<a title=\"Korporatismus f\u00fcr den Landtag.\" href=\"https:\/\/www.brennerbasisdemokratie.eu\/?p=94929\">vgl.<\/a>)<\/p>\n<p>Dass die SVP angesichts eines Vorschlags, der die Wahlkreisgrenzen ausdr\u00fccklich nach dem gew\u00fcnschten Ergebnis ver\u00e4ndern will, bereits Gespr\u00e4chsbereitschaft signalisiert, ist deshalb kaum nachvollziehbar. Ihr scheint das Schmerzempfinden g\u00e4nzlich abhanden gekommen zu sein.<\/p>\n<p>Man kann in einer Demokratie nat\u00fcrlich \u00fcber Wahlkreise diskutieren. Doch Wahlkreisgrenzen mit dem ausschlie\u00dflichen Ziel zu verschieben, den Anteil der nationalen Mehrheitsbev\u00f6lkerung zu erh\u00f6hen und die Wahl einer Kandidatin dieser Gruppe und einer gewissen politischen Richtung wahrscheinlicher zu machen, ist keine neutrale technische Anpassung. Sondern ein abermaliger Angriff auf den Minderheitenschutz.<\/p>\n<p><strong><span style=\"font-family: Helvetica, Arial, sans-serif; text-transform: uppercase;\">C\u00ebla enghe:<\/span><\/strong> <a title=\"Autonomiereform: Schutz der nationalen Mehrheit.\" href=\"https:\/\/www.brennerbasisdemokratie.eu\/?p=91135\"><code>01<\/code><\/a> <a title=\"Statuto, scambio a danno delle minoranze.\" href=\"https:\/\/www.brennerbasisdemokratie.eu\/?p=90067\"><code>02<\/code><\/a> <a title=\"Kein Einvernehmen f\u00fcr den Minderheitenschutz?\" href=\"https:\/\/www.brennerbasisdemokratie.eu\/?p=91407\"><code>03<\/code><\/a> <a title=\"Mit Urz\u00ec die Autonomie zerst\u00f6ren.\" href=\"https:\/\/www.brennerbasisdemokratie.eu\/?p=92488\"><code>04<\/code><\/a> <a title=\"Kommt jetzt auch noch die Ortsnamen-Erpressung?\" href=\"https:\/\/www.brennerbasisdemokratie.eu\/?p=91251\"><code>05<\/code><\/a> <a title=\"Autorit\u00e4res Demokratieverst\u00e4ndnis.\" href=\"https:\/\/www.brennerbasisdemokratie.eu\/?p=74271\"><code>06<\/code><\/a> <a title=\"La troppa democrazia secondo Bianchi.\" href=\"https:\/\/www.brennerbasisdemokratie.eu\/?p=95334\"><code>07<\/code><\/a> <span style=\"font-family: Helvetica, Arial, sans-serif; font-weight: normal;\">|<\/span> <a title=\"Einen EU-Wahlkreis f\u00fcr S\u00fcdtirol.\" href=\"https:\/\/www.brennerbasisdemokratie.eu\/?p=2384\"><code>08<\/code><\/a> <span style=\"font-family: Helvetica, Arial, sans-serif; font-weight: normal;\">||<\/span> <a title=\"Urz\u00ec bekommt ein neues Volk.\" href=\"https:\/\/www.brennerbasisdemokratie.eu\/?p=100181\"><span style=\"color:#ff8c00; text-decoration:underline; text-decoration-color:#ff8c00; text-decoration-thickness:3px;\"><code>01<\/code><\/span><\/a> <a title=\"Teurer Kuhhandel.\" href=\"https:\/\/www.brennerbasisdemokratie.eu\/?p=100197\"><span style=\"color: #ff8c00\"><code>02<\/code><\/span><\/a> <a title=\"Das Feigenblatt, das keines ist.\" href=\"https:\/\/www.brennerbasisdemokratie.eu\/?p=100326\"><span style=\"color: #ff8c00\"><code>03<\/code><\/span><\/a> <a title=\"Manipolazione della democraticit\u00e0.\" href=\"https:\/\/www.brennerbasisdemokratie.eu\/?p=101032\"><span style=\"color: #ff8c00\"><code>04<\/code><\/span><\/a><\/p>","protected":false},"excerpt":{"rendered":"<p>Der in Vicenza gew\u00e4hlte S\u00fcdtiroler FdI-Abgeordnete Alessandro Urz\u00ec will die gef\u00fchlt hunderttausendste, ma\u00dfgeschneiderte Wahlrechtsreform in Italien dazu nutzen, den Senatswahlkreis Bozen-Unterland nach ethnischen und politischen Kriterien neu einzugrenzen. Gemeinden mit deutscher Bev\u00f6lkerungsmehrheit sollen ausgegliedert werden, um den Anteil der italienischen Sprachgruppe im Wahlkreis drastisch zu erh\u00f6hen und die Wahl einer italienischsprachigen Kandidatin sicherzustellen. Dies w\u00fcrde [&hellip;]<\/p>","protected":false},"author":1,"featured_media":0,"comment_status":"open","ping_status":"open","sticky":false,"template":"","format":"standard","meta":{"ngg_post_thumbnail":0,"_jetpack_newsletter_access":"","_jetpack_dont_email_post_to_subs":false,"_jetpack_newsletter_tier_id":0,"_jetpack_memberships_contains_paywalled_content":false,"_jetpack_memberships_contains_paid_content":false,"footnotes":""},"categories":[1],"tags":[],"class_list":["post-100151","post","type-post","status-publish","format-standard","hentry","category-allgemein","entity-fdi","entity-staat-italien","entity-svp","issue-ansassigkeitsklausel","issue-autonomiereform","issue-italianizzazione","location-italy","location-sudtirolo","language-deutsch","person-alessandro-urzi","topic-democrazia","topic-minderheitenschutz","topic-minorisaziun","topic-nationalismus","topic-politik","topic-recht"],"yoast_head":"<!-- This site is optimized with the Yoast SEO plugin v28.3 - https:\/\/yoast.com\/product\/yoast-seo-wordpress\/ -->\n<title>Rechts-nationalistisches Gerrymandering. - BBD<\/title>\n<meta name=\"robots\" content=\"index, follow, max-snippet:-1, max-image-preview:large, max-video-preview:-1\" \/>\n<link rel=\"canonical\" href=\"https:\/\/www.brennerbasisdemokratie.eu\/?p=100151\" \/>\n<meta property=\"og:locale\" content=\"en_GB\" \/>\n<meta property=\"og:type\" content=\"article\" \/>\n<meta property=\"og:title\" content=\"Rechts-nationalistisches Gerrymandering. - BBD\" \/>\n<meta property=\"og:description\" content=\"Der in Vicenza gew\u00e4hlte S\u00fcdtiroler FdI-Abgeordnete Alessandro Urz\u00ec will die gef\u00fchlt hunderttausendste, ma\u00dfgeschneiderte Wahlrechtsreform in Italien dazu nutzen, den Senatswahlkreis Bozen-Unterland nach ethnischen und politischen Kriterien neu einzugrenzen. Gemeinden mit deutscher Bev\u00f6lkerungsmehrheit sollen ausgegliedert werden, um den Anteil der italienischen Sprachgruppe im Wahlkreis drastisch zu erh\u00f6hen und die Wahl einer italienischsprachigen Kandidatin sicherzustellen. Dies w\u00fcrde [&hellip;]\" \/>\n<meta property=\"og:url\" content=\"https:\/\/www.brennerbasisdemokratie.eu\/?p=100151\" \/>\n<meta property=\"og:site_name\" content=\"BBD\" \/>\n<meta property=\"article:publisher\" content=\"https:\/\/www.facebook.com\/Brennerbasisdemokratie\/\" \/>\n<meta property=\"article:published_time\" content=\"2026-07-14T17:36:30+00:00\" \/>\n<meta property=\"article:modified_time\" content=\"2026-08-29T13:59:30+00:00\" \/>\n<meta property=\"og:image\" content=\"https:\/\/www.brennerbasisdemokratie.eu\/wp-content\/uploads\/2026\/08\/bbd-defaultimage.png\" \/>\n\t<meta property=\"og:image:width\" content=\"1200\" \/>\n\t<meta property=\"og:image:height\" content=\"630\" \/>\n\t<meta property=\"og:image:type\" content=\"image\/png\" \/>\n<meta name=\"author\" content=\"Simon Constantini\" \/>\n<meta name=\"twitter:card\" content=\"summary_large_image\" \/>\n<meta name=\"twitter:creator\" content=\"@31bbd\" \/>\n<meta name=\"twitter:site\" content=\"@31bbd\" \/>\n<meta name=\"twitter:label1\" content=\"Written by\" \/>\n\t<meta name=\"twitter:data1\" content=\"Simon Constantini\" \/>\n\t<meta name=\"twitter:label2\" content=\"Estimated reading time\" \/>\n\t<meta name=\"twitter:data2\" content=\"4 minutes\" \/>\n<script type=\"application\/ld+json\" class=\"yoast-schema-graph\">{\"@context\":\"https:\\\/\\\/schema.org\",\"@graph\":[{\"@type\":\"Article\",\"@id\":\"https:\\\/\\\/www.brennerbasisdemokratie.eu\\\/?p=100151#article\",\"isPartOf\":{\"@id\":\"https:\\\/\\\/www.brennerbasisdemokratie.eu\\\/?p=100151\"},\"author\":{\"name\":\"Simon Constantini\",\"@id\":\"https:\\\/\\\/www.brennerbasisdemokratie.eu\\\/#\\\/schema\\\/person\\\/d02c4d1a3c6c3b2c70d7c7f27eb857ec\"},\"headline\":\"Rechts-nationalistisches Gerrymandering.\",\"datePublished\":\"2026-07-14T17:36:30+00:00\",\"dateModified\":\"2026-08-29T13:59:30+00:00\",\"mainEntityOfPage\":{\"@id\":\"https:\\\/\\\/www.brennerbasisdemokratie.eu\\\/?p=100151\"},\"wordCount\":839,\"commentCount\":5,\"publisher\":{\"@id\":\"https:\\\/\\\/www.brennerbasisdemokratie.eu\\\/#organization\"},\"articleSection\":[\"BBD\"],\"inLanguage\":\"en-GB\",\"potentialAction\":[{\"@type\":\"CommentAction\",\"name\":\"Comment\",\"target\":[\"https:\\\/\\\/www.brennerbasisdemokratie.eu\\\/?p=100151#respond\"]}]},{\"@type\":\"WebPage\",\"@id\":\"https:\\\/\\\/www.brennerbasisdemokratie.eu\\\/?p=100151\",\"url\":\"https:\\\/\\\/www.brennerbasisdemokratie.eu\\\/?p=100151\",\"name\":\"Rechts-nationalistisches Gerrymandering. - BBD\",\"isPartOf\":{\"@id\":\"https:\\\/\\\/www.brennerbasisdemokratie.eu\\\/#website\"},\"datePublished\":\"2026-07-14T17:36:30+00:00\",\"dateModified\":\"2026-08-29T13:59:30+00:00\",\"breadcrumb\":{\"@id\":\"https:\\\/\\\/www.brennerbasisdemokratie.eu\\\/?p=100151#breadcrumb\"},\"inLanguage\":\"en-GB\",\"potentialAction\":[{\"@type\":\"ReadAction\",\"target\":[\"https:\\\/\\\/www.brennerbasisdemokratie.eu\\\/?p=100151\"]}]},{\"@type\":\"BreadcrumbList\",\"@id\":\"https:\\\/\\\/www.brennerbasisdemokratie.eu\\\/?p=100151#breadcrumb\",\"itemListElement\":[{\"@type\":\"ListItem\",\"position\":1,\"name\":\"Home\",\"item\":\"https:\\\/\\\/www.brennerbasisdemokratie.eu\\\/\"},{\"@type\":\"ListItem\",\"position\":2,\"name\":\"Rechts-nationalistisches Gerrymandering.\"}]},{\"@type\":\"WebSite\",\"@id\":\"https:\\\/\\\/www.brennerbasisdemokratie.eu\\\/#website\",\"url\":\"https:\\\/\\\/www.brennerbasisdemokratie.eu\\\/\",\"name\":\"Brennerbasisdemokratie\",\"description\":\"linksgr\u00fcnversiffter Separatismus\",\"publisher\":{\"@id\":\"https:\\\/\\\/www.brennerbasisdemokratie.eu\\\/#organization\"},\"alternateName\":\"BBD\",\"potentialAction\":[{\"@type\":\"SearchAction\",\"target\":{\"@type\":\"EntryPoint\",\"urlTemplate\":\"https:\\\/\\\/www.brennerbasisdemokratie.eu\\\/?s={search_term_string}\"},\"query-input\":{\"@type\":\"PropertyValueSpecification\",\"valueRequired\":true,\"valueName\":\"search_term_string\"}}],\"inLanguage\":\"en-GB\"},{\"@type\":\"Organization\",\"@id\":\"https:\\\/\\\/www.brennerbasisdemokratie.eu\\\/#organization\",\"name\":\"BBD\",\"url\":\"https:\\\/\\\/www.brennerbasisdemokratie.eu\\\/\",\"logo\":{\"@type\":\"ImageObject\",\"inLanguage\":\"en-GB\",\"@id\":\"https:\\\/\\\/www.brennerbasisdemokratie.eu\\\/#\\\/schema\\\/logo\\\/image\\\/\",\"url\":\"\",\"contentUrl\":\"\",\"caption\":\"BBD\"},\"image\":{\"@id\":\"https:\\\/\\\/www.brennerbasisdemokratie.eu\\\/#\\\/schema\\\/logo\\\/image\\\/\"},\"sameAs\":[\"https:\\\/\\\/www.facebook.com\\\/Brennerbasisdemokratie\\\/\",\"https:\\\/\\\/x.com\\\/31bbd\",\"https:\\\/\\\/bsky.app\\\/profile\\\/31bbd.bsky.social\",\"https:\\\/\\\/tyrol.social\\\/@bbd\"]},{\"@type\":\"Person\",\"@id\":\"https:\\\/\\\/www.brennerbasisdemokratie.eu\\\/#\\\/schema\\\/person\\\/d02c4d1a3c6c3b2c70d7c7f27eb857ec\",\"name\":\"Simon Constantini\",\"image\":{\"@type\":\"ImageObject\",\"inLanguage\":\"en-GB\",\"@id\":\"https:\\\/\\\/secure.gravatar.com\\\/avatar\\\/48c8e5a626e54792d47a47aaa2dfe3ad32a7e03bd56f76114a8ecaae23e227ff?s=96&d=identicon&r=r\",\"url\":\"https:\\\/\\\/secure.gravatar.com\\\/avatar\\\/48c8e5a626e54792d47a47aaa2dfe3ad32a7e03bd56f76114a8ecaae23e227ff?s=96&d=identicon&r=r\",\"contentUrl\":\"https:\\\/\\\/secure.gravatar.com\\\/avatar\\\/48c8e5a626e54792d47a47aaa2dfe3ad32a7e03bd56f76114a8ecaae23e227ff?s=96&d=identicon&r=r\",\"caption\":\"Simon Constantini\"},\"sameAs\":[\"http:\\\/\\\/www.brennerbasisdemokratie.eu\\\/?author=1\"],\"url\":\"https:\\\/\\\/www.brennerbasisdemokratie.eu\\\/?author=1\"}]}<\/script>\n<!-- \/ Yoast SEO plugin. -->","yoast_head_json":{"title":"Rechts-nationalistisches Gerrymandering. - BBD","robots":{"index":"index","follow":"follow","max-snippet":"max-snippet:-1","max-image-preview":"max-image-preview:large","max-video-preview":"max-video-preview:-1"},"canonical":"https:\/\/www.brennerbasisdemokratie.eu\/?p=100151","og_locale":"en_GB","og_type":"article","og_title":"Rechts-nationalistisches Gerrymandering. - BBD","og_description":"Der in Vicenza gew\u00e4hlte S\u00fcdtiroler FdI-Abgeordnete Alessandro Urz\u00ec will die gef\u00fchlt hunderttausendste, ma\u00dfgeschneiderte Wahlrechtsreform in Italien dazu nutzen, den Senatswahlkreis Bozen-Unterland nach ethnischen und politischen Kriterien neu einzugrenzen. Gemeinden mit deutscher Bev\u00f6lkerungsmehrheit sollen ausgegliedert werden, um den Anteil der italienischen Sprachgruppe im Wahlkreis drastisch zu erh\u00f6hen und die Wahl einer italienischsprachigen Kandidatin sicherzustellen. Dies w\u00fcrde [&hellip;]","og_url":"https:\/\/www.brennerbasisdemokratie.eu\/?p=100151","og_site_name":"BBD","article_publisher":"https:\/\/www.facebook.com\/Brennerbasisdemokratie\/","article_published_time":"2026-07-14T17:36:30+00:00","article_modified_time":"2026-08-29T13:59:30+00:00","og_image":[{"width":1200,"height":630,"url":"https:\/\/www.brennerbasisdemokratie.eu\/wp-content\/uploads\/2026\/08\/bbd-defaultimage.png","type":"image\/png"}],"author":"Simon Constantini","twitter_card":"summary_large_image","twitter_creator":"@31bbd","twitter_site":"@31bbd","twitter_misc":{"Written by":"Simon Constantini","Estimated reading time":"4 minutes"},"schema":{"@context":"https:\/\/schema.org","@graph":[{"@type":"Article","@id":"https:\/\/www.brennerbasisdemokratie.eu\/?p=100151#article","isPartOf":{"@id":"https:\/\/www.brennerbasisdemokratie.eu\/?p=100151"},"author":{"name":"Simon Constantini","@id":"https:\/\/www.brennerbasisdemokratie.eu\/#\/schema\/person\/d02c4d1a3c6c3b2c70d7c7f27eb857ec"},"headline":"Rechts-nationalistisches Gerrymandering.","datePublished":"2026-07-14T17:36:30+00:00","dateModified":"2026-08-29T13:59:30+00:00","mainEntityOfPage":{"@id":"https:\/\/www.brennerbasisdemokratie.eu\/?p=100151"},"wordCount":839,"commentCount":5,"publisher":{"@id":"https:\/\/www.brennerbasisdemokratie.eu\/#organization"},"articleSection":["BBD"],"inLanguage":"en-GB","potentialAction":[{"@type":"CommentAction","name":"Comment","target":["https:\/\/www.brennerbasisdemokratie.eu\/?p=100151#respond"]}]},{"@type":"WebPage","@id":"https:\/\/www.brennerbasisdemokratie.eu\/?p=100151","url":"https:\/\/www.brennerbasisdemokratie.eu\/?p=100151","name":"Rechts-nationalistisches Gerrymandering. - BBD","isPartOf":{"@id":"https:\/\/www.brennerbasisdemokratie.eu\/#website"},"datePublished":"2026-07-14T17:36:30+00:00","dateModified":"2026-08-29T13:59:30+00:00","breadcrumb":{"@id":"https:\/\/www.brennerbasisdemokratie.eu\/?p=100151#breadcrumb"},"inLanguage":"en-GB","potentialAction":[{"@type":"ReadAction","target":["https:\/\/www.brennerbasisdemokratie.eu\/?p=100151"]}]},{"@type":"BreadcrumbList","@id":"https:\/\/www.brennerbasisdemokratie.eu\/?p=100151#breadcrumb","itemListElement":[{"@type":"ListItem","position":1,"name":"Home","item":"https:\/\/www.brennerbasisdemokratie.eu\/"},{"@type":"ListItem","position":2,"name":"Rechts-nationalistisches Gerrymandering."}]},{"@type":"WebSite","@id":"https:\/\/www.brennerbasisdemokratie.eu\/#website","url":"https:\/\/www.brennerbasisdemokratie.eu\/","name":"Brennerbasisdemokratie","description":"linksgr\u00fcnversiffter Separatismus","publisher":{"@id":"https:\/\/www.brennerbasisdemokratie.eu\/#organization"},"alternateName":"BBD","potentialAction":[{"@type":"SearchAction","target":{"@type":"EntryPoint","urlTemplate":"https:\/\/www.brennerbasisdemokratie.eu\/?s={search_term_string}"},"query-input":{"@type":"PropertyValueSpecification","valueRequired":true,"valueName":"search_term_string"}}],"inLanguage":"en-GB"},{"@type":"Organization","@id":"https:\/\/www.brennerbasisdemokratie.eu\/#organization","name":"BBD","url":"https:\/\/www.brennerbasisdemokratie.eu\/","logo":{"@type":"ImageObject","inLanguage":"en-GB","@id":"https:\/\/www.brennerbasisdemokratie.eu\/#\/schema\/logo\/image\/","url":"","contentUrl":"","caption":"BBD"},"image":{"@id":"https:\/\/www.brennerbasisdemokratie.eu\/#\/schema\/logo\/image\/"},"sameAs":["https:\/\/www.facebook.com\/Brennerbasisdemokratie\/","https:\/\/x.com\/31bbd","https:\/\/bsky.app\/profile\/31bbd.bsky.social","https:\/\/tyrol.social\/@bbd"]},{"@type":"Person","@id":"https:\/\/www.brennerbasisdemokratie.eu\/#\/schema\/person\/d02c4d1a3c6c3b2c70d7c7f27eb857ec","name":"Simon Constantini","image":{"@type":"ImageObject","inLanguage":"en-GB","@id":"https:\/\/secure.gravatar.com\/avatar\/48c8e5a626e54792d47a47aaa2dfe3ad32a7e03bd56f76114a8ecaae23e227ff?s=96&d=identicon&r=r","url":"https:\/\/secure.gravatar.com\/avatar\/48c8e5a626e54792d47a47aaa2dfe3ad32a7e03bd56f76114a8ecaae23e227ff?s=96&d=identicon&r=r","contentUrl":"https:\/\/secure.gravatar.com\/avatar\/48c8e5a626e54792d47a47aaa2dfe3ad32a7e03bd56f76114a8ecaae23e227ff?s=96&d=identicon&r=r","caption":"Simon Constantini"},"sameAs":["http:\/\/www.brennerbasisdemokratie.eu\/?author=1"],"url":"https:\/\/www.brennerbasisdemokratie.eu\/?author=1"}]}},"jetpack_sharing_enabled":true,"jetpack_featured_media_url":"","_links":{"self":[{"href":"https:\/\/www.brennerbasisdemokratie.eu\/index.php?rest_route=\/wp\/v2\/posts\/100151","targetHints":{"allow":["GET"]}}],"collection":[{"href":"https:\/\/www.brennerbasisdemokratie.eu\/index.php?rest_route=\/wp\/v2\/posts"}],"about":[{"href":"https:\/\/www.brennerbasisdemokratie.eu\/index.php?rest_route=\/wp\/v2\/types\/post"}],"author":[{"embeddable":true,"href":"https:\/\/www.brennerbasisdemokratie.eu\/index.php?rest_route=\/wp\/v2\/users\/1"}],"replies":[{"embeddable":true,"href":"https:\/\/www.brennerbasisdemokratie.eu\/index.php?rest_route=%2Fwp%2Fv2%2Fcomments&post=100151"}],"version-history":[{"count":17,"href":"https:\/\/www.brennerbasisdemokratie.eu\/index.php?rest_route=\/wp\/v2\/posts\/100151\/revisions"}],"predecessor-version":[{"id":100153,"href":"https:\/\/www.brennerbasisdemokratie.eu\/index.php?rest_route=\/wp\/v2\/posts\/100151\/revisions\/100153"}],"wp:attachment":[{"href":"https:\/\/www.brennerbasisdemokratie.eu\/index.php?rest_route=%2Fwp%2Fv2%2Fmedia&parent=100151"}],"wp:term":[{"taxonomy":"category","embeddable":true,"href":"https:\/\/www.brennerbasisdemokratie.eu\/index.php?rest_route=%2Fwp%2Fv2%2Fcategories&post=100151"},{"taxonomy":"post_tag","embeddable":true,"href":"https:\/\/www.brennerbasisdemokratie.eu\/index.php?rest_route=%2Fwp%2Fv2%2Ftags&post=100151"}],"curies":[{"name":"wp","href":"https:\/\/api.w.org\/{rel}","templated":true}]}}