{"id":101053,"date":"2026-08-30T22:50:48","date_gmt":"2026-08-30T20:50:48","guid":{"rendered":"https:\/\/www.brennerbasisdemokratie.eu\/?p=101053"},"modified":"2026-08-30T23:17:41","modified_gmt":"2026-08-30T21:17:41","slug":"familienbande","status":"publish","type":"post","link":"https:\/\/www.brennerbasisdemokratie.eu\/?p=101053","title":{"rendered":"Familienbande."},"content":{"rendered":"<p>Vor wenigen Monaten ist der Ressort- und Amtsdirektor f\u00fcr italienische Kultur Antonio Lampis nach 29 Dienstjahren in der Landesverwaltung in den Ruhestand getreten. Wie nun Valentino Liberto f\u00fcr <em>Salto<\/em> detailreich <a href=\"https:\/\/salto.bz\/it\/article\/28082026\/giovannetti-new-lampis\">nachzeichnete<\/a>, tritt mit Gabriele Giovannetti Melchiorri ausgerechnet der Stiefsohn von Alessandro Urz\u00ec (<abbr title=\"Fratelli d\u2019Italia\">FdI<\/abbr>) in Lampis&#8217; Fu\u00dfstapfen. Damit wird er zum h\u00f6chsten Beamten im Zust\u00e4ndigkeitsbereich eines Parteikollegen von Urz\u00ec, <abbr title=\"Landeshauptmann\/-frau\">LH<\/abbr>-Vize Marco Galateo.<\/p>\n<p>Dass auch die Gesinnung stimmt, zeigt die Tatsache, dass es Giovannetti Melchiorri 2015 f\u00fcr die Kleinpartei <em>A. Adige nel cuore<\/em> (AAnC) von Urz\u00ec in den Bozner Gemeinderat schaffte \u2014 bevor er 2020, als AAnC mit FdI fusionierte, als Spitzenkandidat der rechten Liste <em>Oltre\/Weiter<\/em>&nbsp;wiedergew\u00e4hlt wurde.<\/p>\n<p>Giovannetti Melchiorri kam \u00fcbrigens nicht \u00fcber den ordentlichen Auswahlweg zu seinem neuen Job als Ressortdirektor. Vielmehr griff die Landesregierung auf die M\u00f6glichkeit einer Berufung von au\u00dfen zur\u00fcck. Nach dem geltenden Landesrecht setzt diese eine besondere und nachgewiesene berufliche Qualifikation voraus, die beim bereits vorhandenen Personal nicht vorhanden ist.<\/p>\n<p>Laut <em>Salto<\/em> hatte Galateo Giovannetti Melchiorri bereits seit Beginn der Legislaturperiode als seinen Wunschkandidaten f\u00fcr die Ressortleitung im Auge. Bei der ersten externen Ausschreibung meldeten sich zwei Bewerberinnen aus dem \u00f6ffentlichen Dienst. Galateo widerrief das Verfahren. Erst nach einer Wiederholung kam es nun \u2014 dank besonderer Qualifikation des Kandidaten \u2013 zur erw\u00fcnschten Ernennung.<\/p>\n<p><small><em>Hinweis: Ob Giovannetti Melchiorri auch im rechtlichen Sinn Stiefsohn von Alessandro Urz\u00ec ist, entzieht sich meiner Kenntnis.<\/em><\/small><\/p>\n<p><strong><span style=\"font-family: Helvetica, Arial, sans-serif; text-transform: uppercase;\">C\u00ebla enghe:<\/span><\/strong> <a title=\"Das Haydn-Orchester italianisieren.\" href=\"https:\/\/www.brennerbasisdemokratie.eu\/?p=86785\"><code>01<\/code><\/a> <a title=\"Amt bescheinigt Noiland mangelnde Italianit\u00e4t.\" href=\"https:\/\/www.brennerbasisdemokratie.eu\/?p=88261\"><code>02<\/code><\/a> <a title=\"Landeshauptmann Urz\u00ec.\" href=\"https:\/\/www.brennerbasisdemokratie.eu\/?p=33960\"><code>03<\/code><\/a><\/p>","protected":false},"excerpt":{"rendered":"<p>Vor wenigen Monaten ist der Ressort- und Amtsdirektor f\u00fcr italienische Kultur Antonio Lampis nach 29 Dienstjahren in der Landesverwaltung in den Ruhestand getreten. Wie nun Valentino Liberto f\u00fcr Salto detailreich nachzeichnete, tritt mit Gabriele Giovannetti Melchiorri ausgerechnet der Stiefsohn von Alessandro Urz\u00ec (FdI) in Lampis&#8217; Fu\u00dfstapfen. Damit wird er zum h\u00f6chsten Beamten im Zust\u00e4ndigkeitsbereich eines [&hellip;]<\/p>","protected":false},"author":1,"featured_media":0,"comment_status":"open","ping_status":"open","sticky":false,"template":"","format":"standard","meta":{"ngg_post_thumbnail":0,"_jetpack_newsletter_access":"","_jetpack_dont_email_post_to_subs":false,"_jetpack_newsletter_tier_id":0,"_jetpack_memberships_contains_paywalled_content":false,"_jetpack_memberships_contains_paid_content":false,"footnotes":""},"categories":[1],"tags":[],"class_list":["post-101053","post","type-post","status-publish","format-standard","hentry","category-allgemein","entity-burgerlisten","entity-fdi","entity-land-sudtirol","entity-landesregierung","issue-gemeindewahl-2015","issue-gemeindewahl-2020","location-sudtirolo","language-deutsch","medium-salto","person-alessandro-urzi","person-marco-galateo","topic-politik","topic-transparenz"],"yoast_head":"<!-- This site is optimized with the Yoast SEO plugin v28.3 - https:\/\/yoast.com\/product\/yoast-seo-wordpress\/ -->\n<title>Familienbande. - BBD<\/title>\n<meta name=\"robots\" content=\"index, follow, max-snippet:-1, max-image-preview:large, max-video-preview:-1\" \/>\n<link rel=\"canonical\" href=\"https:\/\/www.brennerbasisdemokratie.eu\/?p=101053\" \/>\n<meta property=\"og:locale\" content=\"en_GB\" \/>\n<meta property=\"og:type\" content=\"article\" \/>\n<meta property=\"og:title\" content=\"Familienbande. - BBD\" \/>\n<meta property=\"og:description\" content=\"Vor wenigen Monaten ist der Ressort- und Amtsdirektor f\u00fcr italienische Kultur Antonio Lampis nach 29 Dienstjahren in der Landesverwaltung in den Ruhestand getreten. Wie nun Valentino Liberto f\u00fcr Salto detailreich nachzeichnete, tritt mit Gabriele Giovannetti Melchiorri ausgerechnet der Stiefsohn von Alessandro Urz\u00ec (FdI) in Lampis&#8217; Fu\u00dfstapfen. Damit wird er zum h\u00f6chsten Beamten im Zust\u00e4ndigkeitsbereich eines [&hellip;]\" \/>\n<meta property=\"og:url\" content=\"https:\/\/www.brennerbasisdemokratie.eu\/?p=101053\" \/>\n<meta property=\"og:site_name\" content=\"BBD\" \/>\n<meta property=\"article:publisher\" content=\"https:\/\/www.facebook.com\/Brennerbasisdemokratie\/\" \/>\n<meta property=\"article:published_time\" content=\"2026-08-30T20:50:48+00:00\" \/>\n<meta property=\"article:modified_time\" content=\"2026-08-30T21:17:41+00:00\" \/>\n<meta property=\"og:image\" content=\"https:\/\/www.brennerbasisdemokratie.eu\/wp-content\/uploads\/2026\/08\/bbd-defaultimage.png\" \/>\n\t<meta property=\"og:image:width\" content=\"1200\" \/>\n\t<meta property=\"og:image:height\" content=\"630\" \/>\n\t<meta property=\"og:image:type\" content=\"image\/png\" \/>\n<meta name=\"author\" content=\"Simon Constantini\" \/>\n<meta name=\"twitter:card\" content=\"summary_large_image\" \/>\n<meta name=\"twitter:creator\" content=\"@31bbd\" \/>\n<meta name=\"twitter:site\" content=\"@31bbd\" \/>\n<meta name=\"twitter:label1\" content=\"Written by\" \/>\n\t<meta name=\"twitter:data1\" content=\"Simon Constantini\" \/>\n\t<meta name=\"twitter:label2\" content=\"Estimated reading time\" \/>\n\t<meta name=\"twitter:data2\" content=\"1 minute\" \/>\n<script type=\"application\/ld+json\" class=\"yoast-schema-graph\">{\"@context\":\"https:\\\/\\\/schema.org\",\"@graph\":[{\"@type\":\"Article\",\"@id\":\"https:\\\/\\\/www.brennerbasisdemokratie.eu\\\/?p=101053#article\",\"isPartOf\":{\"@id\":\"https:\\\/\\\/www.brennerbasisdemokratie.eu\\\/?p=101053\"},\"author\":{\"name\":\"Simon Constantini\",\"@id\":\"https:\\\/\\\/www.brennerbasisdemokratie.eu\\\/#\\\/schema\\\/person\\\/d02c4d1a3c6c3b2c70d7c7f27eb857ec\"},\"headline\":\"Familienbande.\",\"datePublished\":\"2026-08-30T20:50:48+00:00\",\"dateModified\":\"2026-08-30T21:17:41+00:00\",\"mainEntityOfPage\":{\"@id\":\"https:\\\/\\\/www.brennerbasisdemokratie.eu\\\/?p=101053\"},\"wordCount\":236,\"commentCount\":0,\"publisher\":{\"@id\":\"https:\\\/\\\/www.brennerbasisdemokratie.eu\\\/#organization\"},\"articleSection\":[\"BBD\"],\"inLanguage\":\"en-GB\",\"potentialAction\":[{\"@type\":\"CommentAction\",\"name\":\"Comment\",\"target\":[\"https:\\\/\\\/www.brennerbasisdemokratie.eu\\\/?p=101053#respond\"]}]},{\"@type\":\"WebPage\",\"@id\":\"https:\\\/\\\/www.brennerbasisdemokratie.eu\\\/?p=101053\",\"url\":\"https:\\\/\\\/www.brennerbasisdemokratie.eu\\\/?p=101053\",\"name\":\"Familienbande. - BBD\",\"isPartOf\":{\"@id\":\"https:\\\/\\\/www.brennerbasisdemokratie.eu\\\/#website\"},\"datePublished\":\"2026-08-30T20:50:48+00:00\",\"dateModified\":\"2026-08-30T21:17:41+00:00\",\"breadcrumb\":{\"@id\":\"https:\\\/\\\/www.brennerbasisdemokratie.eu\\\/?p=101053#breadcrumb\"},\"inLanguage\":\"en-GB\",\"potentialAction\":[{\"@type\":\"ReadAction\",\"target\":[\"https:\\\/\\\/www.brennerbasisdemokratie.eu\\\/?p=101053\"]}]},{\"@type\":\"BreadcrumbList\",\"@id\":\"https:\\\/\\\/www.brennerbasisdemokratie.eu\\\/?p=101053#breadcrumb\",\"itemListElement\":[{\"@type\":\"ListItem\",\"position\":1,\"name\":\"Home\",\"item\":\"https:\\\/\\\/www.brennerbasisdemokratie.eu\\\/\"},{\"@type\":\"ListItem\",\"position\":2,\"name\":\"Familienbande.\"}]},{\"@type\":\"WebSite\",\"@id\":\"https:\\\/\\\/www.brennerbasisdemokratie.eu\\\/#website\",\"url\":\"https:\\\/\\\/www.brennerbasisdemokratie.eu\\\/\",\"name\":\"Brennerbasisdemokratie\",\"description\":\"linksgr\u00fcnversiffter Separatismus\",\"publisher\":{\"@id\":\"https:\\\/\\\/www.brennerbasisdemokratie.eu\\\/#organization\"},\"alternateName\":\"BBD\",\"potentialAction\":[{\"@type\":\"SearchAction\",\"target\":{\"@type\":\"EntryPoint\",\"urlTemplate\":\"https:\\\/\\\/www.brennerbasisdemokratie.eu\\\/?s={search_term_string}\"},\"query-input\":{\"@type\":\"PropertyValueSpecification\",\"valueRequired\":true,\"valueName\":\"search_term_string\"}}],\"inLanguage\":\"en-GB\"},{\"@type\":\"Organization\",\"@id\":\"https:\\\/\\\/www.brennerbasisdemokratie.eu\\\/#organization\",\"name\":\"BBD\",\"url\":\"https:\\\/\\\/www.brennerbasisdemokratie.eu\\\/\",\"logo\":{\"@type\":\"ImageObject\",\"inLanguage\":\"en-GB\",\"@id\":\"https:\\\/\\\/www.brennerbasisdemokratie.eu\\\/#\\\/schema\\\/logo\\\/image\\\/\",\"url\":\"\",\"contentUrl\":\"\",\"caption\":\"BBD\"},\"image\":{\"@id\":\"https:\\\/\\\/www.brennerbasisdemokratie.eu\\\/#\\\/schema\\\/logo\\\/image\\\/\"},\"sameAs\":[\"https:\\\/\\\/www.facebook.com\\\/Brennerbasisdemokratie\\\/\",\"https:\\\/\\\/x.com\\\/31bbd\",\"https:\\\/\\\/bsky.app\\\/profile\\\/31bbd.bsky.social\",\"https:\\\/\\\/tyrol.social\\\/@bbd\"]},{\"@type\":\"Person\",\"@id\":\"https:\\\/\\\/www.brennerbasisdemokratie.eu\\\/#\\\/schema\\\/person\\\/d02c4d1a3c6c3b2c70d7c7f27eb857ec\",\"name\":\"Simon Constantini\",\"image\":{\"@type\":\"ImageObject\",\"inLanguage\":\"en-GB\",\"@id\":\"https:\\\/\\\/secure.gravatar.com\\\/avatar\\\/48c8e5a626e54792d47a47aaa2dfe3ad32a7e03bd56f76114a8ecaae23e227ff?s=96&d=identicon&r=r\",\"url\":\"https:\\\/\\\/secure.gravatar.com\\\/avatar\\\/48c8e5a626e54792d47a47aaa2dfe3ad32a7e03bd56f76114a8ecaae23e227ff?s=96&d=identicon&r=r\",\"contentUrl\":\"https:\\\/\\\/secure.gravatar.com\\\/avatar\\\/48c8e5a626e54792d47a47aaa2dfe3ad32a7e03bd56f76114a8ecaae23e227ff?s=96&d=identicon&r=r\",\"caption\":\"Simon Constantini\"},\"sameAs\":[\"http:\\\/\\\/www.brennerbasisdemokratie.eu\\\/?author=1\"],\"url\":\"https:\\\/\\\/www.brennerbasisdemokratie.eu\\\/?author=1\"}]}<\/script>\n<!-- \/ Yoast SEO plugin. -->","yoast_head_json":{"title":"Familienbande. - BBD","robots":{"index":"index","follow":"follow","max-snippet":"max-snippet:-1","max-image-preview":"max-image-preview:large","max-video-preview":"max-video-preview:-1"},"canonical":"https:\/\/www.brennerbasisdemokratie.eu\/?p=101053","og_locale":"en_GB","og_type":"article","og_title":"Familienbande. - BBD","og_description":"Vor wenigen Monaten ist der Ressort- und Amtsdirektor f\u00fcr italienische Kultur Antonio Lampis nach 29 Dienstjahren in der Landesverwaltung in den Ruhestand getreten. Wie nun Valentino Liberto f\u00fcr Salto detailreich nachzeichnete, tritt mit Gabriele Giovannetti Melchiorri ausgerechnet der Stiefsohn von Alessandro Urz\u00ec (FdI) in Lampis&#8217; Fu\u00dfstapfen. Damit wird er zum h\u00f6chsten Beamten im Zust\u00e4ndigkeitsbereich eines [&hellip;]","og_url":"https:\/\/www.brennerbasisdemokratie.eu\/?p=101053","og_site_name":"BBD","article_publisher":"https:\/\/www.facebook.com\/Brennerbasisdemokratie\/","article_published_time":"2026-08-30T20:50:48+00:00","article_modified_time":"2026-08-30T21:17:41+00:00","og_image":[{"width":1200,"height":630,"url":"https:\/\/www.brennerbasisdemokratie.eu\/wp-content\/uploads\/2026\/08\/bbd-defaultimage.png","type":"image\/png"}],"author":"Simon Constantini","twitter_card":"summary_large_image","twitter_creator":"@31bbd","twitter_site":"@31bbd","twitter_misc":{"Written by":"Simon Constantini","Estimated reading time":"1 minute"},"schema":{"@context":"https:\/\/schema.org","@graph":[{"@type":"Article","@id":"https:\/\/www.brennerbasisdemokratie.eu\/?p=101053#article","isPartOf":{"@id":"https:\/\/www.brennerbasisdemokratie.eu\/?p=101053"},"author":{"name":"Simon Constantini","@id":"https:\/\/www.brennerbasisdemokratie.eu\/#\/schema\/person\/d02c4d1a3c6c3b2c70d7c7f27eb857ec"},"headline":"Familienbande.","datePublished":"2026-08-30T20:50:48+00:00","dateModified":"2026-08-30T21:17:41+00:00","mainEntityOfPage":{"@id":"https:\/\/www.brennerbasisdemokratie.eu\/?p=101053"},"wordCount":236,"commentCount":0,"publisher":{"@id":"https:\/\/www.brennerbasisdemokratie.eu\/#organization"},"articleSection":["BBD"],"inLanguage":"en-GB","potentialAction":[{"@type":"CommentAction","name":"Comment","target":["https:\/\/www.brennerbasisdemokratie.eu\/?p=101053#respond"]}]},{"@type":"WebPage","@id":"https:\/\/www.brennerbasisdemokratie.eu\/?p=101053","url":"https:\/\/www.brennerbasisdemokratie.eu\/?p=101053","name":"Familienbande. - BBD","isPartOf":{"@id":"https:\/\/www.brennerbasisdemokratie.eu\/#website"},"datePublished":"2026-08-30T20:50:48+00:00","dateModified":"2026-08-30T21:17:41+00:00","breadcrumb":{"@id":"https:\/\/www.brennerbasisdemokratie.eu\/?p=101053#breadcrumb"},"inLanguage":"en-GB","potentialAction":[{"@type":"ReadAction","target":["https:\/\/www.brennerbasisdemokratie.eu\/?p=101053"]}]},{"@type":"BreadcrumbList","@id":"https:\/\/www.brennerbasisdemokratie.eu\/?p=101053#breadcrumb","itemListElement":[{"@type":"ListItem","position":1,"name":"Home","item":"https:\/\/www.brennerbasisdemokratie.eu\/"},{"@type":"ListItem","position":2,"name":"Familienbande."}]},{"@type":"WebSite","@id":"https:\/\/www.brennerbasisdemokratie.eu\/#website","url":"https:\/\/www.brennerbasisdemokratie.eu\/","name":"Brennerbasisdemokratie","description":"linksgr\u00fcnversiffter Separatismus","publisher":{"@id":"https:\/\/www.brennerbasisdemokratie.eu\/#organization"},"alternateName":"BBD","potentialAction":[{"@type":"SearchAction","target":{"@type":"EntryPoint","urlTemplate":"https:\/\/www.brennerbasisdemokratie.eu\/?s={search_term_string}"},"query-input":{"@type":"PropertyValueSpecification","valueRequired":true,"valueName":"search_term_string"}}],"inLanguage":"en-GB"},{"@type":"Organization","@id":"https:\/\/www.brennerbasisdemokratie.eu\/#organization","name":"BBD","url":"https:\/\/www.brennerbasisdemokratie.eu\/","logo":{"@type":"ImageObject","inLanguage":"en-GB","@id":"https:\/\/www.brennerbasisdemokratie.eu\/#\/schema\/logo\/image\/","url":"","contentUrl":"","caption":"BBD"},"image":{"@id":"https:\/\/www.brennerbasisdemokratie.eu\/#\/schema\/logo\/image\/"},"sameAs":["https:\/\/www.facebook.com\/Brennerbasisdemokratie\/","https:\/\/x.com\/31bbd","https:\/\/bsky.app\/profile\/31bbd.bsky.social","https:\/\/tyrol.social\/@bbd"]},{"@type":"Person","@id":"https:\/\/www.brennerbasisdemokratie.eu\/#\/schema\/person\/d02c4d1a3c6c3b2c70d7c7f27eb857ec","name":"Simon Constantini","image":{"@type":"ImageObject","inLanguage":"en-GB","@id":"https:\/\/secure.gravatar.com\/avatar\/48c8e5a626e54792d47a47aaa2dfe3ad32a7e03bd56f76114a8ecaae23e227ff?s=96&d=identicon&r=r","url":"https:\/\/secure.gravatar.com\/avatar\/48c8e5a626e54792d47a47aaa2dfe3ad32a7e03bd56f76114a8ecaae23e227ff?s=96&d=identicon&r=r","contentUrl":"https:\/\/secure.gravatar.com\/avatar\/48c8e5a626e54792d47a47aaa2dfe3ad32a7e03bd56f76114a8ecaae23e227ff?s=96&d=identicon&r=r","caption":"Simon Constantini"},"sameAs":["http:\/\/www.brennerbasisdemokratie.eu\/?author=1"],"url":"https:\/\/www.brennerbasisdemokratie.eu\/?author=1"}]}},"jetpack_sharing_enabled":true,"jetpack_featured_media_url":"","_links":{"self":[{"href":"https:\/\/www.brennerbasisdemokratie.eu\/index.php?rest_route=\/wp\/v2\/posts\/101053","targetHints":{"allow":["GET"]}}],"collection":[{"href":"https:\/\/www.brennerbasisdemokratie.eu\/index.php?rest_route=\/wp\/v2\/posts"}],"about":[{"href":"https:\/\/www.brennerbasisdemokratie.eu\/index.php?rest_route=\/wp\/v2\/types\/post"}],"author":[{"embeddable":true,"href":"https:\/\/www.brennerbasisdemokratie.eu\/index.php?rest_route=\/wp\/v2\/users\/1"}],"replies":[{"embeddable":true,"href":"https:\/\/www.brennerbasisdemokratie.eu\/index.php?rest_route=%2Fwp%2Fv2%2Fcomments&post=101053"}],"version-history":[{"count":7,"href":"https:\/\/www.brennerbasisdemokratie.eu\/index.php?rest_route=\/wp\/v2\/posts\/101053\/revisions"}],"predecessor-version":[{"id":101060,"href":"https:\/\/www.brennerbasisdemokratie.eu\/index.php?rest_route=\/wp\/v2\/posts\/101053\/revisions\/101060"}],"wp:attachment":[{"href":"https:\/\/www.brennerbasisdemokratie.eu\/index.php?rest_route=%2Fwp%2Fv2%2Fmedia&parent=101053"}],"wp:term":[{"taxonomy":"category","embeddable":true,"href":"https:\/\/www.brennerbasisdemokratie.eu\/index.php?rest_route=%2Fwp%2Fv2%2Fcategories&post=101053"},{"taxonomy":"post_tag","embeddable":true,"href":"https:\/\/www.brennerbasisdemokratie.eu\/index.php?rest_route=%2Fwp%2Fv2%2Ftags&post=101053"}],"curies":[{"name":"wp","href":"https:\/\/api.w.org\/{rel}","templated":true}]}}