{"id":101064,"date":"2026-08-31T14:14:01","date_gmt":"2026-08-31T12:14:01","guid":{"rendered":"https:\/\/www.brennerbasisdemokratie.eu\/?p=101064"},"modified":"2026-08-31T14:37:32","modified_gmt":"2026-08-31T12:37:32","slug":"im-sinne-des-gemeinwohls","status":"publish","type":"post","link":"https:\/\/www.brennerbasisdemokratie.eu\/?p=101064","title":{"rendered":"Im Sinne des Gemeinwohls."},"content":{"rendered":"<blockquote><p>[Es hat] einen grundlegenden Wertewandel in der Gesellschaft gegeben, von einer Orientierung an Pflichten und Verantwortung f\u00fcr die Gemeinschaft hin zu einer radikalen Individualisierung, in der es vor allem um Selbstverwirklichung geht. Politik wird folglich mit den Augen von Konsumenten betrachtet und bewertet: Was bietet sie mir, wer n\u00fctzt meinen Interessen am meisten, welche \u201eMarke\u201c passt am besten zu mir? Da die Aufgabe der Politik jedoch darin besteht, allen im Sinn des Gemeinwohls bestimmte Opfer abzuverlangen, [&#8230;], ist die Entt\u00e4uschung unausweichlich. [Die] herrschende Politik muss [&#8230;] wieder Ziele f\u00fcr die Gesamtgesellschaft im Land und weltweit formulieren und realistische Wege aufzeigen, wie diese zu erreichen sind. Daf\u00fcr wird es notwendig sein, weniger auf gut organisierte Interessensgruppen zu h\u00f6ren und keine Versprechen zu geben, die nach den Wahlen nicht einl\u00f6sbar sind. Und die W\u00e4hlerinnen und W\u00e4hler m\u00fcssen genau hinhorchen und abw\u00e4gen, wem sie wirklich glauben und ihr Vertrauen schenken.<\/p><\/blockquote>\n<p><em>Hermann Atz 2023 in einem Essay f\u00fcr das <a title=\"\" href=\"https:\/\/www.iflow.it\/kompass\/download\/A1237\/Kompass%20September%202023.pdf\">Magazin &#8220;Kompass&#8221;<\/a><\/em><\/p>\n<p>Der Politikwissenschaftler und Mitbegr\u00fcnder des <a title=\"\" href=\"https:\/\/apollis.it\/\">Sozial- und Marktforschungsinstituts Apollis<\/a>, Hermann Atz (73), ist am vergangenen Samstagnachmittag bei einem Kletterunfall in den Dolomiten ums Leben gekommen. Atz war eine Stimme der Sachlichkeit im h\u00e4ufig von Polemik dominierten Politbetrieb. Er war eine Stimme der Besonnenheit in einer marktschreierischen Welt. Durch seine Forschungen und Erhebungen hat er wesentlich dazu beigetragen, dass es in S\u00fcdtirol in vielen Bereichen belastbares Datenmaterial gibt. Auch <img class=\"bbdlogo\" src=\"https:\/\/www.brennerbasisdemokratie.eu\/wp-content\/uploads\/bbdsmileys\/bbde.png\"> hat immer wieder auf Zahlen und Studien von Hermann Atz zur\u00fcckgegriffen. S\u00fcdtirol verliert mit ihm einen hervorragenden Wissenschaftler und einen kritisch-neutralen Kommentator. R.I.P.<\/p>\n<p><strong><span style=\"font-family: Helvetica, Arial, sans-serif; text-transform: uppercase;\">C\u00ebla enghe:<\/span><\/strong> <a title=\"\" href=\"https:\/\/www.brennerbasisdemokratie.eu\/?p=100734\"><code>01<\/code><\/a> <a title=\"\" href=\"https:\/\/www.brennerbasisdemokratie.eu\/?p=67091\"><code>02<\/code><\/a><\/p>","protected":false},"excerpt":{"rendered":"<p>[Es hat] einen grundlegenden Wertewandel in der Gesellschaft gegeben, von einer Orientierung an Pflichten und Verantwortung f\u00fcr die Gemeinschaft hin zu einer radikalen Individualisierung, in der es vor allem um Selbstverwirklichung geht. Politik wird folglich mit den Augen von Konsumenten betrachtet und bewertet: Was bietet sie mir, wer n\u00fctzt meinen Interessen am meisten, welche \u201eMarke\u201c [&hellip;]<\/p>","protected":false},"author":8,"featured_media":0,"comment_status":"open","ping_status":"open","sticky":false,"template":"","format":"standard","meta":{"ngg_post_thumbnail":0,"_jetpack_newsletter_access":"","_jetpack_dont_email_post_to_subs":false,"_jetpack_newsletter_tier_id":0,"_jetpack_memberships_contains_paywalled_content":false,"_jetpack_memberships_contains_paid_content":false,"footnotes":""},"categories":[1],"tags":[],"class_list":["post-101064","post","type-post","status-publish","format-standard","hentry","category-allgemein","entity-apollis","issue-quotation","location-sudtirolo","language-deutsch","person-hermann-atz","topic-democrazia","topic-medien","topic-politik","topic-wissenschaft"],"yoast_head":"<!-- This site is optimized with the Yoast SEO plugin v28.3 - https:\/\/yoast.com\/product\/yoast-seo-wordpress\/ -->\n<title>Im Sinne des Gemeinwohls. - BBD<\/title>\n<meta name=\"robots\" content=\"index, follow, max-snippet:-1, max-image-preview:large, max-video-preview:-1\" \/>\n<link rel=\"canonical\" href=\"https:\/\/www.brennerbasisdemokratie.eu\/?p=101064\" \/>\n<meta property=\"og:locale\" content=\"en_GB\" \/>\n<meta property=\"og:type\" content=\"article\" \/>\n<meta property=\"og:title\" content=\"Im Sinne des Gemeinwohls. - BBD\" \/>\n<meta property=\"og:description\" content=\"[Es hat] einen grundlegenden Wertewandel in der Gesellschaft gegeben, von einer Orientierung an Pflichten und Verantwortung f\u00fcr die Gemeinschaft hin zu einer radikalen Individualisierung, in der es vor allem um Selbstverwirklichung geht. Politik wird folglich mit den Augen von Konsumenten betrachtet und bewertet: Was bietet sie mir, wer n\u00fctzt meinen Interessen am meisten, welche \u201eMarke\u201c [&hellip;]\" \/>\n<meta property=\"og:url\" content=\"https:\/\/www.brennerbasisdemokratie.eu\/?p=101064\" \/>\n<meta property=\"og:site_name\" content=\"BBD\" \/>\n<meta property=\"article:publisher\" content=\"https:\/\/www.facebook.com\/Brennerbasisdemokratie\/\" \/>\n<meta property=\"article:published_time\" content=\"2026-08-31T12:14:01+00:00\" \/>\n<meta property=\"article:modified_time\" content=\"2026-08-31T12:37:32+00:00\" \/>\n<meta property=\"og:image\" content=\"https:\/\/www.brennerbasisdemokratie.eu\/wp-content\/uploads\/2026\/08\/bbd-defaultimage.png\" \/>\n\t<meta property=\"og:image:width\" content=\"1200\" \/>\n\t<meta property=\"og:image:height\" content=\"630\" \/>\n\t<meta property=\"og:image:type\" content=\"image\/png\" \/>\n<meta name=\"author\" content=\"Harald Knoflach\" \/>\n<meta name=\"twitter:card\" content=\"summary_large_image\" \/>\n<meta name=\"twitter:creator\" content=\"@31bbd\" \/>\n<meta name=\"twitter:site\" content=\"@31bbd\" \/>\n<meta name=\"twitter:label1\" content=\"Written by\" \/>\n\t<meta name=\"twitter:data1\" content=\"Harald Knoflach\" \/>\n\t<meta name=\"twitter:label2\" content=\"Estimated reading time\" \/>\n\t<meta name=\"twitter:data2\" content=\"1 minute\" \/>\n<script type=\"application\/ld+json\" class=\"yoast-schema-graph\">{\"@context\":\"https:\\\/\\\/schema.org\",\"@graph\":[{\"@type\":\"Article\",\"@id\":\"https:\\\/\\\/www.brennerbasisdemokratie.eu\\\/?p=101064#article\",\"isPartOf\":{\"@id\":\"https:\\\/\\\/www.brennerbasisdemokratie.eu\\\/?p=101064\"},\"author\":{\"name\":\"Harald Knoflach\",\"@id\":\"https:\\\/\\\/www.brennerbasisdemokratie.eu\\\/#\\\/schema\\\/person\\\/b27bc4d84ceaae1d5d381d8818f1b2d4\"},\"headline\":\"Im Sinne des Gemeinwohls.\",\"datePublished\":\"2026-08-31T12:14:01+00:00\",\"dateModified\":\"2026-08-31T12:37:32+00:00\",\"mainEntityOfPage\":{\"@id\":\"https:\\\/\\\/www.brennerbasisdemokratie.eu\\\/?p=101064\"},\"wordCount\":270,\"commentCount\":0,\"publisher\":{\"@id\":\"https:\\\/\\\/www.brennerbasisdemokratie.eu\\\/#organization\"},\"articleSection\":[\"BBD\"],\"inLanguage\":\"en-GB\",\"potentialAction\":[{\"@type\":\"CommentAction\",\"name\":\"Comment\",\"target\":[\"https:\\\/\\\/www.brennerbasisdemokratie.eu\\\/?p=101064#respond\"]}]},{\"@type\":\"WebPage\",\"@id\":\"https:\\\/\\\/www.brennerbasisdemokratie.eu\\\/?p=101064\",\"url\":\"https:\\\/\\\/www.brennerbasisdemokratie.eu\\\/?p=101064\",\"name\":\"Im Sinne des Gemeinwohls. - BBD\",\"isPartOf\":{\"@id\":\"https:\\\/\\\/www.brennerbasisdemokratie.eu\\\/#website\"},\"datePublished\":\"2026-08-31T12:14:01+00:00\",\"dateModified\":\"2026-08-31T12:37:32+00:00\",\"breadcrumb\":{\"@id\":\"https:\\\/\\\/www.brennerbasisdemokratie.eu\\\/?p=101064#breadcrumb\"},\"inLanguage\":\"en-GB\",\"potentialAction\":[{\"@type\":\"ReadAction\",\"target\":[\"https:\\\/\\\/www.brennerbasisdemokratie.eu\\\/?p=101064\"]}]},{\"@type\":\"BreadcrumbList\",\"@id\":\"https:\\\/\\\/www.brennerbasisdemokratie.eu\\\/?p=101064#breadcrumb\",\"itemListElement\":[{\"@type\":\"ListItem\",\"position\":1,\"name\":\"Home\",\"item\":\"https:\\\/\\\/www.brennerbasisdemokratie.eu\\\/\"},{\"@type\":\"ListItem\",\"position\":2,\"name\":\"Im Sinne des Gemeinwohls.\"}]},{\"@type\":\"WebSite\",\"@id\":\"https:\\\/\\\/www.brennerbasisdemokratie.eu\\\/#website\",\"url\":\"https:\\\/\\\/www.brennerbasisdemokratie.eu\\\/\",\"name\":\"Brennerbasisdemokratie\",\"description\":\"linksgr\u00fcnversiffter Separatismus\",\"publisher\":{\"@id\":\"https:\\\/\\\/www.brennerbasisdemokratie.eu\\\/#organization\"},\"alternateName\":\"BBD\",\"potentialAction\":[{\"@type\":\"SearchAction\",\"target\":{\"@type\":\"EntryPoint\",\"urlTemplate\":\"https:\\\/\\\/www.brennerbasisdemokratie.eu\\\/?s={search_term_string}\"},\"query-input\":{\"@type\":\"PropertyValueSpecification\",\"valueRequired\":true,\"valueName\":\"search_term_string\"}}],\"inLanguage\":\"en-GB\"},{\"@type\":\"Organization\",\"@id\":\"https:\\\/\\\/www.brennerbasisdemokratie.eu\\\/#organization\",\"name\":\"BBD\",\"url\":\"https:\\\/\\\/www.brennerbasisdemokratie.eu\\\/\",\"logo\":{\"@type\":\"ImageObject\",\"inLanguage\":\"en-GB\",\"@id\":\"https:\\\/\\\/www.brennerbasisdemokratie.eu\\\/#\\\/schema\\\/logo\\\/image\\\/\",\"url\":\"\",\"contentUrl\":\"\",\"caption\":\"BBD\"},\"image\":{\"@id\":\"https:\\\/\\\/www.brennerbasisdemokratie.eu\\\/#\\\/schema\\\/logo\\\/image\\\/\"},\"sameAs\":[\"https:\\\/\\\/www.facebook.com\\\/Brennerbasisdemokratie\\\/\",\"https:\\\/\\\/x.com\\\/31bbd\",\"https:\\\/\\\/bsky.app\\\/profile\\\/31bbd.bsky.social\",\"https:\\\/\\\/tyrol.social\\\/@bbd\"]},{\"@type\":\"Person\",\"@id\":\"https:\\\/\\\/www.brennerbasisdemokratie.eu\\\/#\\\/schema\\\/person\\\/b27bc4d84ceaae1d5d381d8818f1b2d4\",\"name\":\"Harald Knoflach\",\"image\":{\"@type\":\"ImageObject\",\"inLanguage\":\"en-GB\",\"@id\":\"https:\\\/\\\/secure.gravatar.com\\\/avatar\\\/21eef211c351572555a968cda7eac3aaca8208672b872f40108ce54cd56741d7?s=96&d=identicon&r=r\",\"url\":\"https:\\\/\\\/secure.gravatar.com\\\/avatar\\\/21eef211c351572555a968cda7eac3aaca8208672b872f40108ce54cd56741d7?s=96&d=identicon&r=r\",\"contentUrl\":\"https:\\\/\\\/secure.gravatar.com\\\/avatar\\\/21eef211c351572555a968cda7eac3aaca8208672b872f40108ce54cd56741d7?s=96&d=identicon&r=r\",\"caption\":\"Harald Knoflach\"},\"sameAs\":[\"http:\\\/\\\/www.brennerbasisdemokratie.eu\\\/?author=8\"],\"url\":\"https:\\\/\\\/www.brennerbasisdemokratie.eu\\\/?author=8\"}]}<\/script>\n<!-- \/ Yoast SEO plugin. -->","yoast_head_json":{"title":"Im Sinne des Gemeinwohls. - BBD","robots":{"index":"index","follow":"follow","max-snippet":"max-snippet:-1","max-image-preview":"max-image-preview:large","max-video-preview":"max-video-preview:-1"},"canonical":"https:\/\/www.brennerbasisdemokratie.eu\/?p=101064","og_locale":"en_GB","og_type":"article","og_title":"Im Sinne des Gemeinwohls. - BBD","og_description":"[Es hat] einen grundlegenden Wertewandel in der Gesellschaft gegeben, von einer Orientierung an Pflichten und Verantwortung f\u00fcr die Gemeinschaft hin zu einer radikalen Individualisierung, in der es vor allem um Selbstverwirklichung geht. Politik wird folglich mit den Augen von Konsumenten betrachtet und bewertet: Was bietet sie mir, wer n\u00fctzt meinen Interessen am meisten, welche \u201eMarke\u201c [&hellip;]","og_url":"https:\/\/www.brennerbasisdemokratie.eu\/?p=101064","og_site_name":"BBD","article_publisher":"https:\/\/www.facebook.com\/Brennerbasisdemokratie\/","article_published_time":"2026-08-31T12:14:01+00:00","article_modified_time":"2026-08-31T12:37:32+00:00","og_image":[{"width":1200,"height":630,"url":"https:\/\/www.brennerbasisdemokratie.eu\/wp-content\/uploads\/2026\/08\/bbd-defaultimage.png","type":"image\/png"}],"author":"Harald Knoflach","twitter_card":"summary_large_image","twitter_creator":"@31bbd","twitter_site":"@31bbd","twitter_misc":{"Written by":"Harald Knoflach","Estimated reading time":"1 minute"},"schema":{"@context":"https:\/\/schema.org","@graph":[{"@type":"Article","@id":"https:\/\/www.brennerbasisdemokratie.eu\/?p=101064#article","isPartOf":{"@id":"https:\/\/www.brennerbasisdemokratie.eu\/?p=101064"},"author":{"name":"Harald Knoflach","@id":"https:\/\/www.brennerbasisdemokratie.eu\/#\/schema\/person\/b27bc4d84ceaae1d5d381d8818f1b2d4"},"headline":"Im Sinne des Gemeinwohls.","datePublished":"2026-08-31T12:14:01+00:00","dateModified":"2026-08-31T12:37:32+00:00","mainEntityOfPage":{"@id":"https:\/\/www.brennerbasisdemokratie.eu\/?p=101064"},"wordCount":270,"commentCount":0,"publisher":{"@id":"https:\/\/www.brennerbasisdemokratie.eu\/#organization"},"articleSection":["BBD"],"inLanguage":"en-GB","potentialAction":[{"@type":"CommentAction","name":"Comment","target":["https:\/\/www.brennerbasisdemokratie.eu\/?p=101064#respond"]}]},{"@type":"WebPage","@id":"https:\/\/www.brennerbasisdemokratie.eu\/?p=101064","url":"https:\/\/www.brennerbasisdemokratie.eu\/?p=101064","name":"Im Sinne des Gemeinwohls. - BBD","isPartOf":{"@id":"https:\/\/www.brennerbasisdemokratie.eu\/#website"},"datePublished":"2026-08-31T12:14:01+00:00","dateModified":"2026-08-31T12:37:32+00:00","breadcrumb":{"@id":"https:\/\/www.brennerbasisdemokratie.eu\/?p=101064#breadcrumb"},"inLanguage":"en-GB","potentialAction":[{"@type":"ReadAction","target":["https:\/\/www.brennerbasisdemokratie.eu\/?p=101064"]}]},{"@type":"BreadcrumbList","@id":"https:\/\/www.brennerbasisdemokratie.eu\/?p=101064#breadcrumb","itemListElement":[{"@type":"ListItem","position":1,"name":"Home","item":"https:\/\/www.brennerbasisdemokratie.eu\/"},{"@type":"ListItem","position":2,"name":"Im Sinne des Gemeinwohls."}]},{"@type":"WebSite","@id":"https:\/\/www.brennerbasisdemokratie.eu\/#website","url":"https:\/\/www.brennerbasisdemokratie.eu\/","name":"Brennerbasisdemokratie","description":"linksgr\u00fcnversiffter Separatismus","publisher":{"@id":"https:\/\/www.brennerbasisdemokratie.eu\/#organization"},"alternateName":"BBD","potentialAction":[{"@type":"SearchAction","target":{"@type":"EntryPoint","urlTemplate":"https:\/\/www.brennerbasisdemokratie.eu\/?s={search_term_string}"},"query-input":{"@type":"PropertyValueSpecification","valueRequired":true,"valueName":"search_term_string"}}],"inLanguage":"en-GB"},{"@type":"Organization","@id":"https:\/\/www.brennerbasisdemokratie.eu\/#organization","name":"BBD","url":"https:\/\/www.brennerbasisdemokratie.eu\/","logo":{"@type":"ImageObject","inLanguage":"en-GB","@id":"https:\/\/www.brennerbasisdemokratie.eu\/#\/schema\/logo\/image\/","url":"","contentUrl":"","caption":"BBD"},"image":{"@id":"https:\/\/www.brennerbasisdemokratie.eu\/#\/schema\/logo\/image\/"},"sameAs":["https:\/\/www.facebook.com\/Brennerbasisdemokratie\/","https:\/\/x.com\/31bbd","https:\/\/bsky.app\/profile\/31bbd.bsky.social","https:\/\/tyrol.social\/@bbd"]},{"@type":"Person","@id":"https:\/\/www.brennerbasisdemokratie.eu\/#\/schema\/person\/b27bc4d84ceaae1d5d381d8818f1b2d4","name":"Harald Knoflach","image":{"@type":"ImageObject","inLanguage":"en-GB","@id":"https:\/\/secure.gravatar.com\/avatar\/21eef211c351572555a968cda7eac3aaca8208672b872f40108ce54cd56741d7?s=96&d=identicon&r=r","url":"https:\/\/secure.gravatar.com\/avatar\/21eef211c351572555a968cda7eac3aaca8208672b872f40108ce54cd56741d7?s=96&d=identicon&r=r","contentUrl":"https:\/\/secure.gravatar.com\/avatar\/21eef211c351572555a968cda7eac3aaca8208672b872f40108ce54cd56741d7?s=96&d=identicon&r=r","caption":"Harald Knoflach"},"sameAs":["http:\/\/www.brennerbasisdemokratie.eu\/?author=8"],"url":"https:\/\/www.brennerbasisdemokratie.eu\/?author=8"}]}},"jetpack_sharing_enabled":true,"jetpack_featured_media_url":"","_links":{"self":[{"href":"https:\/\/www.brennerbasisdemokratie.eu\/index.php?rest_route=\/wp\/v2\/posts\/101064","targetHints":{"allow":["GET"]}}],"collection":[{"href":"https:\/\/www.brennerbasisdemokratie.eu\/index.php?rest_route=\/wp\/v2\/posts"}],"about":[{"href":"https:\/\/www.brennerbasisdemokratie.eu\/index.php?rest_route=\/wp\/v2\/types\/post"}],"author":[{"embeddable":true,"href":"https:\/\/www.brennerbasisdemokratie.eu\/index.php?rest_route=\/wp\/v2\/users\/8"}],"replies":[{"embeddable":true,"href":"https:\/\/www.brennerbasisdemokratie.eu\/index.php?rest_route=%2Fwp%2Fv2%2Fcomments&post=101064"}],"version-history":[{"count":12,"href":"https:\/\/www.brennerbasisdemokratie.eu\/index.php?rest_route=\/wp\/v2\/posts\/101064\/revisions"}],"predecessor-version":[{"id":101084,"href":"https:\/\/www.brennerbasisdemokratie.eu\/index.php?rest_route=\/wp\/v2\/posts\/101064\/revisions\/101084"}],"wp:attachment":[{"href":"https:\/\/www.brennerbasisdemokratie.eu\/index.php?rest_route=%2Fwp%2Fv2%2Fmedia&parent=101064"}],"wp:term":[{"taxonomy":"category","embeddable":true,"href":"https:\/\/www.brennerbasisdemokratie.eu\/index.php?rest_route=%2Fwp%2Fv2%2Fcategories&post=101064"},{"taxonomy":"post_tag","embeddable":true,"href":"https:\/\/www.brennerbasisdemokratie.eu\/index.php?rest_route=%2Fwp%2Fv2%2Ftags&post=101064"}],"curies":[{"name":"wp","href":"https:\/\/api.w.org\/{rel}","templated":true}]}}