{"id":101112,"date":"2026-09-02T20:13:50","date_gmt":"2026-09-02T18:13:50","guid":{"rendered":"https:\/\/www.brennerbasisdemokratie.eu\/?p=101112"},"modified":"2026-09-03T12:34:24","modified_gmt":"2026-09-03T10:34:24","slug":"langes-neonazi-wochenende-im-trentino","status":"publish","type":"post","link":"https:\/\/www.brennerbasisdemokratie.eu\/?p=101112","title":{"rendered":"Langes Neonazi-Wochenende im Trentino."},"content":{"rendered":"<p>Von morgen Donnerstag bis Sonntag findet in Pietramurata, einer Fraktion der Gemeinde Dro im benachbarten Trentino, ein internationales Neonazitreffen statt. Es werden rund 400 Teilnehmende aus ganz Italien und aus dem europ\u00e4ischen Ausland erwartet. Organisiert wird <em>Ritorno a Camelot (R\u00fcckkehr nach Camelot), <\/em>wie die Veranstaltung hei\u00dft,&nbsp;vom rechtsextremen <em>Veneto Fronte Skinheads<\/em>&nbsp;im \u00f6rtlichen <em>Hotel Ciclamino.<\/em><\/p>\n<p>Die B\u00fcrgermeisterin von Dro, Ginetta Santoni, hatte sich ebenso wie ihre Amtskollegen von Trient, Franco Ianeselli, und Riva del Garda, Alessio Zanoni (beide <abbr title=\"Partito Democratico\">PD<\/abbr>), daf\u00fcr ausgesprochen, das Treffen zu untersagen. Sogar Landeshauptmann Maurizio Fugatti <em>(Lega)<\/em> distanzierte sich deutlich. Auf staatlicher Ebene war Innenminister Matteo Piantedosi dazu aufgerufen worden, gegen die Veranstaltung vorzugehen.<\/p>\n<p>Das Komitee f\u00fcr \u00f6ffentliche Ordnung und Sicherheit unter Vorsitz der Pr\u00e4fektin Isabella Fusiello entschied jedoch, den Aufmarsch zu genehmigen. Die Begr\u00fcndung: Es gebe derzeit in Italien keine ausreichende rechtliche Grundlage, um eine solche Veranstaltung \u2014 zumal auf Privatgrund \u2014 zu verhindern. Gleichzeitig wird sie unter massivem Polizeischutz stattfinden: Bis zu 140 Einsatzkr\u00e4fte sollen daf\u00fcr abgestellt werden.<\/p>\n<p>Das ist erstaunlich: Ein internationales Neonazitreffen gilt rechtlich als private Angelegenheit, die man nicht verbieten kann, obwohl daf\u00fcr deutlich \u00fcber hundert Polizistinnen mobilisiert werden m\u00fcssen.<\/p>\n<p>F\u00fcr Aufsehen sorgte zudem, dass Emilio Giuliana, der Trentiner Chef der Vannacci-Partei <em>Futuro Nazionale, <\/em>angek\u00fcndigt hat, an der Veranstaltung teilnehmen zu wollen. Er habe daf\u00fcr sogar seinen Urlaub verschoben. Der Fascho-General selbst, dessen Partei in S\u00fcdtirol von Ex-Landesrat Massimo Bessone angef\u00fchrt wird, gab seinen Segen dazu und bezeichnete die Teilnahme als pers\u00f6nliche Entscheidung.<\/p>\n<p>Nicht auszuschlie\u00dfen ist \u00fcberdies, dass auch Bozner Verb\u00fcndete der <abbr title=\"S\u00fcdtiroler Volkspartei\">SVP<\/abbr> bei der Neonazi-Veranstaltung anzutreffen sein werden. Schlie\u00dflich sind zwei Bozner Stadtviertelr\u00e4te der <em>Lega<\/em> \u2014 Maurizio Puglisi Ghizzi und Massimo Trigolo \u2014 Gr\u00fcndungsmitglieder von <em>Remigrazione e Riconquista,<\/em> einer rassistischen Bewegung, die unter anderem von <em>CasaPound<\/em> und <em>Veneto Fronte Skinhead<\/em> gemeinsam ins Leben gerufen wurde.<\/p>\n<p><strong><span style=\"font-family: Helvetica, Arial, sans-serif; text-transform: uppercase;\">C\u00ebla enghe:<\/span><\/strong> <a title=\"Internationaler Deportationsgipfel in Italien.\" href=\"https:\/\/www.brennerbasisdemokratie.eu\/?p=92015\"><code>01<\/code><\/a> <a title=\"Wirth Anderlan: Treffen mit Kalterer Neonazi-Gruppe.\" href=\"https:\/\/www.brennerbasisdemokratie.eu\/?p=100705\"><code>02<\/code><\/a> <a title=\"Atreju, Opposition als G\u00fctesiegel f\u00fcr die Faschos.\" href=\"https:\/\/www.brennerbasisdemokratie.eu\/?p=96856\"><code>03<\/code><\/a> <a title=\"Un campo Hobbit a Castel Roncolo?\" href=\"https:\/\/www.brennerbasisdemokratie.eu\/?p=40540\"><code>04<\/code><\/a> <a title=\"Aberkennung der Ehrenb\u00fcrgerschaft von Mussolini laut Alpini \u203aideologisch\u2039.\" href=\"https:\/\/www.brennerbasisdemokratie.eu\/?p=98536\"><code>05<\/code><\/a><\/p>","protected":false},"excerpt":{"rendered":"<p>Von morgen Donnerstag bis Sonntag findet in Pietramurata, einer Fraktion der Gemeinde Dro im benachbarten Trentino, ein internationales Neonazitreffen statt. Es werden rund 400 Teilnehmende aus ganz Italien und aus dem europ\u00e4ischen Ausland erwartet. Organisiert wird Ritorno a Camelot (R\u00fcckkehr nach Camelot), wie die Veranstaltung hei\u00dft,&nbsp;vom rechtsextremen Veneto Fronte Skinheads&nbsp;im \u00f6rtlichen Hotel Ciclamino. Die B\u00fcrgermeisterin [&hellip;]<\/p>","protected":false},"author":1,"featured_media":0,"comment_status":"open","ping_status":"open","sticky":false,"template":"","format":"standard","meta":{"ngg_post_thumbnail":0,"_jetpack_newsletter_access":"","_jetpack_dont_email_post_to_subs":false,"_jetpack_newsletter_tier_id":0,"_jetpack_memberships_contains_paywalled_content":false,"_jetpack_memberships_contains_paid_content":false,"footnotes":""},"categories":[1],"tags":[],"class_list":["post-101112","post","type-post","status-publish","format-standard","hentry","category-allgemein","entity-cpi","entity-gemeinde-bozen","entity-lega","entity-pd","entity-remigrazione-e-riconquista","entity-svp","entity-vfs","location-italy","location-sudtirolo","location-trentino","language-deutsch","person-massimo-bessone","person-massimo-trigolo","person-maurizio-fugatti","person-maurizio-puglisi-ghizzi","topic-faschismen","topic-politik","topic-polizei","topic-sicherheit"],"yoast_head":"<!-- This site is optimized with the Yoast SEO plugin v28.4 - https:\/\/yoast.com\/product\/yoast-seo-wordpress\/ -->\n<title>Langes Neonazi-Wochenende im Trentino. - BBD<\/title>\n<meta name=\"robots\" content=\"index, follow, max-snippet:-1, max-image-preview:large, max-video-preview:-1\" \/>\n<link rel=\"canonical\" href=\"https:\/\/www.brennerbasisdemokratie.eu\/?p=101112\" \/>\n<meta property=\"og:locale\" content=\"en_GB\" \/>\n<meta property=\"og:type\" content=\"article\" \/>\n<meta property=\"og:title\" content=\"Langes Neonazi-Wochenende im Trentino. - BBD\" \/>\n<meta property=\"og:description\" content=\"Von morgen Donnerstag bis Sonntag findet in Pietramurata, einer Fraktion der Gemeinde Dro im benachbarten Trentino, ein internationales Neonazitreffen statt. Es werden rund 400 Teilnehmende aus ganz Italien und aus dem europ\u00e4ischen Ausland erwartet. Organisiert wird Ritorno a Camelot (R\u00fcckkehr nach Camelot), wie die Veranstaltung hei\u00dft,&nbsp;vom rechtsextremen Veneto Fronte Skinheads&nbsp;im \u00f6rtlichen Hotel Ciclamino. Die B\u00fcrgermeisterin [&hellip;]\" \/>\n<meta property=\"og:url\" content=\"https:\/\/www.brennerbasisdemokratie.eu\/?p=101112\" \/>\n<meta property=\"og:site_name\" content=\"BBD\" \/>\n<meta property=\"article:publisher\" content=\"https:\/\/www.facebook.com\/Brennerbasisdemokratie\/\" \/>\n<meta property=\"article:published_time\" content=\"2026-09-02T18:13:50+00:00\" \/>\n<meta property=\"article:modified_time\" content=\"2026-09-03T10:34:24+00:00\" \/>\n<meta property=\"og:image\" content=\"https:\/\/www.brennerbasisdemokratie.eu\/wp-content\/uploads\/2026\/08\/bbd-defaultimage.png\" \/>\n\t<meta property=\"og:image:width\" content=\"1200\" \/>\n\t<meta property=\"og:image:height\" content=\"630\" \/>\n\t<meta property=\"og:image:type\" content=\"image\/png\" \/>\n<meta name=\"author\" content=\"Simon Constantini\" \/>\n<meta name=\"twitter:card\" content=\"summary_large_image\" \/>\n<meta name=\"twitter:creator\" content=\"@31bbd\" \/>\n<meta name=\"twitter:site\" content=\"@31bbd\" \/>\n<meta name=\"twitter:label1\" content=\"Written by\" \/>\n\t<meta name=\"twitter:data1\" content=\"Simon Constantini\" \/>\n\t<meta name=\"twitter:label2\" content=\"Estimated reading time\" \/>\n\t<meta name=\"twitter:data2\" content=\"2 minutes\" \/>\n<script type=\"application\/ld+json\" class=\"yoast-schema-graph\">{\"@context\":\"https:\\\/\\\/schema.org\",\"@graph\":[{\"@type\":\"Article\",\"@id\":\"https:\\\/\\\/www.brennerbasisdemokratie.eu\\\/?p=101112#article\",\"isPartOf\":{\"@id\":\"https:\\\/\\\/www.brennerbasisdemokratie.eu\\\/?p=101112\"},\"author\":{\"name\":\"Simon Constantini\",\"@id\":\"https:\\\/\\\/www.brennerbasisdemokratie.eu\\\/#\\\/schema\\\/person\\\/d02c4d1a3c6c3b2c70d7c7f27eb857ec\"},\"headline\":\"Langes Neonazi-Wochenende im Trentino.\",\"datePublished\":\"2026-09-02T18:13:50+00:00\",\"dateModified\":\"2026-09-03T10:34:24+00:00\",\"mainEntityOfPage\":{\"@id\":\"https:\\\/\\\/www.brennerbasisdemokratie.eu\\\/?p=101112\"},\"wordCount\":319,\"commentCount\":1,\"publisher\":{\"@id\":\"https:\\\/\\\/www.brennerbasisdemokratie.eu\\\/#organization\"},\"articleSection\":[\"BBD\"],\"inLanguage\":\"en-GB\",\"potentialAction\":[{\"@type\":\"CommentAction\",\"name\":\"Comment\",\"target\":[\"https:\\\/\\\/www.brennerbasisdemokratie.eu\\\/?p=101112#respond\"]}]},{\"@type\":\"WebPage\",\"@id\":\"https:\\\/\\\/www.brennerbasisdemokratie.eu\\\/?p=101112\",\"url\":\"https:\\\/\\\/www.brennerbasisdemokratie.eu\\\/?p=101112\",\"name\":\"Langes Neonazi-Wochenende im Trentino. - BBD\",\"isPartOf\":{\"@id\":\"https:\\\/\\\/www.brennerbasisdemokratie.eu\\\/#website\"},\"datePublished\":\"2026-09-02T18:13:50+00:00\",\"dateModified\":\"2026-09-03T10:34:24+00:00\",\"breadcrumb\":{\"@id\":\"https:\\\/\\\/www.brennerbasisdemokratie.eu\\\/?p=101112#breadcrumb\"},\"inLanguage\":\"en-GB\",\"potentialAction\":[{\"@type\":\"ReadAction\",\"target\":[\"https:\\\/\\\/www.brennerbasisdemokratie.eu\\\/?p=101112\"]}]},{\"@type\":\"BreadcrumbList\",\"@id\":\"https:\\\/\\\/www.brennerbasisdemokratie.eu\\\/?p=101112#breadcrumb\",\"itemListElement\":[{\"@type\":\"ListItem\",\"position\":1,\"name\":\"Home\",\"item\":\"https:\\\/\\\/www.brennerbasisdemokratie.eu\\\/\"},{\"@type\":\"ListItem\",\"position\":2,\"name\":\"Langes Neonazi-Wochenende im Trentino.\"}]},{\"@type\":\"WebSite\",\"@id\":\"https:\\\/\\\/www.brennerbasisdemokratie.eu\\\/#website\",\"url\":\"https:\\\/\\\/www.brennerbasisdemokratie.eu\\\/\",\"name\":\"Brennerbasisdemokratie\",\"description\":\"linksgr\u00fcnversiffter Separatismus\",\"publisher\":{\"@id\":\"https:\\\/\\\/www.brennerbasisdemokratie.eu\\\/#organization\"},\"alternateName\":\"BBD\",\"potentialAction\":[{\"@type\":\"SearchAction\",\"target\":{\"@type\":\"EntryPoint\",\"urlTemplate\":\"https:\\\/\\\/www.brennerbasisdemokratie.eu\\\/?s={search_term_string}\"},\"query-input\":{\"@type\":\"PropertyValueSpecification\",\"valueRequired\":true,\"valueName\":\"search_term_string\"}}],\"inLanguage\":\"en-GB\"},{\"@type\":\"Organization\",\"@id\":\"https:\\\/\\\/www.brennerbasisdemokratie.eu\\\/#organization\",\"name\":\"BBD\",\"url\":\"https:\\\/\\\/www.brennerbasisdemokratie.eu\\\/\",\"logo\":{\"@type\":\"ImageObject\",\"inLanguage\":\"en-GB\",\"@id\":\"https:\\\/\\\/www.brennerbasisdemokratie.eu\\\/#\\\/schema\\\/logo\\\/image\\\/\",\"url\":\"\",\"contentUrl\":\"\",\"caption\":\"BBD\"},\"image\":{\"@id\":\"https:\\\/\\\/www.brennerbasisdemokratie.eu\\\/#\\\/schema\\\/logo\\\/image\\\/\"},\"sameAs\":[\"https:\\\/\\\/www.facebook.com\\\/Brennerbasisdemokratie\\\/\",\"https:\\\/\\\/x.com\\\/31bbd\",\"https:\\\/\\\/bsky.app\\\/profile\\\/31bbd.bsky.social\",\"https:\\\/\\\/tyrol.social\\\/@bbd\"]},{\"@type\":\"Person\",\"@id\":\"https:\\\/\\\/www.brennerbasisdemokratie.eu\\\/#\\\/schema\\\/person\\\/d02c4d1a3c6c3b2c70d7c7f27eb857ec\",\"name\":\"Simon Constantini\",\"image\":{\"@type\":\"ImageObject\",\"inLanguage\":\"en-GB\",\"@id\":\"https:\\\/\\\/secure.gravatar.com\\\/avatar\\\/48c8e5a626e54792d47a47aaa2dfe3ad32a7e03bd56f76114a8ecaae23e227ff?s=96&d=identicon&r=r\",\"url\":\"https:\\\/\\\/secure.gravatar.com\\\/avatar\\\/48c8e5a626e54792d47a47aaa2dfe3ad32a7e03bd56f76114a8ecaae23e227ff?s=96&d=identicon&r=r\",\"contentUrl\":\"https:\\\/\\\/secure.gravatar.com\\\/avatar\\\/48c8e5a626e54792d47a47aaa2dfe3ad32a7e03bd56f76114a8ecaae23e227ff?s=96&d=identicon&r=r\",\"caption\":\"Simon Constantini\"},\"sameAs\":[\"http:\\\/\\\/www.brennerbasisdemokratie.eu\\\/?author=1\"],\"url\":\"https:\\\/\\\/www.brennerbasisdemokratie.eu\\\/?author=1\"}]}<\/script>\n<!-- \/ Yoast SEO plugin. -->","yoast_head_json":{"title":"Langes Neonazi-Wochenende im Trentino. - BBD","robots":{"index":"index","follow":"follow","max-snippet":"max-snippet:-1","max-image-preview":"max-image-preview:large","max-video-preview":"max-video-preview:-1"},"canonical":"https:\/\/www.brennerbasisdemokratie.eu\/?p=101112","og_locale":"en_GB","og_type":"article","og_title":"Langes Neonazi-Wochenende im Trentino. - BBD","og_description":"Von morgen Donnerstag bis Sonntag findet in Pietramurata, einer Fraktion der Gemeinde Dro im benachbarten Trentino, ein internationales Neonazitreffen statt. Es werden rund 400 Teilnehmende aus ganz Italien und aus dem europ\u00e4ischen Ausland erwartet. Organisiert wird Ritorno a Camelot (R\u00fcckkehr nach Camelot), wie die Veranstaltung hei\u00dft,&nbsp;vom rechtsextremen Veneto Fronte Skinheads&nbsp;im \u00f6rtlichen Hotel Ciclamino. Die B\u00fcrgermeisterin [&hellip;]","og_url":"https:\/\/www.brennerbasisdemokratie.eu\/?p=101112","og_site_name":"BBD","article_publisher":"https:\/\/www.facebook.com\/Brennerbasisdemokratie\/","article_published_time":"2026-09-02T18:13:50+00:00","article_modified_time":"2026-09-03T10:34:24+00:00","og_image":[{"width":1200,"height":630,"url":"https:\/\/www.brennerbasisdemokratie.eu\/wp-content\/uploads\/2026\/08\/bbd-defaultimage.png","type":"image\/png"}],"author":"Simon Constantini","twitter_card":"summary_large_image","twitter_creator":"@31bbd","twitter_site":"@31bbd","twitter_misc":{"Written by":"Simon Constantini","Estimated reading time":"2 minutes"},"schema":{"@context":"https:\/\/schema.org","@graph":[{"@type":"Article","@id":"https:\/\/www.brennerbasisdemokratie.eu\/?p=101112#article","isPartOf":{"@id":"https:\/\/www.brennerbasisdemokratie.eu\/?p=101112"},"author":{"name":"Simon Constantini","@id":"https:\/\/www.brennerbasisdemokratie.eu\/#\/schema\/person\/d02c4d1a3c6c3b2c70d7c7f27eb857ec"},"headline":"Langes Neonazi-Wochenende im Trentino.","datePublished":"2026-09-02T18:13:50+00:00","dateModified":"2026-09-03T10:34:24+00:00","mainEntityOfPage":{"@id":"https:\/\/www.brennerbasisdemokratie.eu\/?p=101112"},"wordCount":319,"commentCount":1,"publisher":{"@id":"https:\/\/www.brennerbasisdemokratie.eu\/#organization"},"articleSection":["BBD"],"inLanguage":"en-GB","potentialAction":[{"@type":"CommentAction","name":"Comment","target":["https:\/\/www.brennerbasisdemokratie.eu\/?p=101112#respond"]}]},{"@type":"WebPage","@id":"https:\/\/www.brennerbasisdemokratie.eu\/?p=101112","url":"https:\/\/www.brennerbasisdemokratie.eu\/?p=101112","name":"Langes Neonazi-Wochenende im Trentino. - BBD","isPartOf":{"@id":"https:\/\/www.brennerbasisdemokratie.eu\/#website"},"datePublished":"2026-09-02T18:13:50+00:00","dateModified":"2026-09-03T10:34:24+00:00","breadcrumb":{"@id":"https:\/\/www.brennerbasisdemokratie.eu\/?p=101112#breadcrumb"},"inLanguage":"en-GB","potentialAction":[{"@type":"ReadAction","target":["https:\/\/www.brennerbasisdemokratie.eu\/?p=101112"]}]},{"@type":"BreadcrumbList","@id":"https:\/\/www.brennerbasisdemokratie.eu\/?p=101112#breadcrumb","itemListElement":[{"@type":"ListItem","position":1,"name":"Home","item":"https:\/\/www.brennerbasisdemokratie.eu\/"},{"@type":"ListItem","position":2,"name":"Langes Neonazi-Wochenende im Trentino."}]},{"@type":"WebSite","@id":"https:\/\/www.brennerbasisdemokratie.eu\/#website","url":"https:\/\/www.brennerbasisdemokratie.eu\/","name":"Brennerbasisdemokratie","description":"linksgr\u00fcnversiffter Separatismus","publisher":{"@id":"https:\/\/www.brennerbasisdemokratie.eu\/#organization"},"alternateName":"BBD","potentialAction":[{"@type":"SearchAction","target":{"@type":"EntryPoint","urlTemplate":"https:\/\/www.brennerbasisdemokratie.eu\/?s={search_term_string}"},"query-input":{"@type":"PropertyValueSpecification","valueRequired":true,"valueName":"search_term_string"}}],"inLanguage":"en-GB"},{"@type":"Organization","@id":"https:\/\/www.brennerbasisdemokratie.eu\/#organization","name":"BBD","url":"https:\/\/www.brennerbasisdemokratie.eu\/","logo":{"@type":"ImageObject","inLanguage":"en-GB","@id":"https:\/\/www.brennerbasisdemokratie.eu\/#\/schema\/logo\/image\/","url":"","contentUrl":"","caption":"BBD"},"image":{"@id":"https:\/\/www.brennerbasisdemokratie.eu\/#\/schema\/logo\/image\/"},"sameAs":["https:\/\/www.facebook.com\/Brennerbasisdemokratie\/","https:\/\/x.com\/31bbd","https:\/\/bsky.app\/profile\/31bbd.bsky.social","https:\/\/tyrol.social\/@bbd"]},{"@type":"Person","@id":"https:\/\/www.brennerbasisdemokratie.eu\/#\/schema\/person\/d02c4d1a3c6c3b2c70d7c7f27eb857ec","name":"Simon Constantini","image":{"@type":"ImageObject","inLanguage":"en-GB","@id":"https:\/\/secure.gravatar.com\/avatar\/48c8e5a626e54792d47a47aaa2dfe3ad32a7e03bd56f76114a8ecaae23e227ff?s=96&d=identicon&r=r","url":"https:\/\/secure.gravatar.com\/avatar\/48c8e5a626e54792d47a47aaa2dfe3ad32a7e03bd56f76114a8ecaae23e227ff?s=96&d=identicon&r=r","contentUrl":"https:\/\/secure.gravatar.com\/avatar\/48c8e5a626e54792d47a47aaa2dfe3ad32a7e03bd56f76114a8ecaae23e227ff?s=96&d=identicon&r=r","caption":"Simon Constantini"},"sameAs":["http:\/\/www.brennerbasisdemokratie.eu\/?author=1"],"url":"https:\/\/www.brennerbasisdemokratie.eu\/?author=1"}]}},"jetpack_sharing_enabled":true,"jetpack_featured_media_url":"","_links":{"self":[{"href":"https:\/\/www.brennerbasisdemokratie.eu\/index.php?rest_route=\/wp\/v2\/posts\/101112","targetHints":{"allow":["GET"]}}],"collection":[{"href":"https:\/\/www.brennerbasisdemokratie.eu\/index.php?rest_route=\/wp\/v2\/posts"}],"about":[{"href":"https:\/\/www.brennerbasisdemokratie.eu\/index.php?rest_route=\/wp\/v2\/types\/post"}],"author":[{"embeddable":true,"href":"https:\/\/www.brennerbasisdemokratie.eu\/index.php?rest_route=\/wp\/v2\/users\/1"}],"replies":[{"embeddable":true,"href":"https:\/\/www.brennerbasisdemokratie.eu\/index.php?rest_route=%2Fwp%2Fv2%2Fcomments&post=101112"}],"version-history":[{"count":7,"href":"https:\/\/www.brennerbasisdemokratie.eu\/index.php?rest_route=\/wp\/v2\/posts\/101112\/revisions"}],"predecessor-version":[{"id":101126,"href":"https:\/\/www.brennerbasisdemokratie.eu\/index.php?rest_route=\/wp\/v2\/posts\/101112\/revisions\/101126"}],"wp:attachment":[{"href":"https:\/\/www.brennerbasisdemokratie.eu\/index.php?rest_route=%2Fwp%2Fv2%2Fmedia&parent=101112"}],"wp:term":[{"taxonomy":"category","embeddable":true,"href":"https:\/\/www.brennerbasisdemokratie.eu\/index.php?rest_route=%2Fwp%2Fv2%2Fcategories&post=101112"},{"taxonomy":"post_tag","embeddable":true,"href":"https:\/\/www.brennerbasisdemokratie.eu\/index.php?rest_route=%2Fwp%2Fv2%2Ftags&post=101112"}],"curies":[{"name":"wp","href":"https:\/\/api.w.org\/{rel}","templated":true}]}}