{"id":101129,"date":"2026-09-03T15:13:37","date_gmt":"2026-09-03T13:13:37","guid":{"rendered":"https:\/\/www.brennerbasisdemokratie.eu\/?p=101129"},"modified":"2026-09-04T23:21:05","modified_gmt":"2026-09-04T21:21:05","slug":"101129","status":"publish","type":"post","link":"https:\/\/www.brennerbasisdemokratie.eu\/?p=101129","title":{"rendered":"Aldo Mazza und Deutsch im Gesundheitswesen."},"content":{"rendered":"<p>Der Gr\u00fcnder der Sprachschule <em>Alpha Beta,<\/em> Aldo Mazza, hat zuletzt mehrere Vorschl\u00e4ge zur Reform der Sprachpolitik unterbreitet, insbesondere zur Zweisprachigkeit im Gesundheitswesen. Sie sind in einen gemeinsamen Beschlussantrag (<a title=\"Landtag: Beschlussantrag Nr. 446\/26.\" href=\"https:\/\/www.landtag-bz.org\/de\/politische-akte\/812836?tipoatto=MOZ&amp;legislatura=XVII&amp;action=search&amp;page=1\" target=\"_blank\" rel=\"noopener\">Nr. 446\/26<\/a>) von <em>Gr\u00fcnen<\/em> und <abbr title=\"Partito Democratico\">PD<\/abbr> eingeflossen, dessen beschlie\u00dfenden Teil ich gro\u00dfteils relativ sinnvoll finde.<\/p>\n<p>Ich m\u00f6chte hier aber einige Aussagen von Mazza, die in den Medien wiedergegeben wurden, kommentieren:<\/p>\n<blockquote><p>[N]at\u00fcrlich muss der Arzt gut sein, aber gut sein hei\u00dft auch, den Patienten zu verstehen und f\u00fcr ihn verst\u00e4ndlich zu sein. Auf der anderen Seite gab es dieses Plakat der S\u00fcdtiroler Freiheit [sic], auf dem man einen Toten sieht und den Spruch lesen kann \u201eDer Arzt konnte kein Deutsch\u201c. Dadurch entsteht der Eindruck, mangelnde Deutschkenntnisse w\u00fcrden Menschenleben gef\u00e4hrden. Eine solche Vereinfachung hilft uns nicht weiter.<\/p>\n<p><em><small>\u2013 Aldo Mazza im <a title=\"ff: Ziel nicht erreicht.\" href=\"https:\/\/www.ff-bz.com\/politik-wirtschaft\/politik\/2026-36\/ziel-nicht-erreicht.html\" target=\"_blank\" rel=\"noopener\">diesw\u00f6chigen ff-Interview<\/a><\/small><\/em><\/p><\/blockquote>\n<p>Wiewohl ich die <abbr title=\"S\u00fcd-Tiroler Freiheit\">STF<\/abbr>-Plakate (gelinde gesagt) <a title=\"Gesundheit: Einsprachig in den Tod?\" href=\"https:\/\/www.brennerbasisdemokratie.eu\/?p=52681\">wenig hilfreich<\/a> fand, <a title=\"In sanit\u00e0 la lingua \u00e8 una questione di sopravvivenza.\" href=\"https:\/\/www.brennerbasisdemokratie.eu\/?p=100382\">hat eine kanadische Studie aufgezeigt<\/a>, dass es den Zusammenhang zwischen mangelnden Sprachkenntnissen und Gef\u00e4hrdung von Menschenleben sehr wohl gibt \u2014 und zwar in einem Ausma\u00df, das selbst mich \u00fcberrascht hat.<\/p>\n<blockquote><p>Nach dem Einstieg in die \u00f6ffentliche Sanit\u00e4t haben ausl\u00e4ndische \u00c4rztinnen und \u00c4rzte [in Deutschland] zwei Jahre Zeit, ihre Kenntnisse in der Fachsprache nachzuweisen. Ihre Kompetenzen in der \u00e4rztlichen Kommunikation werden gezielt gepr\u00fcft. Diese Pr\u00fcfung wird von \u00c4rzten abgenommen. Es gibt sogar eine Simulation mit dem Patienten, bei der festgestellt wird, ob der Arzt imstande ist, eine Anamnese zu machen, mit Patienten verst\u00e4ndlich zu kommunizieren und medizinische Sachverhalte nachvollziehbar zu erkl\u00e4ren. An dieses Modell k\u00f6nnte sich S\u00fcdtirol anlehnen. Also, drei Jahre Zeit f\u00fcr B2, dann weitere zwei Jahre f\u00fcr die Fachsprache, womit die \u00c4rztinnen und \u00c4rzte dem Niveau C1 gleichgestellt w\u00e4ren, und somit ihren endg\u00fcltigen Vertrag h\u00e4tten.<\/p>\n<p><em><small>\u2013 Aldo Mazza im diesw\u00f6chigen ff-Interview<\/small><\/em><\/p><\/blockquote>\n<p>In Deutschland m\u00fcssen \u00c4rztinnen B2 zum Zeitpunkt der Einstellung und Fachsprachen-C1 nach zwei Jahren nachweisen. Mazza m\u00f6chte zwar das deutsche Modell nach S\u00fcdtirol holen, dann aber die verbindlichen Schwellen deutlich nach hinten verschieben. Drei Jahre soll es dauern, bis \u00fcberhaupt B2 nachgewiesen werden muss; danach sollen weitere zwei Jahre f\u00fcr die fachsprachliche Qualifikation auf C1-Niveau folgen.<\/p>\n<p>Zahlreiche \u00c4rztinnen w\u00fcrden also weiterhin \u2014 und sogar noch mehr als bisher \u2014 ohne angemessene Deutschkenntnisse arbeiten. Das w\u00e4re in Deutschland undenkbar.<\/p>\n<p>(Und es w\u00e4re mit an Sicherheit grenzender Wahrscheinlichkeit auch in S\u00fcdtirol undenkbar, wenn wir es nicht mit so vielen einsprachig italienischen, sondern vor allem mit einsprachig deutschen \u00c4rztinnen zu tun h\u00e4tten.)<\/p>\n<p>Wie ich <a title=\"Qui siamo in Italia, e quindi si parla Hochdeutsch.\" href=\"https:\/\/www.brennerbasisdemokratie.eu\/?p=100838\">an anderer Stelle<\/a> geschrieben habe, hatte ich in S\u00fcdtirol bei italienischen \u00c4rztinnen in den allerseltensten F\u00e4llen das Gef\u00fchl, dass sie <em>zu gut<\/em> Deutsch sprechen und auch ein niedrigeres Niveau ausgereicht h\u00e4tte. Sehr oft war hingegen das Gegenteil der Fall.<\/p>\n<p>Hinzu kommt ein struktureller Unterschied zwischen Deutschland und S\u00fcdtirol, den ich ebenfalls <a title=\"Sprachniveau der \u00c4rztinnen senken?\" href=\"https:\/\/www.brennerbasisdemokratie.eu\/?p=75004\">bereits beschrieben<\/a> hatte: In Deutschland tr\u00e4gt die Berufspraxis notgedrungen zur Vertiefung der Deutschkenntnisse bei, denn mit Kolleginnen und Patientinnen wird man haupts\u00e4chlich Deutsch sprechen <em>m\u00fcssen.<\/em> In S\u00fcdtirol ist es hingegen \u2014 wie wir leider wissen \u2014 durchaus m\u00f6glich, sich in der allt\u00e4glichen Praxis der deutschen Sprache v\u00f6llig zu entziehen. Deshalb sehe ich eine Aufweichung des geforderten Sprachniveaus kritisch.<\/p>\n<p>Die sprachliche Realit\u00e4t S\u00fcdtirols ist nicht mit jener Deutschlands gleichzusetzen. Wer hier Deutsch \u2014 nicht die Staats-, sondern eine Minderheitensprache \u2014 sch\u00fctzen will, kann nicht einfach davon ausgehen, dass die Kenntnisse im Alltag automatisch zunehmen.<\/p>\n<blockquote><p><strong>Eine sachliche Basis w\u00e4re?<\/strong><br \/>\nEtwa eine einheitliche Regie, so wie in Katalonien, wenn es um Zweisprachigkeit geht. Sie betrifft ja viele Bereiche: Schule, Bildung, Gesundheit, \u00f6ffentliche Verwaltung &#8230; Zweisprachigkeit ist im \u00f6ffentlichen Interesse, so wie eine gesunde Umwelt, eine gute Schule, ein effizientes soziales Netz. Trotzdem geht man diese Probleme getrennt nach Sprachgruppen an.<br \/>\n<strong>Der Landeshauptmann hat ja eine \u00adKommission zur Zweisprachigkeit \u00adeingesetzt, \u2026<\/strong><br \/>\n\u2026 die zum Beispiel kategorisch sagt, C1 muss bleiben. Das ist ein Beispiel daf\u00fcr, wie man es nicht machen sollte. Vern\u00fcnftig w\u00e4re, mit jenen zu reden, die mit der Sache zu tun haben, also nicht nur mit Beamten, sondern mit \u00adExperten, Lehrern und \u00adProfessoren, Vertretern aller Sprachgruppen und \u00adVertretern von Mehrheit und \u00adOpposition im Landtag.<\/p>\n<p><em><small>\u2013 Aldo Mazza im diesw\u00f6chigen ff-Interview<\/small><\/em><\/p><\/blockquote>\n<p>Ich pers\u00f6nlich bin, wie sich unschwer wird erahnen lassen, durchaus f\u00fcr die \u00dcbernahme des katalanischen Modells. Allerdings wird auch in Katalonien das C1-Niveau von \u00c4rztinnen verlangt. Das C1-Niveau wird dort in den meisten F\u00e4llen sogar bei Pflegekr\u00e4ften vorausgesetzt, die in S\u00fcdtirol nur B2 nachweisen m\u00fcssen.<\/p>\n<p>Und nat\u00fcrlich dient die von Mazza zitierte \u00bbeinheitliche Regie\u00ab in Katalonien \u2014 wie in vielen Minderheitengebieten \u2014 ausschlie\u00dflich dem Schutz und der F\u00f6rderung der Minderheitensprache und nicht auch der Staatssprache. Das sei hier nur am Rand erw\u00e4hnt.<\/p>\n<p>Sehr zu begr\u00fc\u00dfen ist Mazzas Vorschlag eines Sprachbarometers f\u00fcr das Gesundheitswesen. Im <a title=\"Salto: La lingua \u00e8 di chi gli serve.\" href=\"https:\/\/salto.bz\/it\/article\/24082026\/la-lingua-e-di-chi-gli-serve\" target=\"_blank\" rel=\"noopener\"><em>Salto<\/em>-Beitrag<\/a> \u00fcber die Vorstellung des Beschlussantrags von <em>Gr\u00fcnen<\/em> und PD hei\u00dft es, damit solle die \u00bbimpressionistische Phase\u00ab \u00fcberwunden werden. Das ist sinnvoll, denn in S\u00fcdtirol gibt es grunds\u00e4tzlich <a title=\"Sprache: Daten als Grundlage f\u00fcr Politik.\" href=\"https:\/\/www.brennerbasisdemokratie.eu\/?p=23110\">viel zu wenige Sprachdaten<\/a>.<\/p>\n<p>Andererseits nennt Mazza als Gr\u00fcnde f\u00fcr die angeblichen Sprachprobleme der deutschen Sprachgruppe laut <em>Salto<\/em> das fast vollst\u00e4ndige Verschwinden der italienischen Sprache aus den \u00bbperipheren\u00ab Gegenden und die fehlende Notwendigkeit, die Sprache im Alltag zu verwenden.<\/p>\n<p>Da frage ich mich, warum man mehr Daten fordert, wenn man selbst die wenigen verf\u00fcgbaren Daten <a title=\"Fr\u00fcher anders.\" href=\"https:\/\/www.brennerbasisdemokratie.eu\/?p=26829\">so konsequent<\/a> ignoriert oder ins glatte Gegenteil verkehrt. Die italienische Sprachgruppe <a title=\"Minderheiten schrumpfen, italienische Sprachgruppe w\u00e4chst \u00fcberall.\" href=\"https:\/\/www.brennerbasisdemokratie.eu\/?p=89449\">w\u00e4chst n\u00e4mlich \u00fcberall<\/a>, die italienische Sprache ist omnipr\u00e4sent und unausweichlich, auch weil das Recht auf Gebrauch der deutschen Sprache <a title=\"AfLB \u2013 Anche nel 2025 segnalazioni in crescita.\" href=\"https:\/\/www.brennerbasisdemokratie.eu\/?p=98613\">systematisch missachtet<\/a> wird. Wenn es eine Sprache gibt, die in S\u00fcdtirol l\u00e4ngst nicht mehr notwendig ist, dann ist es neben der ladinischen die deutsche. Angefangen <a title=\"A Bolzano nessuna necessit\u00e0 di parlare in tedesco.\" href=\"https:\/\/www.brennerbasisdemokratie.eu\/?p=77347\">bei der Landeshauptstadt<\/a>.<\/p>\n<p>Die teilweise glottophoben \u00c4u\u00dferungen zum Dialekt, die in dem <em>Salto<\/em>-Bericht ebenfalls wiedergegeben sind, w\u00e4ren noch einen gesonderten Kommentar wert.<\/p>\n<p><strong><span style=\"font-family: Helvetica, Arial, sans-serif; text-transform: uppercase;\">C\u00ebla enghe:<\/span><\/strong> <a title=\"Medici e professionisti si impegnano per la lingua catalana.\" href=\"https:\/\/www.brennerbasisdemokratie.eu\/?p=85234\"><code>01<\/code><\/a> <a title=\"Krankenpflegerinnen werden f\u00fcr Sprache sensibilisiert.\" href=\"https:\/\/www.brennerbasisdemokratie.eu\/?p=77759\"><code>02<\/code><\/a> <a title=\"Assertivit\u00e0 linguistica, anche in ambito sanitario.\" href=\"https:\/\/www.brennerbasisdemokratie.eu\/?p=99183\"><code>03<\/code><\/a> <span style=\"font-family: Helvetica, Arial, sans-serif; font-weight: normal;\">|<\/span> <a title=\"Deutsch als Wohlf\u00fchlprogramm.\" href=\"https:\/\/www.brennerbasisdemokratie.eu\/?p=100985\"><code>04<\/code><\/a> <a title=\"Gef\u00e4lschte Sprachzertifikate: System der Entrechtung.\" href=\"https:\/\/www.brennerbasisdemokratie.eu\/?p=98968\"><code>05<\/code><\/a> <a title=\"Repetto (PD): Sanit\u00e0, bilinguismo superfluo.\" href=\"https:\/\/www.brennerbasisdemokratie.eu\/?p=50483\"><code>06<\/code><\/a><\/p>","protected":false},"excerpt":{"rendered":"<p>Der Gr\u00fcnder der Sprachschule Alpha Beta, Aldo Mazza, hat zuletzt mehrere Vorschl\u00e4ge zur Reform der Sprachpolitik unterbreitet, insbesondere zur Zweisprachigkeit im Gesundheitswesen. Sie sind in einen gemeinsamen Beschlussantrag (Nr. 446\/26) von Gr\u00fcnen und PD eingeflossen, dessen beschlie\u00dfenden Teil ich gro\u00dfteils relativ sinnvoll finde. Ich m\u00f6chte hier aber einige Aussagen von Mazza, die in den Medien [&hellip;]<\/p>","protected":false},"author":1,"featured_media":0,"comment_status":"open","ping_status":"open","sticky":false,"template":"","format":"standard","meta":{"ngg_post_thumbnail":0,"_jetpack_newsletter_access":"","_jetpack_dont_email_post_to_subs":false,"_jetpack_newsletter_tier_id":0,"_jetpack_memberships_contains_paywalled_content":false,"_jetpack_memberships_contains_paid_content":false,"footnotes":""},"categories":[1],"tags":[],"class_list":["post-101129","post","type-post","status-publish","format-standard","hentry","category-allgemein","entity-landesregierung","entity-pd","entity-sabes","entity-stf","entity-sudtiroler-landtag","entity-svp","entity-verc","issue-bilinguismo-negato","issue-sprachbarometer","issue-zitac","location-canada","location-catalunya","location-deutschland","location-sudtirolo","language-deutsch","medium-ff","medium-salto","person-aldo-mazza","person-arno-kompatscher","topic-dialekt","topic-gesundheit","topic-minderheitenschutz","topic-minorisaziun","topic-plurilinguism","topic-politik","topic-sprachpolitik","topic-statistik","topic-wissenschaft"],"yoast_head":"<!-- This site is optimized with the Yoast SEO plugin v28.4 - https:\/\/yoast.com\/product\/yoast-seo-wordpress\/ -->\n<title>Aldo Mazza und Deutsch im Gesundheitswesen. - BBD<\/title>\n<meta name=\"robots\" content=\"index, follow, max-snippet:-1, max-image-preview:large, max-video-preview:-1\" \/>\n<link rel=\"canonical\" href=\"https:\/\/www.brennerbasisdemokratie.eu\/?p=101129\" \/>\n<meta property=\"og:locale\" content=\"en_GB\" \/>\n<meta property=\"og:type\" content=\"article\" \/>\n<meta property=\"og:title\" content=\"Aldo Mazza und Deutsch im Gesundheitswesen. - BBD\" \/>\n<meta property=\"og:description\" content=\"Der Gr\u00fcnder der Sprachschule Alpha Beta, Aldo Mazza, hat zuletzt mehrere Vorschl\u00e4ge zur Reform der Sprachpolitik unterbreitet, insbesondere zur Zweisprachigkeit im Gesundheitswesen. Sie sind in einen gemeinsamen Beschlussantrag (Nr. 446\/26) von Gr\u00fcnen und PD eingeflossen, dessen beschlie\u00dfenden Teil ich gro\u00dfteils relativ sinnvoll finde. Ich m\u00f6chte hier aber einige Aussagen von Mazza, die in den Medien [&hellip;]\" \/>\n<meta property=\"og:url\" content=\"https:\/\/www.brennerbasisdemokratie.eu\/?p=101129\" \/>\n<meta property=\"og:site_name\" content=\"BBD\" \/>\n<meta property=\"article:publisher\" content=\"https:\/\/www.facebook.com\/Brennerbasisdemokratie\/\" \/>\n<meta property=\"article:published_time\" content=\"2026-09-03T13:13:37+00:00\" \/>\n<meta property=\"article:modified_time\" content=\"2026-09-04T21:21:05+00:00\" \/>\n<meta property=\"og:image\" content=\"https:\/\/www.brennerbasisdemokratie.eu\/wp-content\/uploads\/2026\/08\/bbd-defaultimage.png\" \/>\n\t<meta property=\"og:image:width\" content=\"1200\" \/>\n\t<meta property=\"og:image:height\" content=\"630\" \/>\n\t<meta property=\"og:image:type\" content=\"image\/png\" \/>\n<meta name=\"author\" content=\"Simon Constantini\" \/>\n<meta name=\"twitter:card\" content=\"summary_large_image\" \/>\n<meta name=\"twitter:creator\" content=\"@31bbd\" \/>\n<meta name=\"twitter:site\" content=\"@31bbd\" \/>\n<meta name=\"twitter:label1\" content=\"Written by\" \/>\n\t<meta name=\"twitter:data1\" content=\"Simon Constantini\" \/>\n\t<meta name=\"twitter:label2\" content=\"Estimated reading time\" \/>\n\t<meta name=\"twitter:data2\" content=\"5 minutes\" \/>\n<script type=\"application\/ld+json\" class=\"yoast-schema-graph\">{\"@context\":\"https:\\\/\\\/schema.org\",\"@graph\":[{\"@type\":\"Article\",\"@id\":\"https:\\\/\\\/www.brennerbasisdemokratie.eu\\\/?p=101129#article\",\"isPartOf\":{\"@id\":\"https:\\\/\\\/www.brennerbasisdemokratie.eu\\\/?p=101129\"},\"author\":{\"name\":\"Simon Constantini\",\"@id\":\"https:\\\/\\\/www.brennerbasisdemokratie.eu\\\/#\\\/schema\\\/person\\\/d02c4d1a3c6c3b2c70d7c7f27eb857ec\"},\"headline\":\"Aldo Mazza und Deutsch im Gesundheitswesen.\",\"datePublished\":\"2026-09-03T13:13:37+00:00\",\"dateModified\":\"2026-09-04T21:21:05+00:00\",\"mainEntityOfPage\":{\"@id\":\"https:\\\/\\\/www.brennerbasisdemokratie.eu\\\/?p=101129\"},\"wordCount\":996,\"commentCount\":1,\"publisher\":{\"@id\":\"https:\\\/\\\/www.brennerbasisdemokratie.eu\\\/#organization\"},\"articleSection\":[\"BBD\"],\"inLanguage\":\"en-GB\",\"potentialAction\":[{\"@type\":\"CommentAction\",\"name\":\"Comment\",\"target\":[\"https:\\\/\\\/www.brennerbasisdemokratie.eu\\\/?p=101129#respond\"]}]},{\"@type\":\"WebPage\",\"@id\":\"https:\\\/\\\/www.brennerbasisdemokratie.eu\\\/?p=101129\",\"url\":\"https:\\\/\\\/www.brennerbasisdemokratie.eu\\\/?p=101129\",\"name\":\"Aldo Mazza und Deutsch im Gesundheitswesen. - BBD\",\"isPartOf\":{\"@id\":\"https:\\\/\\\/www.brennerbasisdemokratie.eu\\\/#website\"},\"datePublished\":\"2026-09-03T13:13:37+00:00\",\"dateModified\":\"2026-09-04T21:21:05+00:00\",\"breadcrumb\":{\"@id\":\"https:\\\/\\\/www.brennerbasisdemokratie.eu\\\/?p=101129#breadcrumb\"},\"inLanguage\":\"en-GB\",\"potentialAction\":[{\"@type\":\"ReadAction\",\"target\":[\"https:\\\/\\\/www.brennerbasisdemokratie.eu\\\/?p=101129\"]}]},{\"@type\":\"BreadcrumbList\",\"@id\":\"https:\\\/\\\/www.brennerbasisdemokratie.eu\\\/?p=101129#breadcrumb\",\"itemListElement\":[{\"@type\":\"ListItem\",\"position\":1,\"name\":\"Home\",\"item\":\"https:\\\/\\\/www.brennerbasisdemokratie.eu\\\/\"},{\"@type\":\"ListItem\",\"position\":2,\"name\":\"Aldo Mazza und Deutsch im Gesundheitswesen.\"}]},{\"@type\":\"WebSite\",\"@id\":\"https:\\\/\\\/www.brennerbasisdemokratie.eu\\\/#website\",\"url\":\"https:\\\/\\\/www.brennerbasisdemokratie.eu\\\/\",\"name\":\"Brennerbasisdemokratie\",\"description\":\"linksgr\u00fcnversiffter Separatismus\",\"publisher\":{\"@id\":\"https:\\\/\\\/www.brennerbasisdemokratie.eu\\\/#organization\"},\"alternateName\":\"BBD\",\"potentialAction\":[{\"@type\":\"SearchAction\",\"target\":{\"@type\":\"EntryPoint\",\"urlTemplate\":\"https:\\\/\\\/www.brennerbasisdemokratie.eu\\\/?s={search_term_string}\"},\"query-input\":{\"@type\":\"PropertyValueSpecification\",\"valueRequired\":true,\"valueName\":\"search_term_string\"}}],\"inLanguage\":\"en-GB\"},{\"@type\":\"Organization\",\"@id\":\"https:\\\/\\\/www.brennerbasisdemokratie.eu\\\/#organization\",\"name\":\"BBD\",\"url\":\"https:\\\/\\\/www.brennerbasisdemokratie.eu\\\/\",\"logo\":{\"@type\":\"ImageObject\",\"inLanguage\":\"en-GB\",\"@id\":\"https:\\\/\\\/www.brennerbasisdemokratie.eu\\\/#\\\/schema\\\/logo\\\/image\\\/\",\"url\":\"\",\"contentUrl\":\"\",\"caption\":\"BBD\"},\"image\":{\"@id\":\"https:\\\/\\\/www.brennerbasisdemokratie.eu\\\/#\\\/schema\\\/logo\\\/image\\\/\"},\"sameAs\":[\"https:\\\/\\\/www.facebook.com\\\/Brennerbasisdemokratie\\\/\",\"https:\\\/\\\/x.com\\\/31bbd\",\"https:\\\/\\\/bsky.app\\\/profile\\\/31bbd.bsky.social\",\"https:\\\/\\\/tyrol.social\\\/@bbd\"]},{\"@type\":\"Person\",\"@id\":\"https:\\\/\\\/www.brennerbasisdemokratie.eu\\\/#\\\/schema\\\/person\\\/d02c4d1a3c6c3b2c70d7c7f27eb857ec\",\"name\":\"Simon Constantini\",\"image\":{\"@type\":\"ImageObject\",\"inLanguage\":\"en-GB\",\"@id\":\"https:\\\/\\\/secure.gravatar.com\\\/avatar\\\/48c8e5a626e54792d47a47aaa2dfe3ad32a7e03bd56f76114a8ecaae23e227ff?s=96&d=identicon&r=r\",\"url\":\"https:\\\/\\\/secure.gravatar.com\\\/avatar\\\/48c8e5a626e54792d47a47aaa2dfe3ad32a7e03bd56f76114a8ecaae23e227ff?s=96&d=identicon&r=r\",\"contentUrl\":\"https:\\\/\\\/secure.gravatar.com\\\/avatar\\\/48c8e5a626e54792d47a47aaa2dfe3ad32a7e03bd56f76114a8ecaae23e227ff?s=96&d=identicon&r=r\",\"caption\":\"Simon Constantini\"},\"sameAs\":[\"http:\\\/\\\/www.brennerbasisdemokratie.eu\\\/?author=1\"],\"url\":\"https:\\\/\\\/www.brennerbasisdemokratie.eu\\\/?author=1\"}]}<\/script>\n<!-- \/ Yoast SEO plugin. -->","yoast_head_json":{"title":"Aldo Mazza und Deutsch im Gesundheitswesen. - BBD","robots":{"index":"index","follow":"follow","max-snippet":"max-snippet:-1","max-image-preview":"max-image-preview:large","max-video-preview":"max-video-preview:-1"},"canonical":"https:\/\/www.brennerbasisdemokratie.eu\/?p=101129","og_locale":"en_GB","og_type":"article","og_title":"Aldo Mazza und Deutsch im Gesundheitswesen. - BBD","og_description":"Der Gr\u00fcnder der Sprachschule Alpha Beta, Aldo Mazza, hat zuletzt mehrere Vorschl\u00e4ge zur Reform der Sprachpolitik unterbreitet, insbesondere zur Zweisprachigkeit im Gesundheitswesen. Sie sind in einen gemeinsamen Beschlussantrag (Nr. 446\/26) von Gr\u00fcnen und PD eingeflossen, dessen beschlie\u00dfenden Teil ich gro\u00dfteils relativ sinnvoll finde. Ich m\u00f6chte hier aber einige Aussagen von Mazza, die in den Medien [&hellip;]","og_url":"https:\/\/www.brennerbasisdemokratie.eu\/?p=101129","og_site_name":"BBD","article_publisher":"https:\/\/www.facebook.com\/Brennerbasisdemokratie\/","article_published_time":"2026-09-03T13:13:37+00:00","article_modified_time":"2026-09-04T21:21:05+00:00","og_image":[{"width":1200,"height":630,"url":"https:\/\/www.brennerbasisdemokratie.eu\/wp-content\/uploads\/2026\/08\/bbd-defaultimage.png","type":"image\/png"}],"author":"Simon Constantini","twitter_card":"summary_large_image","twitter_creator":"@31bbd","twitter_site":"@31bbd","twitter_misc":{"Written by":"Simon Constantini","Estimated reading time":"5 minutes"},"schema":{"@context":"https:\/\/schema.org","@graph":[{"@type":"Article","@id":"https:\/\/www.brennerbasisdemokratie.eu\/?p=101129#article","isPartOf":{"@id":"https:\/\/www.brennerbasisdemokratie.eu\/?p=101129"},"author":{"name":"Simon Constantini","@id":"https:\/\/www.brennerbasisdemokratie.eu\/#\/schema\/person\/d02c4d1a3c6c3b2c70d7c7f27eb857ec"},"headline":"Aldo Mazza und Deutsch im Gesundheitswesen.","datePublished":"2026-09-03T13:13:37+00:00","dateModified":"2026-09-04T21:21:05+00:00","mainEntityOfPage":{"@id":"https:\/\/www.brennerbasisdemokratie.eu\/?p=101129"},"wordCount":996,"commentCount":1,"publisher":{"@id":"https:\/\/www.brennerbasisdemokratie.eu\/#organization"},"articleSection":["BBD"],"inLanguage":"en-GB","potentialAction":[{"@type":"CommentAction","name":"Comment","target":["https:\/\/www.brennerbasisdemokratie.eu\/?p=101129#respond"]}]},{"@type":"WebPage","@id":"https:\/\/www.brennerbasisdemokratie.eu\/?p=101129","url":"https:\/\/www.brennerbasisdemokratie.eu\/?p=101129","name":"Aldo Mazza und Deutsch im Gesundheitswesen. - BBD","isPartOf":{"@id":"https:\/\/www.brennerbasisdemokratie.eu\/#website"},"datePublished":"2026-09-03T13:13:37+00:00","dateModified":"2026-09-04T21:21:05+00:00","breadcrumb":{"@id":"https:\/\/www.brennerbasisdemokratie.eu\/?p=101129#breadcrumb"},"inLanguage":"en-GB","potentialAction":[{"@type":"ReadAction","target":["https:\/\/www.brennerbasisdemokratie.eu\/?p=101129"]}]},{"@type":"BreadcrumbList","@id":"https:\/\/www.brennerbasisdemokratie.eu\/?p=101129#breadcrumb","itemListElement":[{"@type":"ListItem","position":1,"name":"Home","item":"https:\/\/www.brennerbasisdemokratie.eu\/"},{"@type":"ListItem","position":2,"name":"Aldo Mazza und Deutsch im Gesundheitswesen."}]},{"@type":"WebSite","@id":"https:\/\/www.brennerbasisdemokratie.eu\/#website","url":"https:\/\/www.brennerbasisdemokratie.eu\/","name":"Brennerbasisdemokratie","description":"linksgr\u00fcnversiffter Separatismus","publisher":{"@id":"https:\/\/www.brennerbasisdemokratie.eu\/#organization"},"alternateName":"BBD","potentialAction":[{"@type":"SearchAction","target":{"@type":"EntryPoint","urlTemplate":"https:\/\/www.brennerbasisdemokratie.eu\/?s={search_term_string}"},"query-input":{"@type":"PropertyValueSpecification","valueRequired":true,"valueName":"search_term_string"}}],"inLanguage":"en-GB"},{"@type":"Organization","@id":"https:\/\/www.brennerbasisdemokratie.eu\/#organization","name":"BBD","url":"https:\/\/www.brennerbasisdemokratie.eu\/","logo":{"@type":"ImageObject","inLanguage":"en-GB","@id":"https:\/\/www.brennerbasisdemokratie.eu\/#\/schema\/logo\/image\/","url":"","contentUrl":"","caption":"BBD"},"image":{"@id":"https:\/\/www.brennerbasisdemokratie.eu\/#\/schema\/logo\/image\/"},"sameAs":["https:\/\/www.facebook.com\/Brennerbasisdemokratie\/","https:\/\/x.com\/31bbd","https:\/\/bsky.app\/profile\/31bbd.bsky.social","https:\/\/tyrol.social\/@bbd"]},{"@type":"Person","@id":"https:\/\/www.brennerbasisdemokratie.eu\/#\/schema\/person\/d02c4d1a3c6c3b2c70d7c7f27eb857ec","name":"Simon Constantini","image":{"@type":"ImageObject","inLanguage":"en-GB","@id":"https:\/\/secure.gravatar.com\/avatar\/48c8e5a626e54792d47a47aaa2dfe3ad32a7e03bd56f76114a8ecaae23e227ff?s=96&d=identicon&r=r","url":"https:\/\/secure.gravatar.com\/avatar\/48c8e5a626e54792d47a47aaa2dfe3ad32a7e03bd56f76114a8ecaae23e227ff?s=96&d=identicon&r=r","contentUrl":"https:\/\/secure.gravatar.com\/avatar\/48c8e5a626e54792d47a47aaa2dfe3ad32a7e03bd56f76114a8ecaae23e227ff?s=96&d=identicon&r=r","caption":"Simon Constantini"},"sameAs":["http:\/\/www.brennerbasisdemokratie.eu\/?author=1"],"url":"https:\/\/www.brennerbasisdemokratie.eu\/?author=1"}]}},"jetpack_sharing_enabled":true,"jetpack_featured_media_url":"","_links":{"self":[{"href":"https:\/\/www.brennerbasisdemokratie.eu\/index.php?rest_route=\/wp\/v2\/posts\/101129","targetHints":{"allow":["GET"]}}],"collection":[{"href":"https:\/\/www.brennerbasisdemokratie.eu\/index.php?rest_route=\/wp\/v2\/posts"}],"about":[{"href":"https:\/\/www.brennerbasisdemokratie.eu\/index.php?rest_route=\/wp\/v2\/types\/post"}],"author":[{"embeddable":true,"href":"https:\/\/www.brennerbasisdemokratie.eu\/index.php?rest_route=\/wp\/v2\/users\/1"}],"replies":[{"embeddable":true,"href":"https:\/\/www.brennerbasisdemokratie.eu\/index.php?rest_route=%2Fwp%2Fv2%2Fcomments&post=101129"}],"version-history":[{"count":20,"href":"https:\/\/www.brennerbasisdemokratie.eu\/index.php?rest_route=\/wp\/v2\/posts\/101129\/revisions"}],"predecessor-version":[{"id":101174,"href":"https:\/\/www.brennerbasisdemokratie.eu\/index.php?rest_route=\/wp\/v2\/posts\/101129\/revisions\/101174"}],"wp:attachment":[{"href":"https:\/\/www.brennerbasisdemokratie.eu\/index.php?rest_route=%2Fwp%2Fv2%2Fmedia&parent=101129"}],"wp:term":[{"taxonomy":"category","embeddable":true,"href":"https:\/\/www.brennerbasisdemokratie.eu\/index.php?rest_route=%2Fwp%2Fv2%2Fcategories&post=101129"},{"taxonomy":"post_tag","embeddable":true,"href":"https:\/\/www.brennerbasisdemokratie.eu\/index.php?rest_route=%2Fwp%2Fv2%2Ftags&post=101129"}],"curies":[{"name":"wp","href":"https:\/\/api.w.org\/{rel}","templated":true}]}}