{"id":1058,"date":"2008-04-19T13:27:20","date_gmt":"2008-04-19T11:27:20","guid":{"rendered":"http:\/\/www.brennerbasisdemokratie.eu\/?p=1058"},"modified":"2020-07-21T16:26:22","modified_gmt":"2020-07-21T14:26:22","slug":"dreh-und-angelpunkt","status":"publish","type":"post","link":"https:\/\/www.brennerbasisdemokratie.eu\/?p=1058","title":{"rendered":"Dreh- und Angelpunkt."},"content":{"rendered":"<p><em>Angesichts des Wahlausgangs in S\u00fcdtirol \u2014 aus aktuellem Anlass also \u2014 m\u00f6chte ich hier einige \u00dcberlegungen ver\u00f6ffentlichen, die ich schon vor l\u00e4ngerer Zeit niedergeschrieben hatte.<\/em><\/p>\n<p>Die S\u00fcdtiroler Rechtsparteien propagieren ein Selbstbestimmungsmodell, das auf die R\u00fcckkehr in die Vergangenheit, ins angeblich Rechtm\u00e4\u00dfige setzt. Sie tr\u00e4umen de facto davon, den Zustand wiederherzustellen, wie er war, bevor die ungerechte Teilung dieses Landes vollzogen wurde. Das ist ein Traum, der niemals realisiert werden kann, weil man das Rad der Zeit nicht wieder zur\u00fcckdrehen kann.<\/p>\n<p>Es wurde in diesem Blog schon mehrmals geschrieben \u2014 es ist sogar die Grundlage seiner Existenz \u2014 doch ich finde es wichtig, dieses Problem ganz ausdr\u00fccklich anzusprechen: Die Rechtsparteien, die sich f\u00fcr die Unabh\u00e4ngigkeit dieses Landes stark machen, scheinen nicht verstanden zu haben, dass die Forderung nach Unabh\u00e4ngigkeit nicht ein politisches Thema <em>per se<\/em> sein kann, sondern nach einem gesamtgesellschaftlichen Projekt verlangt. Nicht nur kann es sich nicht gegen einen Teil der hier ans\u00e4ssigen Bev\u00f6lkerung richten, es darf auch niemanden am Rande liegen lassen. Gerade die Italiener hier im Lande \u2014 bzw. die Gesamtgesellschaft \u2014 m\u00fcssen im Mittelpunkt dieser Entwicklung stehen. Das ist der Dreh- und Angelpunkt der Angelegenheit, kein Detail, das man beil\u00e4ufig l\u00f6sen kann.<\/p>\n<p>Die Abspaltung vom Nationalstaat Italien kann nur dann gl\u00fccken \u2014 und hat auch nur dann Sinn! \u2014 wenn wir dadurch eine innere Befriedung erreichen k\u00f6nnen. Aus diesem Grund ist das Engagement der Rechten f\u00fcr dieses Ziel (so wie sie agieren) nicht nur aussichtslos, sondern auch noch kontraproduktiv. Jeder Ansatz, der ohne ein gesamtgesellschaftliches Konzept auszukommen glaubt, jedes Projekt, das nicht zuallererst auf die Korrektur der bestehenden Schieflage (ein gro\u00dfer Teil der Gesellschaft f\u00fchlt sich ausgeschlossen, ja sogar angegriffen) setzt, entfernt uns weiter von dem Ziel, einst in einem befriedeten Land gemeinsam frei \u00fcber unsere Zukunft befinden zu d\u00fcrfen. Nicht die Ausl\u00f6schung eines Unrechts kann man durch die Unabh\u00e4ngigkeit erreichen, sondern etwas v\u00f6llig Neues\u2026<\/p>","protected":false},"excerpt":{"rendered":"<p>Angesichts des Wahlausgangs in S\u00fcdtirol \u2014 aus aktuellem Anlass also \u2014 m\u00f6chte ich hier einige \u00dcberlegungen ver\u00f6ffentlichen, die ich schon vor l\u00e4ngerer Zeit niedergeschrieben hatte. Die S\u00fcdtiroler Rechtsparteien propagieren ein Selbstbestimmungsmodell, das auf die R\u00fcckkehr in die Vergangenheit, ins angeblich Rechtm\u00e4\u00dfige setzt. Sie tr\u00e4umen de facto davon, den Zustand wiederherzustellen, wie er war, bevor die [&hellip;]<\/p>","protected":false},"author":1,"featured_media":0,"comment_status":"open","ping_status":"open","sticky":false,"template":"","format":"standard","meta":{"_crdt_document":"","ngg_post_thumbnail":0,"_jetpack_memberships_contains_paid_content":false,"footnotes":""},"categories":[1],"tags":[],"class_list":["post-1058","post","type-post","status-publish","format-standard","hentry","category-allgemein","entity-burgerunion","entity-freiheitliche","entity-stf","location-sudtirolo","language-deutsch","topic-geschichte","topic-kohasion","topic-politik","topic-selbstbestimmung"],"jetpack_featured_media_url":"","jetpack_sharing_enabled":true,"_links":{"self":[{"href":"https:\/\/www.brennerbasisdemokratie.eu\/index.php?rest_route=\/wp\/v2\/posts\/1058","targetHints":{"allow":["GET"]}}],"collection":[{"href":"https:\/\/www.brennerbasisdemokratie.eu\/index.php?rest_route=\/wp\/v2\/posts"}],"about":[{"href":"https:\/\/www.brennerbasisdemokratie.eu\/index.php?rest_route=\/wp\/v2\/types\/post"}],"author":[{"embeddable":true,"href":"https:\/\/www.brennerbasisdemokratie.eu\/index.php?rest_route=\/wp\/v2\/users\/1"}],"replies":[{"embeddable":true,"href":"https:\/\/www.brennerbasisdemokratie.eu\/index.php?rest_route=%2Fwp%2Fv2%2Fcomments&post=1058"}],"version-history":[{"count":5,"href":"https:\/\/www.brennerbasisdemokratie.eu\/index.php?rest_route=\/wp\/v2\/posts\/1058\/revisions"}],"predecessor-version":[{"id":28207,"href":"https:\/\/www.brennerbasisdemokratie.eu\/index.php?rest_route=\/wp\/v2\/posts\/1058\/revisions\/28207"}],"wp:attachment":[{"href":"https:\/\/www.brennerbasisdemokratie.eu\/index.php?rest_route=%2Fwp%2Fv2%2Fmedia&parent=1058"}],"wp:term":[{"taxonomy":"category","embeddable":true,"href":"https:\/\/www.brennerbasisdemokratie.eu\/index.php?rest_route=%2Fwp%2Fv2%2Fcategories&post=1058"},{"taxonomy":"post_tag","embeddable":true,"href":"https:\/\/www.brennerbasisdemokratie.eu\/index.php?rest_route=%2Fwp%2Fv2%2Ftags&post=1058"}],"curies":[{"name":"wp","href":"https:\/\/api.w.org\/{rel}","templated":true}]}}