{"id":1082,"date":"2008-02-04T20:17:07","date_gmt":"2008-02-04T19:17:07","guid":{"rendered":"http:\/\/www.brennerbasisdemokratie.eu\/?p=1082"},"modified":"2021-06-11T09:37:02","modified_gmt":"2021-06-11T07:37:02","slug":"omniscom-wirbt-auf-ladinisch","status":"publish","type":"post","link":"https:\/\/www.brennerbasisdemokratie.eu\/?p=1082","title":{"rendered":"Omniscom wirbt auf Ladinisch."},"content":{"rendered":"<blockquote><p><img decoding=\"async\" id=\"image1081\" class=\"aligncenter\" src=\"http:\/\/www.brennerbasisdemokratie.eu\/wp-content\/uploads\/2008\/02\/ncorporlesport.jpg\" alt=\"N c\u00f6r por le sport.\" \/><\/p><\/blockquote>\n<p>Die <a title=\"Omniscom.\" href=\"http:\/\/www.omniscom.it\/omniscom-d.htm\" target=\"_blank\" rel=\"noopener noreferrer\"><em>Omniscom<\/em>-Gruppe<\/a> <em>(A&amp;O, Alimarket, famila&#8230;)<\/em> mit Sitz in Bozen setzt in ihrer \u00d6ffentlichkeitsarbeit verst\u00e4rkt auf Dreisprachigkeit. Auf Plakaten und Bussen in der Landeshauptstadt kommt neben Deutsch und Italienisch auch die ladinische Sprache zum Zuge. Was mir hier einen Eintrag abringt, k\u00f6nnte eigentlich l\u00e4ngst selbstverst\u00e4ndlich sein \u2014 doch leider bleibt Dreisprachigkeit au\u00dferhalb der ladinischen Ortschaften die absolute Ausnahme.<\/p>\n<p>Obschon in der Werbung auch die ladinische Webadresse <strong>www.ncoerporlesport.it<\/strong> aufscheint, bleibt die Seite jedoch vorerst zweisprachig Deutsch und Italienisch.<\/p>\n<p>Vielleicht, hoffentlich setzt sich die Tendenz, der ladinischen Sprache einen angemessenen Platz in unserer Gesellschaft zu geben, nachdem sie Jahrzehnte lang diskriminierenden und assimilatorischen Kr\u00e4ften ausgesetzt war, endlich allgemein durch. Ein unverzichtbarer Schritt in diese Richtung w\u00e4re selbstredend auch die vom deutschen Sch\u00fclerbeirat geforderte <a title=\"Ladin per du\u00c4\u2021.\" href=\"http:\/\/www.brennerbasisdemokratie.eu\/?p=1076\">Einf\u00fchrung von Ladinischstunden<\/a> an allen Schulen.<\/p>\n<p><strong><span style=\"font-family: Helvetica, Arial, sans-serif; text-transform: uppercase;\">C\u00ebla enghe:<\/span><\/strong> <a title=\"Ein St\u00fcck Vielfalt bei Innerhofer.\" href=\"https:\/\/www.brennerbasisdemokratie.eu\/?p=16488\"><span style=\"color: #ff8c00\"><code>01<\/code><\/span><\/a> <a title=\"Dreisprachigkeit bei Spar in S. Crestina.\" href=\"https:\/\/www.brennerbasisdemokratie.eu\/?p=26423\"><span style=\"color: #ff8c00\"><code>02<\/code><\/span><\/a><\/p>","protected":false},"excerpt":{"rendered":"<p>Die Omniscom-Gruppe (A&amp;O, Alimarket, famila&#8230;) mit Sitz in Bozen setzt in ihrer \u00d6ffentlichkeitsarbeit verst\u00e4rkt auf Dreisprachigkeit. Auf Plakaten und Bussen in der Landeshauptstadt kommt neben Deutsch und Italienisch auch die ladinische Sprache zum Zuge. Was mir hier einen Eintrag abringt, k\u00f6nnte eigentlich l\u00e4ngst selbstverst\u00e4ndlich sein \u2014 doch leider bleibt Dreisprachigkeit au\u00dferhalb der ladinischen Ortschaften die [&hellip;]<\/p>","protected":false},"author":1,"featured_media":0,"comment_status":"open","ping_status":"open","sticky":false,"template":"","format":"standard","meta":{"_crdt_document":"","ngg_post_thumbnail":0,"_jetpack_memberships_contains_paid_content":false,"footnotes":""},"categories":[1],"tags":[],"class_list":["post-1082","post","type-post","status-publish","format-standard","hentry","category-allgemein","issue-good-news","location-ladinia","location-sudtirolo","language-deutsch","topic-minderheitenschutz","topic-plurilinguism","topic-verbraucherinnen","topic-wirtschaft"],"jetpack_featured_media_url":"","jetpack_sharing_enabled":true,"_links":{"self":[{"href":"https:\/\/www.brennerbasisdemokratie.eu\/index.php?rest_route=\/wp\/v2\/posts\/1082","targetHints":{"allow":["GET"]}}],"collection":[{"href":"https:\/\/www.brennerbasisdemokratie.eu\/index.php?rest_route=\/wp\/v2\/posts"}],"about":[{"href":"https:\/\/www.brennerbasisdemokratie.eu\/index.php?rest_route=\/wp\/v2\/types\/post"}],"author":[{"embeddable":true,"href":"https:\/\/www.brennerbasisdemokratie.eu\/index.php?rest_route=\/wp\/v2\/users\/1"}],"replies":[{"embeddable":true,"href":"https:\/\/www.brennerbasisdemokratie.eu\/index.php?rest_route=%2Fwp%2Fv2%2Fcomments&post=1082"}],"version-history":[{"count":6,"href":"https:\/\/www.brennerbasisdemokratie.eu\/index.php?rest_route=\/wp\/v2\/posts\/1082\/revisions"}],"predecessor-version":[{"id":66298,"href":"https:\/\/www.brennerbasisdemokratie.eu\/index.php?rest_route=\/wp\/v2\/posts\/1082\/revisions\/66298"}],"wp:attachment":[{"href":"https:\/\/www.brennerbasisdemokratie.eu\/index.php?rest_route=%2Fwp%2Fv2%2Fmedia&parent=1082"}],"wp:term":[{"taxonomy":"category","embeddable":true,"href":"https:\/\/www.brennerbasisdemokratie.eu\/index.php?rest_route=%2Fwp%2Fv2%2Fcategories&post=1082"},{"taxonomy":"post_tag","embeddable":true,"href":"https:\/\/www.brennerbasisdemokratie.eu\/index.php?rest_route=%2Fwp%2Fv2%2Ftags&post=1082"}],"curies":[{"name":"wp","href":"https:\/\/api.w.org\/{rel}","templated":true}]}}