{"id":11063,"date":"2012-04-29T11:31:16","date_gmt":"2012-04-29T09:31:16","guid":{"rendered":"http:\/\/www.brennerbasisdemokratie.eu\/?p=11063"},"modified":"2025-07-21T16:26:43","modified_gmt":"2025-07-21T14:26:43","slug":"il-lungo-talvera-degli-alpini","status":"publish","type":"post","link":"https:\/\/www.brennerbasisdemokratie.eu\/?p=11063","title":{"rendered":"Il Lungo Talvera \u00abdegli Alpini\u00bb."},"content":{"rendered":"<p>In occasione dell&#8217;imminente adunata degli <em>Alpini<\/em> a Bolzano sono molte le voci (quella del sindaco e quella degli <em>Alpini<\/em> stessi ad esempio) che attribuiscono le opere pubbliche pi\u00f9 disparate al volenteroso intervento dei militari. Nulla in contrario a dare a Cesare quel che \u00e8 di Cesare, ma allora bisogna andare fino in fondo. Ecco la descrizione degli eventi attorno al Lungo Talvera (\u00abdegli Alpini\u00bb) fatta dall&#8217;ex direttore dell&#8217;<em>Agenzia per la regolazione dei corsi d&#8217;acqua e la difesa del suolo<\/em>, Dr. Ernst Watschinger, al <em>Heimatbund:<\/em><\/p>\n<blockquote><p><img loading=\"lazy\" decoding=\"async\" class=\"aligncenter\" title=\"Lungo Talvera.\" src=\"http:\/\/www.brennerbasisdemokratie.eu\/wp-content\/uploads\/2009\/12\/alpiniwassermauer.jpg\" alt=\"\" width=\"300\" height=\"219\"\/><\/p><\/blockquote>\n<blockquote><p>Per capire bene come si sia svolta la vicenda, sarebbe necessaria una lunga descrizione della realt\u00e0 politico-amministrativa dell&#8217;epoca, cio\u00e8 del biennio 1972-73, che ometteremo per brevit\u00e0. Tutto ebbe inizio quando nell&#8217;autunno 1972 un&#8217;unit\u00e0 militare, presumibilmente degli alpini, ricevette dall&#8217;unico ufficio allora competente nella regolazione dei fiumi, il Genio civile dello stato, l&#8217;autorizzazione a costruire con materiale di cava un letto del fiume di 30-40 metri all&#8217;interno della vasta conca preesistente, larga oltre 100 metri.<\/p>\n<p>Dopo uno scavo di circa 200 metri a monte ed a valle del Ponte Talvera i lavori arrivarono presto ad un punto morto, perch\u00e9 le escavatrici in dotazione all&#8217;esercito non erano adatte a quel genere di terreno, composto in gran parte da pietre. Cos\u00ec il vice sindaco, Dr. Hugo Gamper, mi preg\u00f2 di redigere un progetto ragionevole e di facile applicazione per la regolazione del fiume, la realizzazione dei prati verdi soprastanti e di interpellare per i conseguenti lavori anche l&#8217;ufficio regionale per la regolazione dei corsi d&#8217;acqua. I costi di realizzazione furono totalmente assunti dalla citt\u00e0 di Bolzano, pur nella consapevolezza che l&#8217;ufficio competente sarebbe stato il suddetto Genio civile (che per\u00f2 non aveva possibilit\u00e0 di finanziare l&#8217;opera) e che l&#8217;ufficio regionale per la regolazione dei corsi d&#8217;acqua non disponeva all&#8217;epoca ancora della competenza per intervenire sui fiumi. In seguito elaborai nei miei uffici il progetto per la regolazione di quei 2 km di letto del fiume che si estende da Sant&#8217;Antonio fino alla confluenza con l&#8217;Isarco, in collaborazione con l&#8217;ingegnere capo del comune, Ing. Segalla. Il vice sindaco Gamper ci promise a questo proposito che il comune si sarebbe occupato del finanziamento dell&#8217;opera e dei permessi burocratici.<\/p>\n<p>Alla fine del febbraio 1973 si cominci\u00f2 l&#8217;opera: per primo si effettuarono i lavori di scavo con enormi escavatrici e, grazie ad una fortunata coincidenza temporale, si poterono usare per il riempimento i materiali di scavo provenienti dal cantiere dell&#8217;autostrada, che lavorava contemporaneamente. In questo modo poterono essere riempiti i quasi 2 km di canalizzazione con migliaia e migliaia di enormi massi di porfido, nelle cui fughe furono poi piantati alberi, che in poco tempo divennero sufficientemente robusti. L&#8217;opera di canalizzazione del letto venne concepita e realizzata in modo che anche in presenza di un&#8217;inondazione davvero eccezionale, le acque avrebbero potuto rifluire nel loro alveo senza causare danni. Su questo fondo roccioso fu poi possibile applicare del terreno che rendesse possibile la copertura verde che vediamo oggi.<\/p>\n<p>Di questi ultimi lavori si occup\u00f2 la giardineria comunale, il cui capo era allora Gildo Spagnolli, padre dell&#8217;odierno sindaco. Questa, in sostanza, la storia della regolazione del Talvera, per come la ricordo dopo 40 anni. I costi assunti dall&#8217;Agenzia provinciale per la regolazione dei corsi d&#8217;acqua per i lavori di canalizzazione eseguiti ammontavano a 270 milioni di lire (circa 135 milioni di Euro odierni).<\/p>\n<p>Gi\u00e0 poco dopo la fine dei lavori cominci\u00f2, per\u00f2 a circolare la voce che il progetto ed i lavori fossero stati opera di un certo Ing. Lettieri, all&#8217;epoca insegnante all&#8217;Istituto per geometri. Vero \u00e8 che a lui sono dovuti alcuni lavori minori sulle sponde del Talvera; questi per\u00f2 non avevano nulla a che fare con la sua regolazione vera e propria. Il motivo per cui si voglia a tutti i costi ascrivere il merito dell&#8217;opera all&#8217;esercito e quindi agli Alpini si pu\u00f2 spiegare solo parzialmente con l&#8217;iniziale scavo di 200 metri attorno a Ponte Talvera, giacch\u00e9 questo fin\u00ec con aver ben poco a che fare con il vasto e definitivo progetto, che comprendeva tutta l&#8217;area.<\/p>\n<p>Personalmente ho ritenuto di accettare questo incarico gravoso di responsabilit\u00e0 in primo luogo per garantire un impiego certo ad una parte degli allora 800 dipendenti dell&#8217;Agenzia di regolazione dei corsi d&#8217;acqua; in secondo luogo per interesse professionale, poich\u00e9 sapevo che non mi sarebbe mai pi\u00f9 capitata una \u201coperazione chirurgica\u201d alla natura di tale portata.<\/p><\/blockquote>\n<p><strong><span style=\"font-family: Helvetica, Arial, sans-serif; text-transform: uppercase;\">C\u00ebla enghe:<\/span><\/strong> <a title=\"Brixen hat eine Alpinistra\u00dfe.\" href=\"https:\/\/www.brennerbasisdemokratie.eu\/?p=12300\"><span style=\"color: #ff8c00\"><code>01<\/code><\/span><\/a> <a title=\"Leo f\u00e4llt, Wastl h\u00e4lt.\" href=\"https:\/\/www.brennerbasisdemokratie.eu\/?p=57909\"><span style=\"color: #ff8c00\"><code>02<\/code><\/span><\/a> <a title=\"Merano, via Cadorna?\" href=\"https:\/\/www.brennerbasisdemokratie.eu\/?p=59182\"><span style=\"color: #ff8c00\"><code>03<\/code><\/span><\/a> <a title=\"Neues Alpinidenkmal f\u00fcr Bozen?\" href=\"https:\/\/www.brennerbasisdemokratie.eu\/?p=71892\" rel=\"\"><span style=\"color: #ff8c00\"><code>04<\/code><\/span><\/a> <a title=\"Spagnolli f\u00fcrchtet zu niedrige Milit\u00e4rpr\u00e4senz in S\u00fcdtirol.\" href=\"https:\/\/www.brennerbasisdemokratie.eu\/?p=93511\"><span style=\"color: #ff8c00\"><code>05<\/code><\/span><\/a><\/p>","protected":false},"excerpt":{"rendered":"<p>In occasione dell&#8217;imminente adunata degli Alpini a Bolzano sono molte le voci (quella del sindaco e quella degli Alpini stessi ad esempio) che attribuiscono le opere pubbliche pi\u00f9 disparate al volenteroso intervento dei militari. Nulla in contrario a dare a Cesare quel che \u00e8 di Cesare, ma allora bisogna andare fino in fondo. Ecco la [&hellip;]<\/p>","protected":false},"author":1,"featured_media":0,"comment_status":"open","ping_status":"open","sticky":false,"template":"","format":"standard","meta":{"_crdt_document":"","ngg_post_thumbnail":0,"_jetpack_memberships_contains_paid_content":false,"footnotes":""},"categories":[1],"tags":[],"class_list":["post-11063","post","type-post","status-publish","format-standard","hentry","category-allgemein","entity-alpini","entity-gemeinde-bozen","issue-zitac","location-sudtirolo","language-italiano","person-luigi-spagnolli","topic-geschichte","topic-militar","topic-ortsnamen"],"jetpack_featured_media_url":"","jetpack_sharing_enabled":true,"_links":{"self":[{"href":"https:\/\/www.brennerbasisdemokratie.eu\/index.php?rest_route=\/wp\/v2\/posts\/11063","targetHints":{"allow":["GET"]}}],"collection":[{"href":"https:\/\/www.brennerbasisdemokratie.eu\/index.php?rest_route=\/wp\/v2\/posts"}],"about":[{"href":"https:\/\/www.brennerbasisdemokratie.eu\/index.php?rest_route=\/wp\/v2\/types\/post"}],"author":[{"embeddable":true,"href":"https:\/\/www.brennerbasisdemokratie.eu\/index.php?rest_route=\/wp\/v2\/users\/1"}],"replies":[{"embeddable":true,"href":"https:\/\/www.brennerbasisdemokratie.eu\/index.php?rest_route=%2Fwp%2Fv2%2Fcomments&post=11063"}],"version-history":[{"count":17,"href":"https:\/\/www.brennerbasisdemokratie.eu\/index.php?rest_route=\/wp\/v2\/posts\/11063\/revisions"}],"predecessor-version":[{"id":93520,"href":"https:\/\/www.brennerbasisdemokratie.eu\/index.php?rest_route=\/wp\/v2\/posts\/11063\/revisions\/93520"}],"wp:attachment":[{"href":"https:\/\/www.brennerbasisdemokratie.eu\/index.php?rest_route=%2Fwp%2Fv2%2Fmedia&parent=11063"}],"wp:term":[{"taxonomy":"category","embeddable":true,"href":"https:\/\/www.brennerbasisdemokratie.eu\/index.php?rest_route=%2Fwp%2Fv2%2Fcategories&post=11063"},{"taxonomy":"post_tag","embeddable":true,"href":"https:\/\/www.brennerbasisdemokratie.eu\/index.php?rest_route=%2Fwp%2Fv2%2Ftags&post=11063"}],"curies":[{"name":"wp","href":"https:\/\/api.w.org\/{rel}","templated":true}]}}