{"id":11189,"date":"2012-05-05T15:32:11","date_gmt":"2012-05-05T13:32:11","guid":{"rendered":"http:\/\/www.brennerbasisdemokratie.eu\/?p=11189"},"modified":"2020-07-18T17:35:40","modified_gmt":"2020-07-18T15:35:40","slug":"innere-eu-erweiterung","status":"publish","type":"post","link":"https:\/\/www.brennerbasisdemokratie.eu\/?p=11189","title":{"rendered":"Innere EU-Erweiterung."},"content":{"rendered":"<p>Was in S\u00fcdtirol viele f\u00fcr unm\u00f6glich halten, wird in Europa eifrig studiert und diskutiert: die interne Erweiterung, also die Aufnahme neuer Mitglieder, die durch Losl\u00f6sung von bestehenden Mitgliedsstaaten entstehen, in die Union. Am 9. Mai stellt etwa das <em>Centre Maurits Coppieters<\/em> in Br\u00fcssel eine Studie vor, die unter der Leitung des katalanischen Professors f\u00fcr Verfassungsrecht und Politikwissenschaften, Dr. Jordi Matas i Dalmases, entstanden ist.<\/p>\n<blockquote>\n<p style=\"text-align: center;\"><img loading=\"lazy\" decoding=\"async\" class=\"aligncenter wp-image-11190\" title=\"Internal Enlargement.\" src=\"http:\/\/www.brennerbasisdemokratie.eu\/wp-content\/uploads\/2012\/05\/internalenlargement.bmp\" alt=\"\" width=\"343\" height=\"436\"\/><\/p>\n<\/blockquote>\n<blockquote><p>The study we present here uses as its starting point the continuity of the bond between the new state and the Union, whilst considering that democratic decision at the source of independence is the expression of the desire to form a separate state within the European Union. Thus, respecting the democratic principle governing the Union\u2019s political personality, from the Preamble to the European Union Treaty, as well as respecting rights of citizens of the new member state as citizens of the Union, <span style=\"text-decoration: underline;\">the report argues that the new state\u2019s membership status is automatic.<\/span> In this respect, European Union law cannot be an obstacle in hindering the legitimate democratic will of European citizens who, in a particular region of Europe, decide to found a new state for themselves through a democratic and peaceful procedure.<\/p>\n<p>In short, as has occurred in federal states that the Union mirrors from the institutional point of view, separating from a member state does not mean a separation from the federation. It may even be the declaration of a firm wish to maintain the commitment with the federal agreement. Moreover, in the case of new European states outside Union boundaries, the latter has demonstrated its support for the democratically expressed wish of the people in this respect and, therefore for the recognition of the new state.<\/p>\n<p>[&#8230;]<\/p>\n<p>To conclude, European Union values and principles support the access to a separate state without having to renounce the European construction project. On that basis, negotiations between the parties involved must shape the new state\u2019s definitive statutes side by side with their partners in the common project, as greater liberty and democracy also means a greater Europe.<\/p><\/blockquote>\n<p><em>Aus dem Vorwort zur Studie. Unterstreichung: <img class=\"bbdlogo\" src=\"https:\/\/www.brennerbasisdemokratie.eu\/wp-content\/uploads\/bbdsmileys\/bbde.png\">.<\/em><\/p>\n<p><strong><span style=\"font-family: Helvetica, Arial, sans-serif; text-transform: uppercase;\">C\u00ebla enghe:<\/span><\/strong> <a title=\"FAQ: EU.\" href=\"http:\/\/www.brennerbasisdemokratie.eu\/?page_id=200#10D\"><code>01<\/code><\/a> <a title=\"Reagrupament Independentista legt EBI vor.\" href=\"http:\/\/www.brennerbasisdemokratie.eu\/?p=11097\"><code>02<\/code><\/a><strong> \u00b7 Studie herunterladen: <\/strong><a href=\"http:\/\/www.brennerbasisdemokratie.eu\/wp-content\/uploads\/2012\/05\/EU_internalenlargement.pdf\" rel=\"nofollow\">PDF-Datei<\/a><\/p>","protected":false},"excerpt":{"rendered":"<p>Was in S\u00fcdtirol viele f\u00fcr unm\u00f6glich halten, wird in Europa eifrig studiert und diskutiert: die interne Erweiterung, also die Aufnahme neuer Mitglieder, die durch Losl\u00f6sung von bestehenden Mitgliedsstaaten entstehen, in die Union. Am 9. Mai stellt etwa das Centre Maurits Coppieters in Br\u00fcssel eine Studie vor, die unter der Leitung des katalanischen Professors f\u00fcr Verfassungsrecht [&hellip;]<\/p>","protected":false},"author":1,"featured_media":0,"comment_status":"open","ping_status":"open","sticky":false,"template":"","format":"standard","meta":{"_crdt_document":"","ngg_post_thumbnail":0,"_jetpack_memberships_contains_paid_content":false,"footnotes":""},"categories":[1],"tags":[],"class_list":["post-11189","post","type-post","status-publish","format-standard","hentry","category-allgemein","entity-eu","location-catalunya","location-europa","language-deutsch","language-english","topic-politik","topic-recht","topic-selbstbestimmung","topic-termin"],"jetpack_featured_media_url":"","jetpack_sharing_enabled":true,"_links":{"self":[{"href":"https:\/\/www.brennerbasisdemokratie.eu\/index.php?rest_route=\/wp\/v2\/posts\/11189","targetHints":{"allow":["GET"]}}],"collection":[{"href":"https:\/\/www.brennerbasisdemokratie.eu\/index.php?rest_route=\/wp\/v2\/posts"}],"about":[{"href":"https:\/\/www.brennerbasisdemokratie.eu\/index.php?rest_route=\/wp\/v2\/types\/post"}],"author":[{"embeddable":true,"href":"https:\/\/www.brennerbasisdemokratie.eu\/index.php?rest_route=\/wp\/v2\/users\/1"}],"replies":[{"embeddable":true,"href":"https:\/\/www.brennerbasisdemokratie.eu\/index.php?rest_route=%2Fwp%2Fv2%2Fcomments&post=11189"}],"version-history":[{"count":17,"href":"https:\/\/www.brennerbasisdemokratie.eu\/index.php?rest_route=\/wp\/v2\/posts\/11189\/revisions"}],"predecessor-version":[{"id":59114,"href":"https:\/\/www.brennerbasisdemokratie.eu\/index.php?rest_route=\/wp\/v2\/posts\/11189\/revisions\/59114"}],"wp:attachment":[{"href":"https:\/\/www.brennerbasisdemokratie.eu\/index.php?rest_route=%2Fwp%2Fv2%2Fmedia&parent=11189"}],"wp:term":[{"taxonomy":"category","embeddable":true,"href":"https:\/\/www.brennerbasisdemokratie.eu\/index.php?rest_route=%2Fwp%2Fv2%2Fcategories&post=11189"},{"taxonomy":"post_tag","embeddable":true,"href":"https:\/\/www.brennerbasisdemokratie.eu\/index.php?rest_route=%2Fwp%2Fv2%2Ftags&post=11189"}],"curies":[{"name":"wp","href":"https:\/\/api.w.org\/{rel}","templated":true}]}}