{"id":1123,"date":"2008-03-05T20:41:51","date_gmt":"2008-03-05T19:41:51","guid":{"rendered":"http:\/\/www.brennerbasisdemokratie.eu\/?p=1123"},"modified":"2024-11-20T19:21:33","modified_gmt":"2024-11-20T18:21:33","slug":"rodeneck-ladiner-diskriminiert","status":"publish","type":"post","link":"https:\/\/www.brennerbasisdemokratie.eu\/?p=1123","title":{"rendered":"Rodeneck: Ladinerinnen \u203adiskriminiert\u2039."},"content":{"rendered":"<blockquote>\n<p style=\"text-align: center;\"><img decoding=\"async\" src=\"http:\/\/www.brennerbasisdemokratie.eu\/wp-content\/uploads\/2008\/03\/rodeneck.jpg\" alt=\"Rodeneck.\"\/><\/p>\n<\/blockquote>\n<p>Bei der bisher letzten Volksz\u00e4hlung im Jahr 2001 haben sich in Rodeneck gleich viele B\u00fcrgerinnen zur ladinischen wie zur italienischen Sprachgruppe zugeh\u00f6rig erkl\u00e4rt, und zwar je 0.18%.<\/p>\n<p>Als ich vor kurzem in der Pustertaler Gemeinde war, musste ich jedoch feststellen, dass die Verwaltung die Ladinerinnen grob benachteiligt: W\u00e4hrend die italienische Sprache in der \u00f6ffentlichen Beschriftung und Beschilderung durchwegs pr\u00e4sent ist, sucht man die ladinische Sprache vergeblich. Wie ist es m\u00f6glich, dass bei gleicher zahlenm\u00e4\u00dfiger Bedeutung derartige Unterschiede gemacht werden \u2014 noch dazu zu Lasten der dringender zu sch\u00fctzenden, weil wesentlich gef\u00e4hrdeteren Sprache?<\/p>\n<p>Achja: <em>Siamo in Italia.<\/em><\/p>","protected":false},"excerpt":{"rendered":"<p>Bei der bisher letzten Volksz\u00e4hlung im Jahr 2001 haben sich in Rodeneck gleich viele B\u00fcrgerinnen zur ladinischen wie zur italienischen Sprachgruppe zugeh\u00f6rig erkl\u00e4rt, und zwar je 0.18%. Als ich vor kurzem in der Pustertaler Gemeinde war, musste ich jedoch feststellen, dass die Verwaltung die Ladinerinnen grob benachteiligt: W\u00e4hrend die italienische Sprache in der \u00f6ffentlichen Beschriftung [&hellip;]<\/p>","protected":false},"author":1,"featured_media":0,"comment_status":"open","ping_status":"open","sticky":false,"template":"","format":"standard","meta":{"_crdt_document":"","ngg_post_thumbnail":0,"_jetpack_memberships_contains_paid_content":false,"footnotes":""},"categories":[1],"tags":[],"class_list":["post-1123","post","type-post","status-publish","format-standard","hentry","category-allgemein","location-ladinia","language-deutsch","topic-discriminaziun","topic-minderheitenschutz","topic-nationalismus","topic-plurilinguism"],"jetpack_featured_media_url":"","jetpack_sharing_enabled":true,"_links":{"self":[{"href":"https:\/\/www.brennerbasisdemokratie.eu\/index.php?rest_route=\/wp\/v2\/posts\/1123","targetHints":{"allow":["GET"]}}],"collection":[{"href":"https:\/\/www.brennerbasisdemokratie.eu\/index.php?rest_route=\/wp\/v2\/posts"}],"about":[{"href":"https:\/\/www.brennerbasisdemokratie.eu\/index.php?rest_route=\/wp\/v2\/types\/post"}],"author":[{"embeddable":true,"href":"https:\/\/www.brennerbasisdemokratie.eu\/index.php?rest_route=\/wp\/v2\/users\/1"}],"replies":[{"embeddable":true,"href":"https:\/\/www.brennerbasisdemokratie.eu\/index.php?rest_route=%2Fwp%2Fv2%2Fcomments&post=1123"}],"version-history":[{"count":6,"href":"https:\/\/www.brennerbasisdemokratie.eu\/index.php?rest_route=\/wp\/v2\/posts\/1123\/revisions"}],"predecessor-version":[{"id":89085,"href":"https:\/\/www.brennerbasisdemokratie.eu\/index.php?rest_route=\/wp\/v2\/posts\/1123\/revisions\/89085"}],"wp:attachment":[{"href":"https:\/\/www.brennerbasisdemokratie.eu\/index.php?rest_route=%2Fwp%2Fv2%2Fmedia&parent=1123"}],"wp:term":[{"taxonomy":"category","embeddable":true,"href":"https:\/\/www.brennerbasisdemokratie.eu\/index.php?rest_route=%2Fwp%2Fv2%2Fcategories&post=1123"},{"taxonomy":"post_tag","embeddable":true,"href":"https:\/\/www.brennerbasisdemokratie.eu\/index.php?rest_route=%2Fwp%2Fv2%2Ftags&post=1123"}],"curies":[{"name":"wp","href":"https:\/\/api.w.org\/{rel}","templated":true}]}}