{"id":11279,"date":"2012-05-10T14:58:44","date_gmt":"2012-05-10T12:58:44","guid":{"rendered":"http:\/\/www.brennerbasisdemokratie.eu\/?p=11279"},"modified":"2025-10-13T18:50:15","modified_gmt":"2025-10-13T16:50:15","slug":"sud-tiroler-quellenfreiheit","status":"publish","type":"post","link":"https:\/\/www.brennerbasisdemokratie.eu\/?p=11279","title":{"rendered":"S\u00fcd-Tiroler Quellenfreiheit."},"content":{"rendered":"<p>In den gestrigen <em>Dolomiten<\/em> ist ein exzellenter Leserbrief von Bernhard Zimmerhofer <em>(S\u00fcd-Tiroler Freiheit<\/em> Ahrntal) erschienen, den ich euch nicht vorenthalten m\u00f6chte:<\/p>\n<div>\n<div>\n<blockquote><p><strong><span style=\"color: #333333;\">Staaten\/Unabh\u00e4ngigkeit<\/span><\/strong><\/p>\n<p><span style=\"color: #333333;\"><span style=\"color: #ff6600;\">Was in S\u00fcdtirol viele f\u00fcr unm\u00f6glich halten, wird in Europa eifrig studiert und diskutiert,<\/span> n\u00e4mlich <span style=\"color: #ff6600;\">die interne Erweiterung<\/span>. Das hei\u00dft <span style=\"color: #ff6600;\">also<\/span> <span style=\"color: #ff6600;\">die Aufnahme neuer Mitglieder, die durch<\/span> die <span style=\"color: #ff6600;\">Losl\u00f6sung von bestehenden Mitgliedstaaten entstehen, in die<\/span> Europ\u00e4ische <span style=\"color: #ff6600;\">Union.<\/span> <span style=\"color: #ff6600;\">Am 9. Mai stellt etwa<\/span> der <span style=\"color: #ff6600;\">Centre Maurits Coppieters<\/span> (www.cmc-foundation.eu) <span style=\"color: #ff6600;\">in Br\u00fcssel eine Studie<\/span> <span style=\"color: #ff6600;\">des katalanischen Professors f\u00fcr Verfassungsrecht und Politikwissenschaften Dr. Jordi Matas i Dalmases vor<\/span>. Besonders f\u00fcr jene r\u00fcckw\u00e4rtsgewandten Politiker empfehlenswert (Achammer, Theiner &amp; Co.), die immer fragen, wie denn so etwas gehen soll!<\/span><br \/>\n<span style=\"color: #333333;\">Die Abstimmung 2014 zur Unabh\u00e4ngigkeit Schottlands wird uns den genauen Ablauf aufzeigen, wie ein solches Vorhaben umzusetzen ist.<\/span><\/p><\/blockquote>\n<p>Und <a title=\"Innere EU-Erweiterung.\" href=\"http:\/\/www.brennerbasisdemokratie.eu\/?p=11189\">dieser Artikel<\/a> war am 5. Mai bei <img class=\"bbdlogo\" src=\"https:\/\/www.brennerbasisdemokratie.eu\/wp-content\/uploads\/bbdsmileys\/bbde.png\"> erschienen:<\/p>\n<blockquote><p><span style=\"color: #333333;\"><span style=\"color: #ff6600;\">Was in S\u00fcdtirol viele f\u00fcr unm\u00f6glich halten, wird in Europa eifrig studiert und diskutiert<\/span>: <span style=\"color: #ff6600;\">die interne Erweiterung, also die Aufnahme neuer Mitglieder, die durch Losl\u00f6sung von bestehenden Mitgliedsstaaten entstehen, in die Union.<\/span> <span style=\"color: #ff6600;\">Am 9. Mai stellt etwa<\/span> das <span style=\"color: #ff6600;\"><em>Centre Maurits Coppieters<\/em> in Br\u00fcssel eine Studie vor<\/span>, die unter der Leitung <span style=\"color: #ff6600;\">des katalanischen Professors f\u00fcr Verfassungsrecht und Politikwissenschaften<\/span>, <span style=\"color: #ff6600;\">Dr. Jordi Matas i Dalmases<\/span>, entstanden ist.<\/span><\/p><\/blockquote>\n<p>Sage noch einmal jemand, dass wir keinen Einfluss auf die reale Welt haben. Herr Zimmerhofer hat sicherlich nur <em>vergessen<\/em>, die Quelle f\u00fcr seinen Leserbrief zu nennen. Ein <em>kleines Versehen<\/em>. Da k\u00f6nnte selbst <a title=\"Politisches Moralgef\u00e4lle.\" href=\"http:\/\/www.brennerbasisdemokratie.eu\/?p=7214\">Karl Theodor<\/a> noch was lernen.<\/p>\n<p><strong><span style=\"font-family: Helvetica, Arial, sans-serif; text-transform: uppercase;\">C\u00ebla enghe:<\/span><\/strong> <a title=\"Zimmi-Plag 2.0\" href=\"https:\/\/www.brennerbasisdemokratie.eu\/?p=22071\"><span style=\"color: #ff8c00\"><code>01<\/code><\/span><\/a><\/p>\n<\/div>\n<\/div>","protected":false},"excerpt":{"rendered":"<p>In den gestrigen Dolomiten ist ein exzellenter Leserbrief von Bernhard Zimmerhofer (S\u00fcd-Tiroler Freiheit Ahrntal) erschienen, den ich euch nicht vorenthalten m\u00f6chte: Staaten\/Unabh\u00e4ngigkeit Was in S\u00fcdtirol viele f\u00fcr unm\u00f6glich halten, wird in Europa eifrig studiert und diskutiert, n\u00e4mlich die interne Erweiterung. Das hei\u00dft also die Aufnahme neuer Mitglieder, die durch die Losl\u00f6sung von bestehenden Mitgliedstaaten entstehen, [&hellip;]<\/p>","protected":false},"author":1,"featured_media":0,"comment_status":"open","ping_status":"open","sticky":false,"template":"","format":"standard","meta":{"_crdt_document":"","ngg_post_thumbnail":0,"_jetpack_memberships_contains_paid_content":false,"footnotes":""},"categories":[1],"tags":[],"class_list":["post-11279","post","type-post","status-publish","format-standard","hentry","category-allgemein","entity-stf","issue-afk","location-sudtirolo","language-deutsch","person-philipp-achammer","person-richard-theiner","topic-medien","topic-selbstbestimmung"],"jetpack_featured_media_url":"","jetpack_sharing_enabled":true,"_links":{"self":[{"href":"https:\/\/www.brennerbasisdemokratie.eu\/index.php?rest_route=\/wp\/v2\/posts\/11279","targetHints":{"allow":["GET"]}}],"collection":[{"href":"https:\/\/www.brennerbasisdemokratie.eu\/index.php?rest_route=\/wp\/v2\/posts"}],"about":[{"href":"https:\/\/www.brennerbasisdemokratie.eu\/index.php?rest_route=\/wp\/v2\/types\/post"}],"author":[{"embeddable":true,"href":"https:\/\/www.brennerbasisdemokratie.eu\/index.php?rest_route=\/wp\/v2\/users\/1"}],"replies":[{"embeddable":true,"href":"https:\/\/www.brennerbasisdemokratie.eu\/index.php?rest_route=%2Fwp%2Fv2%2Fcomments&post=11279"}],"version-history":[{"count":13,"href":"https:\/\/www.brennerbasisdemokratie.eu\/index.php?rest_route=\/wp\/v2\/posts\/11279\/revisions"}],"predecessor-version":[{"id":95286,"href":"https:\/\/www.brennerbasisdemokratie.eu\/index.php?rest_route=\/wp\/v2\/posts\/11279\/revisions\/95286"}],"wp:attachment":[{"href":"https:\/\/www.brennerbasisdemokratie.eu\/index.php?rest_route=%2Fwp%2Fv2%2Fmedia&parent=11279"}],"wp:term":[{"taxonomy":"category","embeddable":true,"href":"https:\/\/www.brennerbasisdemokratie.eu\/index.php?rest_route=%2Fwp%2Fv2%2Fcategories&post=11279"},{"taxonomy":"post_tag","embeddable":true,"href":"https:\/\/www.brennerbasisdemokratie.eu\/index.php?rest_route=%2Fwp%2Fv2%2Ftags&post=11279"}],"curies":[{"name":"wp","href":"https:\/\/api.w.org\/{rel}","templated":true}]}}