{"id":11554,"date":"2012-05-28T21:48:35","date_gmt":"2012-05-28T19:48:35","guid":{"rendered":"http:\/\/www.brennerbasisdemokratie.eu\/?p=11554"},"modified":"2024-05-02T14:44:49","modified_gmt":"2024-05-02T12:44:49","slug":"seab-rechtsbruch-mit-verhohnung","status":"publish","type":"post","link":"https:\/\/www.brennerbasisdemokratie.eu\/?p=11554","title":{"rendered":"Seab: Rechtsbruch mit Verh\u00f6hnung."},"content":{"rendered":"<blockquote><p><img loading=\"lazy\" decoding=\"async\" class=\"size-full wp-image-11555 aligncenter\" title=\"Seab.\" src=\"http:\/\/www.brennerbasisdemokratie.eu\/wp-content\/uploads\/2012\/05\/seab_abschleppung.jpg\" alt=\"\" width=\"200\" height=\"286\" srcset=\"https:\/\/www.brennerbasisdemokratie.eu\/wp-content\/uploads\/2012\/05\/seab_abschleppung.jpg 200w, https:\/\/www.brennerbasisdemokratie.eu\/wp-content\/uploads\/2012\/05\/seab_abschleppung-104x150.jpg 104w\" sizes=\"auto, (max-width: 200px) 100vw, 200px\" \/><\/p><\/blockquote>\n<p>Im Mai 2010, also vor fast genau zwei Jahren, hatte ich die <em>Seab<\/em> angeschrieben, um auf die einsprachigen Parkverbotaufkleber an den Abfallcontainern in Bozen hinzuweisen und eine \u00c4nderung herbeizuf\u00fchren. Valentina Princigalli, die sich nach eigenen Angaben um die Kommunikation und um die \u00dcbersetzungen beim Bozner Kommunalbetrieb k\u00fcmmert, antwortete damals, es sei \u00bb[uns] aus Versehen nicht aufgefallen, dass die Etiketten einsprachig sind. Es wurden jedoch umgehend neue Etiketten bestellt.\u00ab Ich sollte jedoch Verst\u00e4ndnis daf\u00fcr aufbringen, dass die Umetikettierung nicht priorit\u00e4r sei und deshalb nach und nach vorgenommen werde.<\/p>\n<p>Bis dato hatte ich nicht den Eindruck, dass sich auch nur irgendetwas an der Situation ge\u00e4ndert h\u00e4tte \u2014 wof\u00fcr es jetzt einen unwiderlegbaren Beleg gibt: In letzter Zeit wurden zahlreiche neue Container aufgestellt (erkennbar am neuen <em>Seab<\/em>-Logo), und auch dort hat sich das \u00bbVersehen\u00ab, das keines ist, offensichtlich fortgesetzt. Das ist nichts anderes als B\u00fcrgerverh\u00f6hnung.<\/p>","protected":false},"excerpt":{"rendered":"<p>Im Mai 2010, also vor fast genau zwei Jahren, hatte ich die Seab angeschrieben, um auf die einsprachigen Parkverbotaufkleber an den Abfallcontainern in Bozen hinzuweisen und eine \u00c4nderung herbeizuf\u00fchren. Valentina Princigalli, die sich nach eigenen Angaben um die Kommunikation und um die \u00dcbersetzungen beim Bozner Kommunalbetrieb k\u00fcmmert, antwortete damals, es sei \u00bb[uns] aus Versehen nicht [&hellip;]<\/p>","protected":false},"author":1,"featured_media":0,"comment_status":"open","ping_status":"open","sticky":false,"template":"","format":"standard","meta":{"_crdt_document":"","ngg_post_thumbnail":0,"_jetpack_memberships_contains_paid_content":false,"footnotes":""},"categories":[1],"tags":[],"class_list":["post-11554","post","type-post","status-publish","format-standard","hentry","category-allgemein","entity-gemeinde-bozen","issue-bilinguismo-negato","issue-italianizzazione","location-sudtirolo","language-deutsch","topic-discriminaziun","topic-engagement","topic-plurilinguism","topic-recht","topic-servicepublic","topic-sprachpfusch","topic-verbraucherinnen"],"jetpack_featured_media_url":"","jetpack_sharing_enabled":true,"_links":{"self":[{"href":"https:\/\/www.brennerbasisdemokratie.eu\/index.php?rest_route=\/wp\/v2\/posts\/11554","targetHints":{"allow":["GET"]}}],"collection":[{"href":"https:\/\/www.brennerbasisdemokratie.eu\/index.php?rest_route=\/wp\/v2\/posts"}],"about":[{"href":"https:\/\/www.brennerbasisdemokratie.eu\/index.php?rest_route=\/wp\/v2\/types\/post"}],"author":[{"embeddable":true,"href":"https:\/\/www.brennerbasisdemokratie.eu\/index.php?rest_route=\/wp\/v2\/users\/1"}],"replies":[{"embeddable":true,"href":"https:\/\/www.brennerbasisdemokratie.eu\/index.php?rest_route=%2Fwp%2Fv2%2Fcomments&post=11554"}],"version-history":[{"count":20,"href":"https:\/\/www.brennerbasisdemokratie.eu\/index.php?rest_route=\/wp\/v2\/posts\/11554\/revisions"}],"predecessor-version":[{"id":85396,"href":"https:\/\/www.brennerbasisdemokratie.eu\/index.php?rest_route=\/wp\/v2\/posts\/11554\/revisions\/85396"}],"wp:attachment":[{"href":"https:\/\/www.brennerbasisdemokratie.eu\/index.php?rest_route=%2Fwp%2Fv2%2Fmedia&parent=11554"}],"wp:term":[{"taxonomy":"category","embeddable":true,"href":"https:\/\/www.brennerbasisdemokratie.eu\/index.php?rest_route=%2Fwp%2Fv2%2Fcategories&post=11554"},{"taxonomy":"post_tag","embeddable":true,"href":"https:\/\/www.brennerbasisdemokratie.eu\/index.php?rest_route=%2Fwp%2Fv2%2Ftags&post=11554"}],"curies":[{"name":"wp","href":"https:\/\/api.w.org\/{rel}","templated":true}]}}