{"id":11622,"date":"2012-06-06T11:34:06","date_gmt":"2012-06-06T09:34:06","guid":{"rendered":"http:\/\/www.brennerbasisdemokratie.eu\/?p=11622"},"modified":"2023-01-07T18:16:14","modified_gmt":"2023-01-07T17:16:14","slug":"rispuntano-i-confini","status":"publish","type":"post","link":"https:\/\/www.brennerbasisdemokratie.eu\/?p=11622","title":{"rendered":"Rispuntano i confini."},"content":{"rendered":"<p>Ci dicono che in Europa i confini non esistono pi\u00f9 e che per questo non avrebbe senso introdurne di nuovi \u2014 un&#8217;argomentazione alla quale <a title=\"FAQ: Confini.\" href=\"http:\/\/www.brennerbasisdemokratie.eu\/?page_id=200#13I\">abbiamo gi\u00e0 reagito<\/a>. In realt\u00e0 a rendere i confini meno percettibili, oltre al mercato unico, ha contribuito soprattutto la soppressione dei controlli pi\u00f9 evidenti (trattato di Schengen), che ora per\u00f2 rischiano di rispuntare: secondo quanto anticipato dalla Commissione europea, domani sar\u00e0 approvato un provvedimento che consentir\u00e0 agli stati, previa consultazione di Bruxelles, di abbassare le barre di confine \u00abin caso di emergenza\u00bb \u2014 non pi\u00f9, come finora, per 30 giorni, ma per sei mesi prorogabili a due anni. Se fosse gi\u00e0 esistita questa possibilit\u00e0, con ogni probabilit\u00e0 durante i mesi della <em>primavera araba<\/em>, accompagnata da consistenti flussi migratori, avremmo visto ritornare le guardie di confine al Brennero, con tanti saluti all&#8217;Euregio.<\/p>","protected":false},"excerpt":{"rendered":"<p>Ci dicono che in Europa i confini non esistono pi\u00f9 e che per questo non avrebbe senso introdurne di nuovi \u2014 un&#8217;argomentazione alla quale abbiamo gi\u00e0 reagito. In realt\u00e0 a rendere i confini meno percettibili, oltre al mercato unico, ha contribuito soprattutto la soppressione dei controlli pi\u00f9 evidenti (trattato di Schengen), che ora per\u00f2 rischiano [&hellip;]<\/p>","protected":false},"author":1,"featured_media":0,"comment_status":"open","ping_status":"open","sticky":false,"template":"","format":"standard","meta":{"_crdt_document":"","ngg_post_thumbnail":0,"_jetpack_memberships_contains_paid_content":false,"footnotes":""},"categories":[1],"tags":[],"class_list":["post-11622","post","type-post","status-publish","format-standard","hentry","category-allgemein","entity-eu-kommission","entity-eu","entity-euregio","location-europa","language-italiano","topic-grenzen","topic-politik"],"jetpack_featured_media_url":"","jetpack_sharing_enabled":true,"_links":{"self":[{"href":"https:\/\/www.brennerbasisdemokratie.eu\/index.php?rest_route=\/wp\/v2\/posts\/11622","targetHints":{"allow":["GET"]}}],"collection":[{"href":"https:\/\/www.brennerbasisdemokratie.eu\/index.php?rest_route=\/wp\/v2\/posts"}],"about":[{"href":"https:\/\/www.brennerbasisdemokratie.eu\/index.php?rest_route=\/wp\/v2\/types\/post"}],"author":[{"embeddable":true,"href":"https:\/\/www.brennerbasisdemokratie.eu\/index.php?rest_route=\/wp\/v2\/users\/1"}],"replies":[{"embeddable":true,"href":"https:\/\/www.brennerbasisdemokratie.eu\/index.php?rest_route=%2Fwp%2Fv2%2Fcomments&post=11622"}],"version-history":[{"count":8,"href":"https:\/\/www.brennerbasisdemokratie.eu\/index.php?rest_route=\/wp\/v2\/posts\/11622\/revisions"}],"predecessor-version":[{"id":76090,"href":"https:\/\/www.brennerbasisdemokratie.eu\/index.php?rest_route=\/wp\/v2\/posts\/11622\/revisions\/76090"}],"wp:attachment":[{"href":"https:\/\/www.brennerbasisdemokratie.eu\/index.php?rest_route=%2Fwp%2Fv2%2Fmedia&parent=11622"}],"wp:term":[{"taxonomy":"category","embeddable":true,"href":"https:\/\/www.brennerbasisdemokratie.eu\/index.php?rest_route=%2Fwp%2Fv2%2Fcategories&post=11622"},{"taxonomy":"post_tag","embeddable":true,"href":"https:\/\/www.brennerbasisdemokratie.eu\/index.php?rest_route=%2Fwp%2Fv2%2Ftags&post=11622"}],"curies":[{"name":"wp","href":"https:\/\/api.w.org\/{rel}","templated":true}]}}