{"id":1163,"date":"2008-04-14T19:42:50","date_gmt":"2008-04-14T17:42:50","guid":{"rendered":"http:\/\/www.brennerbasisdemokratie.eu\/?p=1163"},"modified":"2020-12-29T19:38:22","modified_gmt":"2020-12-29T18:38:22","slug":"boses-erwachen","status":"publish","type":"post","link":"https:\/\/www.brennerbasisdemokratie.eu\/?p=1163","title":{"rendered":"B\u00f6ses Erwachen."},"content":{"rendered":"<p><strong>Berlusconi kehrt zur\u00fcck.<\/strong> Das h\u00e4tte man vermuten k\u00f6nnen, wenn auch nicht mit dem sich abzeichnenden, enormen Vorsprung. So weit, so schlecht. Die neue Regierung wird jedoch ma\u00dfgeblich unter dem Einfluss einer rassistischen, totgeglaubten Partei wie die Lega Nord stehen, die im Norden des Landes erschreckend hohe Ergebnisse einfahren konnte.<\/p>\n<p><strong>Zweiparteiensystem.<\/strong> Unter der radikalen, aber unausgegorenen Polarisierung der politischen Landschaft leidet vor allem die Regenbogenlinke (Gr\u00fcne, Kommunisten), die im neuen Parlament nicht mehr vertreten sein wird.<\/p>\n<p><strong>In S\u00fcdtirol<\/strong> folgt Klaudia Resch (Egaburvanda) dem staatsweiten Trend ihres B\u00fcndnisses und verfehlt den Einzug ins Parlament. Die Volkspartei verliert vor allem in l\u00e4ndlichen Gegenden stark zugunsten der populistischen, fremdenfeindlichen Freiheitlichen. Die profitieren auch davon, dass die \u00f6kosozialen Kr\u00e4fte keine Antwort auf den Wunsch nach mehr Eigenst\u00e4ndigkeit haben. In den St\u00e4dten muss die Volkspartei aufgrund der nivellierenden Polarisierung ebenfalls Federn lassen \u2013 meist zugunsten der Demokraten, die ein erfrischendes Ergebnis einfahren, und damit Oskar Peterlinis Wiederwahl erm\u00f6glichen.<\/p>\n<p>Die Zugeh\u00f6rigkeit zu dieser Bananenrepublik scheint jedenfalls immer mehr ein (zu) hoher Preis f\u00fcr die \u00bbWechselperspektive\u00ab zu sein. Inwiefern kann Italien noch ein ausgleichender (und nicht destabilisierender) Faktor sein? Und inwieweit kann es sich die Linke in S\u00fcdtirol leisten, den Wunsch nach Eigenstaatlichkeit den ethnischen Spaltern zu \u00fcberlassen?<\/p>\n<p><strong><span style=\"font-family: Helvetica, Arial, sans-serif; text-transform: uppercase;\">C\u00ebla enghe:<\/span><\/strong> <a title=\"Blaun: Artikel.\" href=\"http:\/\/blaun.wordpress.com\/2008\/04\/14\/la-fine-della-sinistra\/\" target=\"_blank\" rel=\"noopener\"><code>01<\/code><\/a> <a title=\"Segnavia: Artikel.\" href=\"http:\/\/segnavia.wordpress.com\/2008\/04\/14\/velo-pietoso\/\" target=\"_blank\" rel=\"noopener\"><code>02<\/code><\/a><\/p>","protected":false},"excerpt":{"rendered":"<p>Berlusconi kehrt zur\u00fcck. Das h\u00e4tte man vermuten k\u00f6nnen, wenn auch nicht mit dem sich abzeichnenden, enormen Vorsprung. So weit, so schlecht. Die neue Regierung wird jedoch ma\u00dfgeblich unter dem Einfluss einer rassistischen, totgeglaubten Partei wie die Lega Nord stehen, die im Norden des Landes erschreckend hohe Ergebnisse einfahren konnte. Zweiparteiensystem. Unter der radikalen, aber unausgegorenen [&hellip;]<\/p>","protected":false},"author":1,"featured_media":0,"comment_status":"open","ping_status":"open","sticky":false,"template":"","format":"standard","meta":{"_crdt_document":"","ngg_post_thumbnail":0,"_jetpack_memberships_contains_paid_content":false,"footnotes":""},"categories":[1],"tags":[],"class_list":["post-1163","post","type-post","status-publish","format-standard","hentry","category-allgemein","entity-lega","entity-pdl","entity-verc","location-italy","language-deutsch","person-silvio-berlusconi","topic-politik"],"jetpack_featured_media_url":"","jetpack_sharing_enabled":true,"_links":{"self":[{"href":"https:\/\/www.brennerbasisdemokratie.eu\/index.php?rest_route=\/wp\/v2\/posts\/1163","targetHints":{"allow":["GET"]}}],"collection":[{"href":"https:\/\/www.brennerbasisdemokratie.eu\/index.php?rest_route=\/wp\/v2\/posts"}],"about":[{"href":"https:\/\/www.brennerbasisdemokratie.eu\/index.php?rest_route=\/wp\/v2\/types\/post"}],"author":[{"embeddable":true,"href":"https:\/\/www.brennerbasisdemokratie.eu\/index.php?rest_route=\/wp\/v2\/users\/1"}],"replies":[{"embeddable":true,"href":"https:\/\/www.brennerbasisdemokratie.eu\/index.php?rest_route=%2Fwp%2Fv2%2Fcomments&post=1163"}],"version-history":[{"count":3,"href":"https:\/\/www.brennerbasisdemokratie.eu\/index.php?rest_route=\/wp\/v2\/posts\/1163\/revisions"}],"predecessor-version":[{"id":62740,"href":"https:\/\/www.brennerbasisdemokratie.eu\/index.php?rest_route=\/wp\/v2\/posts\/1163\/revisions\/62740"}],"wp:attachment":[{"href":"https:\/\/www.brennerbasisdemokratie.eu\/index.php?rest_route=%2Fwp%2Fv2%2Fmedia&parent=1163"}],"wp:term":[{"taxonomy":"category","embeddable":true,"href":"https:\/\/www.brennerbasisdemokratie.eu\/index.php?rest_route=%2Fwp%2Fv2%2Fcategories&post=1163"},{"taxonomy":"post_tag","embeddable":true,"href":"https:\/\/www.brennerbasisdemokratie.eu\/index.php?rest_route=%2Fwp%2Fv2%2Ftags&post=1163"}],"curies":[{"name":"wp","href":"https:\/\/api.w.org\/{rel}","templated":true}]}}