{"id":117,"date":"2006-05-20T13:01:52","date_gmt":"2006-05-20T12:01:52","guid":{"rendered":"http:\/\/www.selbstbestimmung.net\/?p=117"},"modified":"2022-07-15T11:34:52","modified_gmt":"2022-07-15T09:34:52","slug":"cossiga-thaler","status":"publish","type":"post","link":"https:\/\/www.brennerbasisdemokratie.eu\/?p=117","title":{"rendered":"Fortwurstelmedaille."},"content":{"rendered":"<p>Man muss kein S\u00fcdtiroler sein, um etwas Sinnvolles f\u00fcr unser Land zu leisten. Und man muss kein Fremder sein, um ihm einen B\u00e4rendienst zu erweisen. Das hat mit seinem politischen Feingef\u00fchl auch der Landeshauptmann erkannt, und deshalb auf einem neuen S\u00fcdtiroler Verdienstorden bestanden \u2013 der nur an Nichttiroler vergeben wird.<\/p>\n<p>Francesco Cossiga, italienischer Staatspr\u00e4sident i.R. bringt sich in Stellung, um baldm\u00f6glichst in den Genuss dieser Ehre zu kommen: Gestern lie\u00df er im Zentralparlament verlautbaren, er wolle im Falle einer erneuten Verfassungsreform durch Mittelinks eine Passage einbringen, in der ausdr\u00fccklich auf das Selbstbestimmungsrecht der S\u00fcdtiroler hingewiesen wird. Findet der Vorschlag zuspruch, stehen der Abtrennung S\u00fcdtirols auch juridisch keine Hindernisse mehr im Weg.<\/p>\n<p>In den Holzk\u00f6pfen einiger Entscheidungstr\u00e4ger ist jedoch noch jede Menge Arbeit zu tun. Stolz verk\u00fcndet etwa Landtagsabgeordneter Hermann Thaler (<abbr title=\"S\u00fcdtiroler Volkspartei\">SVP<\/abbr>) heute aus den <em>Dolomiten,<\/em> er habe sich von der offiziellen Linie seiner Partei verabschiedet und bei der Wahl zum Landtagspr\u00e4sidenten Mauro Minniti (AN) seine Stimme gegeben. Man m\u00fcsse sich jenen Italienern ann\u00e4hern, die inhaltlich \u00e4hnliche Positionen vertr\u00e4ten wie die Sammelpartei. Aha! Mit ausl\u00e4nderfeindlich und im Zweifelsfall stets zentralstaatlich gesinnten Faschos ist also besser Staat zu machen, als mit einem perfekt zweisprachigen und integrierten <em>Gr\u00fcnen<\/em> wie Riccardo Dello Sbarba.<\/p>\n<p>Begibt sie sich zur Machterhaltung auf diesen Irrweg, setzt die Volkspartei die realistische M\u00f6glichkeit aufs Spiel, f\u00fcr S\u00fcdtirol mehr Handlungsspielraum herauszuholen, die Italienerinnen einzubinden und letztendlich auf dem Weg der Selbstbestimmung ein gegenwarts- und zukunftsf\u00e4higes Modell f\u00fcr dieses Land zu entwickeln. Immer mehr S\u00fcdtirolerinnen werden sich mit der ewigen Fortwurstelei im starren Rahmen des Istzustandes nicht mehr zufrieden geben.<\/p>\n<p><strong>Schreibt dem Kasper Eure Meinung:<\/strong> <a href=\"mailto:hermann.thaler@landtag-bz.org\">hermann.thaler@landtag-bz.org<\/a><br \/>\nWer Hermann zum Freund hat, braucht keinen Feind mehr.<\/p>\n<p><span style=\"text-decoration: line-through;\"><code>01<\/code><\/span> <a title=\"Stol.\" href=\"http:\/\/www.stol.it\/nachrichten\/artikel.asp?ArtID=77127&amp;KatID=f\" target=\"_blank\" rel=\"noopener\"><code>02<\/code><\/a><\/p>","protected":false},"excerpt":{"rendered":"<p>Man muss kein S\u00fcdtiroler sein, um etwas Sinnvolles f\u00fcr unser Land zu leisten. Und man muss kein Fremder sein, um ihm einen B\u00e4rendienst zu erweisen. Das hat mit seinem politischen Feingef\u00fchl auch der Landeshauptmann erkannt, und deshalb auf einem neuen S\u00fcdtiroler Verdienstorden bestanden \u2013 der nur an Nichttiroler vergeben wird. Francesco Cossiga, italienischer Staatspr\u00e4sident i.R. [&hellip;]<\/p>","protected":false},"author":1,"featured_media":0,"comment_status":"open","ping_status":"open","sticky":false,"template":"","format":"standard","meta":{"_crdt_document":"","ngg_post_thumbnail":0,"_jetpack_memberships_contains_paid_content":false,"footnotes":""},"categories":[1],"tags":[],"class_list":["post-117","post","type-post","status-publish","format-standard","hentry","category-allgemein","entity-pdl","entity-svp","entity-verc","location-sudtirolo","language-deutsch","person-mauro-minniti","topic-engagement","topic-faschismen","topic-politik","topic-selbstbestimmung"],"jetpack_featured_media_url":"","jetpack_sharing_enabled":true,"_links":{"self":[{"href":"https:\/\/www.brennerbasisdemokratie.eu\/index.php?rest_route=\/wp\/v2\/posts\/117","targetHints":{"allow":["GET"]}}],"collection":[{"href":"https:\/\/www.brennerbasisdemokratie.eu\/index.php?rest_route=\/wp\/v2\/posts"}],"about":[{"href":"https:\/\/www.brennerbasisdemokratie.eu\/index.php?rest_route=\/wp\/v2\/types\/post"}],"author":[{"embeddable":true,"href":"https:\/\/www.brennerbasisdemokratie.eu\/index.php?rest_route=\/wp\/v2\/users\/1"}],"replies":[{"embeddable":true,"href":"https:\/\/www.brennerbasisdemokratie.eu\/index.php?rest_route=%2Fwp%2Fv2%2Fcomments&post=117"}],"version-history":[{"count":5,"href":"https:\/\/www.brennerbasisdemokratie.eu\/index.php?rest_route=\/wp\/v2\/posts\/117\/revisions"}],"predecessor-version":[{"id":73305,"href":"https:\/\/www.brennerbasisdemokratie.eu\/index.php?rest_route=\/wp\/v2\/posts\/117\/revisions\/73305"}],"wp:attachment":[{"href":"https:\/\/www.brennerbasisdemokratie.eu\/index.php?rest_route=%2Fwp%2Fv2%2Fmedia&parent=117"}],"wp:term":[{"taxonomy":"category","embeddable":true,"href":"https:\/\/www.brennerbasisdemokratie.eu\/index.php?rest_route=%2Fwp%2Fv2%2Fcategories&post=117"},{"taxonomy":"post_tag","embeddable":true,"href":"https:\/\/www.brennerbasisdemokratie.eu\/index.php?rest_route=%2Fwp%2Fv2%2Ftags&post=117"}],"curies":[{"name":"wp","href":"https:\/\/api.w.org\/{rel}","templated":true}]}}