{"id":119,"date":"2006-05-20T15:30:14","date_gmt":"2006-05-20T14:30:14","guid":{"rendered":"http:\/\/www.selbstbestimmung.net\/?p=119"},"modified":"2023-01-05T20:23:35","modified_gmt":"2023-01-05T19:23:35","slug":"zahlen-spielchen","status":"publish","type":"post","link":"https:\/\/www.brennerbasisdemokratie.eu\/?p=119","title":{"rendered":"Zahlen. Spielchen."},"content":{"rendered":"<p>Ein h\u00e4ufig vorgebrachter Einwand, warum man von ausw\u00e4rtigen Konzernen in S\u00fcdtirol nicht den Gebrauch der deutschen und ladinischen Sprache verlangen k\u00f6nne ist, dass unser Land klein und die S\u00fcdtirolerinnen zu wenige seien. Selige Vorzeigeautonomie. Obschon es stimmt, dass wir nicht zahlreich sind, h\u00e4lt n\u00e4mlich das Argument einem internationalen Vergleich nicht stand: Es gibt zahlreiche Beispiele von Minderheiten und souver\u00e4nen Staaten mit geringerer Einwohnerinnenzahl, wo wesentlich fortschrittlichere L\u00f6sungen gefunden wurden als hierzulande.<\/p>\n<div style=\"text-align: center;\">\n<blockquote><p><img loading=\"lazy\" decoding=\"async\" id=\"image125\" class=\"aligncenter\" src=\"http:\/\/www.brennerbasisdemokratie.eu\/wp-content\/uploads\/prev\/bvtabelle.jpg\" alt=\"Bev\u00f6lkerungstabelle.\" width=\"413\" height=\"233\" \/><\/p><\/blockquote>\n<p><small>B=Belgien | FIN=Finnland | GR=Kanton Graub\u00fcnden | ST=S\u00fcdtirol | TI=Kanton Tessin<br \/>\nQuelle: <a title=\"de.wiki\" href=\"http:\/\/de.wikipedia.org\" target=\"_blank\" rel=\"noopener\">Wikipedia.<\/a><\/small><\/p>\n<\/div>\n<p>Bereits auf <img class=\"bbdlogo\" src=\"https:\/\/www.brennerbasisdemokratie.eu\/wp-content\/uploads\/bbdsmileys\/bbde.png\"> dargelegte Beispiele und solche die in n\u00e4chster Zukunft folgen werden, zeigen: F\u00fcr die Schaffung eines tats\u00e4chlich mehrsprachigen Landes sind nicht Zahlen ausschlaggebend, sondern vielmehr folgende Kategorien:<\/p>\n<ul>\n<li>Respekt und politischer Wille.<\/li>\n<li>Gesetzliche Ma\u00dfnahmen.<\/li>\n<li>Druck durch B\u00fcrgerinnen und Verbraucher.<\/li>\n<\/ul>\n<p>Gerade letzteres Instrument steht jeder und jedem Einzelnen zur Verf\u00fcgung und sollte verst\u00e4rkt zur Anwendung kommen, denn ein selbstbewusstes ist auch ein demokratisches und liberales S\u00fcdtirol \u2014 das allen Einwohnerinnen volle Rechte zuerkennt und damit reif ist, seine Zukunft in die Hand zu nehmen. <img class=\"bbdlogo\" src=\"https:\/\/www.brennerbasisdemokratie.eu\/wp-content\/uploads\/bbdsmileys\/bbde.png\"> wird fortan verst\u00e4rkt zur Druckaus\u00fcbung (Lobbyarbeit) anregen und somit die M\u00fcndigkeit der B\u00fcrgerinnen f\u00f6rdern!<\/p>\n<p>\u00c4hnliches gilt f\u00fcr die Unabh\u00e4ngigkeit. Stets wird behauptet, S\u00fcdtirol sei zu klein, um als unabh\u00e4ngiger Staat \u00fcberlebensf\u00e4hig zu sein. Obschon die Gr\u00f6\u00dfe gerade im Rahmen der Europ\u00e4ischen Union geradezu irrelevant ist, w\u00e4re S\u00fcdtirol ohnehin weder im Dreibund mit seinen nat\u00fcrlichen Partnern Nord-, Ost- und Welschtirol (als <em>\u00bbEuregio\u00ab)<\/em> noch im Alleingang ein Zwerg unter den Kleinstaaten:<\/p>\n<blockquote>\n<figure style=\"width: 408px\" class=\"wp-caption aligncenter\"><img loading=\"lazy\" decoding=\"async\" id=\"image127\" src=\"http:\/\/www.brennerbasisdemokratie.eu\/wp-content\/uploads\/prev\/bvtabelle2.jpg\" alt=\"Bev\u00f6lkerungstabelle2.\" width=\"408\" height=\"262\" \/><figcaption class=\"wp-caption-text\">Einwohnerzahlen ausgew\u00e4hlter Kleinstaaten.<\/figcaption><\/figure><\/blockquote>\n<p>&nbsp;<\/p>\n<div style=\"text-align: center;\">Quelle: <a title=\"de.wiki\" href=\"http:\/\/de.wikipedia.org\" target=\"_blank\" rel=\"noopener\">Wikipedia.<\/a><\/div>\n<p>Allein im europ\u00e4ischen Kontext gibt es zahlreiche kleinere L\u00e4nder, die fast immer aus der Not eine Tugend gemacht haben, international ausgerichtet sind und wirtschaftlich prosperieren. Zugegebenerma\u00dfen nicht immer nur mit astreinen Methoden. Als \u2014 jetzt schon \u2014 laut <em>Eurostat<\/em> achtreichstes Gebiet der Union m\u00fcsste sich diesbez\u00fcglich auch unser Land keine gro\u00dfen Sorgen machen, im Gegenteil: Vermutlich w\u00fcrde mehr Selbstbewusstsein auch neue \u00f6konomische Kr\u00e4fte entfesseln.<\/p>\n<p><strong><span style=\"font-family: Helvetica, Arial, sans-serif; text-transform: uppercase;\">C\u00ebla enghe:<\/span><\/strong> <a title=\"Verstecktes Potenzial.\" href=\"http:\/\/www.brennerbasisdemokratie.eu\/?p=787\"><code>01<\/code><\/a><\/p>","protected":false},"excerpt":{"rendered":"<p>Ein h\u00e4ufig vorgebrachter Einwand, warum man von ausw\u00e4rtigen Konzernen in S\u00fcdtirol nicht den Gebrauch der deutschen und ladinischen Sprache verlangen k\u00f6nne ist, dass unser Land klein und die S\u00fcdtirolerinnen zu wenige seien. Selige Vorzeigeautonomie. Obschon es stimmt, dass wir nicht zahlreich sind, h\u00e4lt n\u00e4mlich das Argument einem internationalen Vergleich nicht stand: Es gibt zahlreiche Beispiele [&hellip;]<\/p>","protected":false},"author":1,"featured_media":0,"comment_status":"open","ping_status":"open","sticky":false,"template":"","format":"standard","meta":{"_crdt_document":"","ngg_post_thumbnail":0,"_jetpack_memberships_contains_paid_content":false,"footnotes":""},"categories":[1],"tags":[],"class_list":["post-119","post","type-post","status-publish","format-standard","hentry","category-allgemein","entity-euregio","entity-eurostat","issue-bilinguismo-negato","issue-produktetikettierung","location-suomi","location-grischun","location-malta","location-ostbelgien","location-sudtirolo","location-svizra","location-ticino","language-deutsch","topic-comparatio","topic-discriminaziun","topic-kleinstaaten","topic-minderheitenschutz","topic-plurilinguism","topic-statistik","topic-verbraucherinnen","topic-wirtschaft"],"jetpack_featured_media_url":"","jetpack_sharing_enabled":true,"_links":{"self":[{"href":"https:\/\/www.brennerbasisdemokratie.eu\/index.php?rest_route=\/wp\/v2\/posts\/119","targetHints":{"allow":["GET"]}}],"collection":[{"href":"https:\/\/www.brennerbasisdemokratie.eu\/index.php?rest_route=\/wp\/v2\/posts"}],"about":[{"href":"https:\/\/www.brennerbasisdemokratie.eu\/index.php?rest_route=\/wp\/v2\/types\/post"}],"author":[{"embeddable":true,"href":"https:\/\/www.brennerbasisdemokratie.eu\/index.php?rest_route=\/wp\/v2\/users\/1"}],"replies":[{"embeddable":true,"href":"https:\/\/www.brennerbasisdemokratie.eu\/index.php?rest_route=%2Fwp%2Fv2%2Fcomments&post=119"}],"version-history":[{"count":19,"href":"https:\/\/www.brennerbasisdemokratie.eu\/index.php?rest_route=\/wp\/v2\/posts\/119\/revisions"}],"predecessor-version":[{"id":75936,"href":"https:\/\/www.brennerbasisdemokratie.eu\/index.php?rest_route=\/wp\/v2\/posts\/119\/revisions\/75936"}],"wp:attachment":[{"href":"https:\/\/www.brennerbasisdemokratie.eu\/index.php?rest_route=%2Fwp%2Fv2%2Fmedia&parent=119"}],"wp:term":[{"taxonomy":"category","embeddable":true,"href":"https:\/\/www.brennerbasisdemokratie.eu\/index.php?rest_route=%2Fwp%2Fv2%2Fcategories&post=119"},{"taxonomy":"post_tag","embeddable":true,"href":"https:\/\/www.brennerbasisdemokratie.eu\/index.php?rest_route=%2Fwp%2Fv2%2Ftags&post=119"}],"curies":[{"name":"wp","href":"https:\/\/api.w.org\/{rel}","templated":true}]}}