{"id":12055,"date":"2012-07-06T10:57:30","date_gmt":"2012-07-06T08:57:30","guid":{"rendered":"http:\/\/www.brennerbasisdemokratie.eu\/?p=12055"},"modified":"2026-02-03T11:59:25","modified_gmt":"2026-02-03T10:59:25","slug":"rom-schluckt-weitere-80-millionen","status":"publish","type":"post","link":"https:\/\/www.brennerbasisdemokratie.eu\/?p=12055","title":{"rendered":"Rom schluckt weitere 80 Millionen."},"content":{"rendered":"<p>Das neue r\u00f6mische Sparpaket, heute morgen von der Regierung Monti verabschiedet, sieht noch einmal K\u00fcrzungen am Landeshaushalt vor: Insgesamt m\u00fcssen die autonomen L\u00e4nder weitere 500 Millionen Euro in den uners\u00e4ttlichen Schlund des Zentralstaates stecken, 80 davon entfallen laut Medienberichten auf S\u00fcdtirol.<\/p>\n<p>Sch\u00f6n langsam verliert man den \u00dcberblick: Zuerst hat der Landeshauptmann im Rahmen des <em>Mail\u00e4nder Abkommens<\/em> freiwillig auf (j\u00e4hrlich) 500 Millionen unserer Steuergelder verzichtet \u2014 damit sei aber der \u00fcbrige Landeshaushalt gerettet, wurde damals vollmundig verk\u00fcndet. Weitere Millionen gingen an Grenzgemeinden der Nachbarregionen.<br \/>\nWenig sp\u00e4ter strafte die Regierung Berlusconi unsere Landesregierung L\u00fcgen, indem sie kurzerhand weitere 320 Millionen unseres \u00c9tats k\u00fcrzte. Anfang 2012 war Mario Monti an der Reihe, der kurz nach Amtsantritt <a title=\"Ulteriori 120.\" href=\"http:\/\/www.brennerbasisdemokratie.eu\/?p=9734\">weitere 120 Millionen k\u00fcrzte<\/a>, zu Verhandlungen war er nicht bereit. Das Land beschloss, gegen diese wiederholte Missachtung des <em>Mail\u00e4nder Abkommens<\/em> vor das Verfassungsgericht zu ziehen, wovon man jedoch seitdem nichts mehr geh\u00f6rt hat.<\/p>\n<p>Mit den nun beschlossenen 80 Millionen steigen \u2014 wenn mir nicht noch weitere Einsparungen entgangen sind, was im Dickicht der Ma\u00dfnahmen gut m\u00f6glich ist \u2014 die Einbu\u00dfen f\u00fcr die S\u00fcdtiroler B\u00fcrger schon auf \u00fcber 1 Milliarde Euro. Das sind \u00fcber 20% der uns zustehenden Gelder, keine abstrakte Zahlen, sondern Kinderg\u00e4rten, Schulen, Bahnh\u00f6fe, Krankenh\u00e4user, Sozialleistungen und Stra\u00dfen.<\/p>\n<p>Vom im <em>Mail\u00e4nder Abkommen<\/em> festgehaltenen Prinzip, dass weitere Sparma\u00dfnahmen in Form von \u00dcbernahme neuer Zust\u00e4ndigkeiten erfolgen sollen, ist ebenfalls keine Spur. Ganz im Gegenteil: Die Befugnisse des Landes wurden in letzter Zeit, parallel zu den Einsparungen, sogar massiv abgebaut.<\/p>\n<p>Nicht zuletzt wurde auch das im Autonomiestatut festgehaltene Prinzip, wonach rund 9\/10 der Steuereinnahmen im Lande bleiben, ganz einfach \u00fcbergangen \u2014 Verfassungsrang des Statutes hin oder her. Auf neue Steuern wie Immobiliensteuer (IMU) oder Erh\u00f6hung der Treibstoffzuschl\u00e4ge gehen viel h\u00f6here Anteile an Rom, als eigentlich zul\u00e4ssig.<\/p>\n<p>Der Landeshauptmann ist jedoch mal wieder zuversichtlich. Wie <em>S\u00fcdtirol Online<\/em> berichtet, glaubt er, dass Monti \u00fcber die soeben beschlossenen 80 Millionen verhandeln werde. Woher er diese Zuversicht, angesichts der bisherigen Vorgehensweise des Professors f\u00fcr Zentralisierung und Ausbeutung, nimmt, wei\u00df wahrscheinlich nur er. Wir alle warten aber ungeduldig auf die Vollautonomie. Wie es aussieht, wird sie nicht mehr lange auf sich warten lassen&#8230; kann sich nur noch um Tage handeln, jedenfalls in der Traumwelt der SVP.<\/p>\n<p><strong><span style=\"font-family: Helvetica, Arial, sans-serif; text-transform: uppercase;\">C\u00ebla enghe:<\/span><\/strong> <a title=\"Pl\u00fcnderung des Landeshaushalts.\" href=\"http:\/\/www.brennerbasisdemokratie.eu\/?p=8700\"><code>01<\/code><\/a> <a title=\"Mars-Autonomie.\" href=\"http:\/\/www.brennerbasisdemokratie.eu\/?p=9025\"><code>02<\/code><\/a><\/p>","protected":false},"excerpt":{"rendered":"<p>Das neue r\u00f6mische Sparpaket, heute morgen von der Regierung Monti verabschiedet, sieht noch einmal K\u00fcrzungen am Landeshaushalt vor: Insgesamt m\u00fcssen die autonomen L\u00e4nder weitere 500 Millionen Euro in den uners\u00e4ttlichen Schlund des Zentralstaates stecken, 80 davon entfallen laut Medienberichten auf S\u00fcdtirol. Sch\u00f6n langsam verliert man den \u00dcberblick: Zuerst hat der Landeshauptmann im Rahmen des Mail\u00e4nder [&hellip;]<\/p>","protected":false},"author":1,"featured_media":0,"comment_status":"open","ping_status":"open","sticky":false,"template":"","format":"standard","meta":{"_crdt_document":"","ngg_post_thumbnail":0,"_jetpack_memberships_contains_paid_content":false,"footnotes":""},"categories":[1],"tags":[],"class_list":["post-12055","post","type-post","status-publish","format-standard","hentry","category-allgemein","entity-land-sudtirol","entity-svp","entity-verfassungsgericht","issue-mailander-abkommen","location-sudtirolo","language-deutsch","medium-stol","person-luis-durnwalder","person-mario-monti","topic-autonomieverlust","topic-staatland","topic-vorzeigeautonomie","topic-wirtschaft","topic-zentralismus"],"jetpack_featured_media_url":"","jetpack_sharing_enabled":true,"_links":{"self":[{"href":"https:\/\/www.brennerbasisdemokratie.eu\/index.php?rest_route=\/wp\/v2\/posts\/12055","targetHints":{"allow":["GET"]}}],"collection":[{"href":"https:\/\/www.brennerbasisdemokratie.eu\/index.php?rest_route=\/wp\/v2\/posts"}],"about":[{"href":"https:\/\/www.brennerbasisdemokratie.eu\/index.php?rest_route=\/wp\/v2\/types\/post"}],"author":[{"embeddable":true,"href":"https:\/\/www.brennerbasisdemokratie.eu\/index.php?rest_route=\/wp\/v2\/users\/1"}],"replies":[{"embeddable":true,"href":"https:\/\/www.brennerbasisdemokratie.eu\/index.php?rest_route=%2Fwp%2Fv2%2Fcomments&post=12055"}],"version-history":[{"count":14,"href":"https:\/\/www.brennerbasisdemokratie.eu\/index.php?rest_route=\/wp\/v2\/posts\/12055\/revisions"}],"predecessor-version":[{"id":76075,"href":"https:\/\/www.brennerbasisdemokratie.eu\/index.php?rest_route=\/wp\/v2\/posts\/12055\/revisions\/76075"}],"wp:attachment":[{"href":"https:\/\/www.brennerbasisdemokratie.eu\/index.php?rest_route=%2Fwp%2Fv2%2Fmedia&parent=12055"}],"wp:term":[{"taxonomy":"category","embeddable":true,"href":"https:\/\/www.brennerbasisdemokratie.eu\/index.php?rest_route=%2Fwp%2Fv2%2Fcategories&post=12055"},{"taxonomy":"post_tag","embeddable":true,"href":"https:\/\/www.brennerbasisdemokratie.eu\/index.php?rest_route=%2Fwp%2Fv2%2Ftags&post=12055"}],"curies":[{"name":"wp","href":"https:\/\/api.w.org\/{rel}","templated":true}]}}