{"id":12152,"date":"2012-07-08T15:03:41","date_gmt":"2012-07-08T13:03:41","guid":{"rendered":"http:\/\/www.brennerbasisdemokratie.eu\/?p=12152"},"modified":"2026-02-03T11:58:30","modified_gmt":"2026-02-03T10:58:30","slug":"quotation-lvi-ernst-der-lage","status":"publish","type":"post","link":"https:\/\/www.brennerbasisdemokratie.eu\/?p=12152","title":{"rendered":"Ernst der Lage."},"content":{"rendered":"<p>Unter dem vielsagenden Titel <em>\u00bb<strong>(Th)einer gegen alle\u00ab<\/strong><\/em> zitiert die Sonntagszeitung <em>Zett<\/em>\u00a0<abbr title=\"S\u00fcdtiroler Volkspartei\">SVP<\/abbr>-Obmann Theiner in ihrer heutigen Ausgabe mit folgenden Worten:<\/p>\n<blockquote><p>Es ist ein Wahnsinn, was da geschieht. Die Regierung ist zwar nicht ethnopolitisch motiviert wie in den 1950er Jahren, aber das Kabinett Monti beweist genauso null Sensibilit\u00e4t f\u00fcr uns als Minderheit.<\/p>\n<p>[&#8230;]<\/p>\n<p>In der Bev\u00f6lkerung sei der Ernst der Lage [&#8230;] nicht zur G\u00e4nze erkannt worden. Theiner: &#8220;Die Leute m\u00fcssen aufwachen. Ich m\u00f6chte sehen, was es f\u00fcr ein Geschrei gibt, wenn pl\u00f6tzlich die Familienbeitr\u00e4ge gestrichen werden.&#8221;<\/p><\/blockquote>\n<p>Dabei konnte man bislang den Eindruck gewinnen, die SVP h\u00e4tte den Ernst der Lage nicht erkannt \u2014 und mit ihren realit\u00e4tsfernen Lobhudeleien auf die Autonomie sogar verhindert, dass die Bev\u00f6lkerung aufwacht. Nun sagen also auch die Unionisten der Sammelpartei, dass die Angriffe aus Rom in ihrer Vehemenz und in ihrer Massivit\u00e4t wieder pr\u00e4autonomistische Z\u00fcge angenommen haben. Die seitdem errungene Landesautonomie und die gepriesene internationale Absicherung scheinen davor nur geringen Schutz zu bieten. Zeit, einen Plan B zu schmieden?<\/p>","protected":false},"excerpt":{"rendered":"<p>Unter dem vielsagenden Titel \u00bb(Th)einer gegen alle\u00ab zitiert die Sonntagszeitung Zett\u00a0SVP-Obmann Theiner in ihrer heutigen Ausgabe mit folgenden Worten: Es ist ein Wahnsinn, was da geschieht. Die Regierung ist zwar nicht ethnopolitisch motiviert wie in den 1950er Jahren, aber das Kabinett Monti beweist genauso null Sensibilit\u00e4t f\u00fcr uns als Minderheit. [&#8230;] In der Bev\u00f6lkerung sei [&hellip;]<\/p>","protected":false},"author":1,"featured_media":0,"comment_status":"open","ping_status":"open","sticky":false,"template":"","format":"standard","meta":{"_crdt_document":"","ngg_post_thumbnail":0,"_jetpack_memberships_contains_paid_content":false,"footnotes":""},"categories":[1],"tags":[],"class_list":["post-12152","post","type-post","status-publish","format-standard","hentry","category-allgemein","entity-staat-italien","entity-svp","issue-quotation","location-italy","location-sudtirolo","language-deutsch","medium-zett","person-mario-monti","person-richard-theiner","topic-autonomieverlust","topic-minderheitenschutz","topic-staatland","topic-vorzeigeautonomie","topic-zentralismus"],"jetpack_featured_media_url":"","jetpack_sharing_enabled":true,"_links":{"self":[{"href":"https:\/\/www.brennerbasisdemokratie.eu\/index.php?rest_route=\/wp\/v2\/posts\/12152","targetHints":{"allow":["GET"]}}],"collection":[{"href":"https:\/\/www.brennerbasisdemokratie.eu\/index.php?rest_route=\/wp\/v2\/posts"}],"about":[{"href":"https:\/\/www.brennerbasisdemokratie.eu\/index.php?rest_route=\/wp\/v2\/types\/post"}],"author":[{"embeddable":true,"href":"https:\/\/www.brennerbasisdemokratie.eu\/index.php?rest_route=\/wp\/v2\/users\/1"}],"replies":[{"embeddable":true,"href":"https:\/\/www.brennerbasisdemokratie.eu\/index.php?rest_route=%2Fwp%2Fv2%2Fcomments&post=12152"}],"version-history":[{"count":10,"href":"https:\/\/www.brennerbasisdemokratie.eu\/index.php?rest_route=\/wp\/v2\/posts\/12152\/revisions"}],"predecessor-version":[{"id":70585,"href":"https:\/\/www.brennerbasisdemokratie.eu\/index.php?rest_route=\/wp\/v2\/posts\/12152\/revisions\/70585"}],"wp:attachment":[{"href":"https:\/\/www.brennerbasisdemokratie.eu\/index.php?rest_route=%2Fwp%2Fv2%2Fmedia&parent=12152"}],"wp:term":[{"taxonomy":"category","embeddable":true,"href":"https:\/\/www.brennerbasisdemokratie.eu\/index.php?rest_route=%2Fwp%2Fv2%2Fcategories&post=12152"},{"taxonomy":"post_tag","embeddable":true,"href":"https:\/\/www.brennerbasisdemokratie.eu\/index.php?rest_route=%2Fwp%2Fv2%2Ftags&post=12152"}],"curies":[{"name":"wp","href":"https:\/\/api.w.org\/{rel}","templated":true}]}}