{"id":1219,"date":"2008-06-04T23:24:35","date_gmt":"2008-06-04T21:24:35","guid":{"rendered":"http:\/\/www.brennerbasisdemokratie.eu\/?p=1219"},"modified":"2021-07-09T15:22:04","modified_gmt":"2021-07-09T13:22:04","slug":"em","status":"publish","type":"post","link":"https:\/\/www.brennerbasisdemokratie.eu\/?p=1219","title":{"rendered":"Ballkunst."},"content":{"rendered":"<p>In wenigen Tagen ist es wieder so weit: Nicht nur Schengen ist aufgehoben*, sondern auch die <a title=\"WM-Nachwehen.\" href=\"http:\/\/www.brennerbasisdemokratie.eu\/?p=157\">V\u00f6lkerverst\u00e4ndigung<\/a>. Denn Sport ist Politik. Auch deshalb m\u00f6chte ich einmal mehr an unseren <a title=\"Call for team.\" href=\"http:\/\/www.brennerbasisdemokratie.eu\/?p=587\">Vorschlag<\/a> f\u00fcr eine nicht-ethnische Mannschaft erinnern.<\/p>\n<p><small><em>*) und damit die <a title=\"Die Grenze ist weg.\" href=\"http:\/\/www.brennerbasisdemokratie.eu\/?p=1201\">Grenze<\/a> wieder da&#8230;<\/em><\/small><\/p>","protected":false},"excerpt":{"rendered":"<p>In wenigen Tagen ist es wieder so weit: Nicht nur Schengen ist aufgehoben*, sondern auch die V\u00f6lkerverst\u00e4ndigung. Denn Sport ist Politik. Auch deshalb m\u00f6chte ich einmal mehr an unseren Vorschlag f\u00fcr eine nicht-ethnische Mannschaft erinnern. *) und damit die Grenze wieder da&#8230;<\/p>","protected":false},"author":1,"featured_media":0,"comment_status":"open","ping_status":"open","sticky":false,"template":"","format":"standard","meta":{"_crdt_document":"","ngg_post_thumbnail":0,"_jetpack_memberships_contains_paid_content":false,"footnotes":""},"categories":[1],"tags":[],"class_list":["post-1219","post","type-post","status-publish","format-standard","hentry","category-allgemein","issue-banalnationalism","language-deutsch","topic-grenzen","topic-nationalismus","topic-politik","topic-sport"],"jetpack_featured_media_url":"","jetpack_sharing_enabled":true,"_links":{"self":[{"href":"https:\/\/www.brennerbasisdemokratie.eu\/index.php?rest_route=\/wp\/v2\/posts\/1219","targetHints":{"allow":["GET"]}}],"collection":[{"href":"https:\/\/www.brennerbasisdemokratie.eu\/index.php?rest_route=\/wp\/v2\/posts"}],"about":[{"href":"https:\/\/www.brennerbasisdemokratie.eu\/index.php?rest_route=\/wp\/v2\/types\/post"}],"author":[{"embeddable":true,"href":"https:\/\/www.brennerbasisdemokratie.eu\/index.php?rest_route=\/wp\/v2\/users\/1"}],"replies":[{"embeddable":true,"href":"https:\/\/www.brennerbasisdemokratie.eu\/index.php?rest_route=%2Fwp%2Fv2%2Fcomments&post=1219"}],"version-history":[{"count":5,"href":"https:\/\/www.brennerbasisdemokratie.eu\/index.php?rest_route=\/wp\/v2\/posts\/1219\/revisions"}],"predecessor-version":[{"id":40036,"href":"https:\/\/www.brennerbasisdemokratie.eu\/index.php?rest_route=\/wp\/v2\/posts\/1219\/revisions\/40036"}],"wp:attachment":[{"href":"https:\/\/www.brennerbasisdemokratie.eu\/index.php?rest_route=%2Fwp%2Fv2%2Fmedia&parent=1219"}],"wp:term":[{"taxonomy":"category","embeddable":true,"href":"https:\/\/www.brennerbasisdemokratie.eu\/index.php?rest_route=%2Fwp%2Fv2%2Fcategories&post=1219"},{"taxonomy":"post_tag","embeddable":true,"href":"https:\/\/www.brennerbasisdemokratie.eu\/index.php?rest_route=%2Fwp%2Fv2%2Ftags&post=1219"}],"curies":[{"name":"wp","href":"https:\/\/api.w.org\/{rel}","templated":true}]}}