{"id":12200,"date":"2012-07-14T16:55:56","date_gmt":"2012-07-14T14:55:56","guid":{"rendered":"http:\/\/www.brennerbasisdemokratie.eu\/?p=12200"},"modified":"2025-12-23T18:29:23","modified_gmt":"2025-12-23T17:29:23","slug":"quotation-lvii","status":"publish","type":"post","link":"https:\/\/www.brennerbasisdemokratie.eu\/?p=12200","title":{"rendered":"Schw\u00e4cher als behauptet."},"content":{"rendered":"<blockquote><p>Mit der Verfassungsreform von 2001 ist zwar das Nationale Interesse formell abgeschafft worden \u2013 doch seither ist es de facto wieder eingef\u00fchrt worden. Der Verfassungsgerichtshof beruft sich in seiner Rechtsprechung st\u00e4ndig darauf. [&#8230;] Rechtlich w\u00fcrde sich durch eine Wiedereinf\u00fchrung des Nationalen Interesses in die Verfassung wenig \u00e4ndern. Zumal es im Artikel 4 des Autonomiestatutes immer drinnen gewesen ist.<\/p><\/blockquote>\n<blockquote><p>S\u00fcdtirol [hat] in der Vergangenheit einen gro\u00dfen Fehler gemacht: Man ist immer davon ausgegangen, dass durch politische Verhandlungen alles erreicht werden kann. [&#8230;] [Wenn] sich die politischen Bedingungen \u00e4ndern wie jetzt, entdeckt man pl\u00f6tzlich, dass man schw\u00e4cher ist, als man behauptet hat. Und das ist nicht gut. Denn h\u00e4tte man mehr Energie in die rechtlichen Garantien investiert, w\u00e4ren wir jetzt nicht in dieser schwierigen Situation. Wir m\u00fcssen erkennen, dass S\u00fcdtirol politisch in Rom derzeit \u00fcberhaupt nichts zu sagen hat.<\/p><\/blockquote>\n<p><em>Prof. Francesco Palermo, ff 25\/2012.<\/em><\/p>\n<p><strong><span style=\"font-family: Helvetica, Arial, sans-serif; text-transform: uppercase;\">C\u00ebla enghe:<\/span><\/strong> <a title=\"Prim\u00e4re Augenwischerei?\" href=\"http:\/\/www.brennerbasisdemokratie.eu\/?p=4648\"><code>01<\/code><\/a><\/p>","protected":false},"excerpt":{"rendered":"<p>Mit der Verfassungsreform von 2001 ist zwar das Nationale Interesse formell abgeschafft worden \u2013 doch seither ist es de facto wieder eingef\u00fchrt worden. Der Verfassungsgerichtshof beruft sich in seiner Rechtsprechung st\u00e4ndig darauf. [&#8230;] Rechtlich w\u00fcrde sich durch eine Wiedereinf\u00fchrung des Nationalen Interesses in die Verfassung wenig \u00e4ndern. Zumal es im Artikel 4 des Autonomiestatutes immer [&hellip;]<\/p>","protected":false},"author":1,"featured_media":0,"comment_status":"open","ping_status":"open","sticky":false,"template":"","format":"standard","meta":{"_crdt_document":"","ngg_post_thumbnail":0,"_jetpack_memberships_contains_paid_content":false,"footnotes":""},"categories":[1],"tags":[],"class_list":["post-12200","post","type-post","status-publish","format-standard","hentry","category-allgemein","entity-svp","entity-verfassungsgericht","issue-quotation","issue-verfassungsreform-2001","location-sudtirolo","language-deutsch","medium-ff","person-francesco-palermo","topic-politik","topic-vorzeigeautonomie","topic-zentralismus"],"jetpack_featured_media_url":"","jetpack_sharing_enabled":true,"_links":{"self":[{"href":"https:\/\/www.brennerbasisdemokratie.eu\/index.php?rest_route=\/wp\/v2\/posts\/12200","targetHints":{"allow":["GET"]}}],"collection":[{"href":"https:\/\/www.brennerbasisdemokratie.eu\/index.php?rest_route=\/wp\/v2\/posts"}],"about":[{"href":"https:\/\/www.brennerbasisdemokratie.eu\/index.php?rest_route=\/wp\/v2\/types\/post"}],"author":[{"embeddable":true,"href":"https:\/\/www.brennerbasisdemokratie.eu\/index.php?rest_route=\/wp\/v2\/users\/1"}],"replies":[{"embeddable":true,"href":"https:\/\/www.brennerbasisdemokratie.eu\/index.php?rest_route=%2Fwp%2Fv2%2Fcomments&post=12200"}],"version-history":[{"count":7,"href":"https:\/\/www.brennerbasisdemokratie.eu\/index.php?rest_route=\/wp\/v2\/posts\/12200\/revisions"}],"predecessor-version":[{"id":73335,"href":"https:\/\/www.brennerbasisdemokratie.eu\/index.php?rest_route=\/wp\/v2\/posts\/12200\/revisions\/73335"}],"wp:attachment":[{"href":"https:\/\/www.brennerbasisdemokratie.eu\/index.php?rest_route=%2Fwp%2Fv2%2Fmedia&parent=12200"}],"wp:term":[{"taxonomy":"category","embeddable":true,"href":"https:\/\/www.brennerbasisdemokratie.eu\/index.php?rest_route=%2Fwp%2Fv2%2Fcategories&post=12200"},{"taxonomy":"post_tag","embeddable":true,"href":"https:\/\/www.brennerbasisdemokratie.eu\/index.php?rest_route=%2Fwp%2Fv2%2Ftags&post=12200"}],"curies":[{"name":"wp","href":"https:\/\/api.w.org\/{rel}","templated":true}]}}