{"id":12239,"date":"2012-07-20T08:45:50","date_gmt":"2012-07-20T06:45:50","guid":{"rendered":"http:\/\/www.brennerbasisdemokratie.eu\/?p=12239"},"modified":"2023-01-07T17:36:23","modified_gmt":"2023-01-07T16:36:23","slug":"t-benedikter-pacta-sunt-servanda","status":"publish","type":"post","link":"https:\/\/www.brennerbasisdemokratie.eu\/?p=12239","title":{"rendered":"T. Benedikter: Pacta sunt servanda."},"content":{"rendered":"<!-- Snippets by WebberZone Snippetz --><div class=\"ata_snippets\"><hr style=\"height: 20px; border: none; margin-top: 0em; background-color: darkred;\"\/><\/div><p>In der aktuellen Ausgabe des Wochenmagazins <em>ff<\/em> ist ein Leserbrief von Thomas Benedikter erschienen, dessen Wortlaut er mir freundlicherweise hat zukommen lassen. Er bezieht sich auf Norbert Dall&#8217;\u00d2s <a title=\"ff: Die sch\u00f6nen Seiten der Krise.\" href=\"http:\/\/www.ff-online.com\/ausgaben\/28\/die-schoenen-seiten-der-krise\/\" target=\"_blank\" rel=\"noopener noreferrer\">Leitartikel<\/a> der Vorwoche:<\/p>\n<blockquote><p>Chefredakteur Dall&#8217;\u00d2 mag recht haben, dass die K\u00fcrzungen im Landeshaushalt auch das Nachdenken \u00fcber bescheidenere L\u00f6sungen f\u00f6rdern werden. Zwangsl\u00e4ufig. Doch Roms Vorgehen in Sachen Finanzautonomie ist ein rechtsstaatlicher Affront. Das Mail\u00e4nder Abkommen mag f\u00fcr Monti ein unangenehmes Korsett sein, doch kann deshalb nicht kurzerhand das Statut ausgehebelt werden. Schon die von Rom angeordnete und von Superkommissar Bondi umzusetzende Ausgabenkontrolle ist mit der statutarisch verankerten Ausgabenautonomie der autonomen Regionen unvereinbar. Rom darf weder Bozen noch Trient vorschreiben, wie und wo gespart werden muss. Pacta sunt servanda. Es braucht eine Neuverhandlung der Finanzbeziehungen zwischen den Autonomen Provinzen, aber unter strikter Einhaltung der von der Verfassung und dem Statut vorgesehenen Verfahren. Auch wenn sich das bisherige Einnahmenniveau des Landes nicht halten lassen wird, w\u00e4re es h\u00f6chst gef\u00e4hrlich f\u00fcr die Absicherung der Autonomie, wenn Montis Hauruck-Methode durchginge.<\/p>\n<p><em>Thomas Benedikter, Bozen<\/em><\/p><\/blockquote>\n<p><strong><span style=\"font-family: Helvetica, Arial, sans-serif; text-transform: uppercase;\">C\u00ebla enghe:<\/span><\/strong> <a title=\"Kommentar: ff und TAZ.\" href=\"http:\/\/www.brennerbasisdemokratie.eu\/?p=12165&amp;cpage=1#comment-114689\"><code>01<\/code><\/a><\/p>\n<!-- Snippets by WebberZone Snippetz --><div class=\"ata_snippets\"><hr style=\"height: 10px;border: none;margin-top: 0px;background-color: darkred\" \/>\r\n\r\n<div style=\"background-color: none;padding: 0px;font-size: 14px;font-family: Helvetica,Arial;margin: 10px 0px 0px 0px\"><span style=\"color: darkred\"><strong><small>Autor:innen- und Gastbeitr\u00e4ge widerspiegeln nicht notwendigerweise die Meinung oder die Position von BBD, so wie die jeweiligen Verfasser:innen nicht notwendigerweise die Ziele von BBD unterst\u00fctzen.<\/small><\/strong><small>\u00b7 I contributi esterni non necessariamente riflettono le opinioni o la posizione di BBD, come a loro volta le autrici\/gli autori non necessariamente condividono gli obiettivi di BBD. \u2014 <a href=\"http:\/\/www.brennerbasisdemokratie.eu\/?page_id=11356#copyleft\"><strong>\u00a9<\/strong><\/a><\/small><\/span><\/div><\/div>","protected":false},"excerpt":{"rendered":"<p>In der aktuellen Ausgabe des Wochenmagazins ff ist ein Leserbrief von Thomas Benedikter erschienen, dessen Wortlaut er mir freundlicherweise hat zukommen lassen. Er bezieht sich auf Norbert Dall&#8217;\u00d2s Leitartikel der Vorwoche: Chefredakteur Dall&#8217;\u00d2 mag recht haben, dass die K\u00fcrzungen im Landeshaushalt auch das Nachdenken \u00fcber bescheidenere L\u00f6sungen f\u00f6rdern werden. Zwangsl\u00e4ufig. Doch Roms Vorgehen in Sachen [&hellip;]<\/p>","protected":false},"author":10,"featured_media":0,"comment_status":"open","ping_status":"open","sticky":false,"template":"","format":"standard","meta":{"_crdt_document":"","ngg_post_thumbnail":0,"_jetpack_memberships_contains_paid_content":false,"footnotes":""},"categories":[14],"tags":[],"class_list":["post-12239","post","type-post","status-publish","format-standard","hentry","category-autorinnen","issue-afk","issue-mailander-abkommen","issue-medienkritik","issue-zitac","location-sudtirolo","language-deutsch","medium-ff","person-mario-monti","person-norbert-dallo","person-thomas-benedikter","topic-medien","topic-recht","topic-staatland","topic-wirtschaft"],"jetpack_featured_media_url":"","jetpack_sharing_enabled":true,"_links":{"self":[{"href":"https:\/\/www.brennerbasisdemokratie.eu\/index.php?rest_route=\/wp\/v2\/posts\/12239","targetHints":{"allow":["GET"]}}],"collection":[{"href":"https:\/\/www.brennerbasisdemokratie.eu\/index.php?rest_route=\/wp\/v2\/posts"}],"about":[{"href":"https:\/\/www.brennerbasisdemokratie.eu\/index.php?rest_route=\/wp\/v2\/types\/post"}],"author":[{"embeddable":true,"href":"https:\/\/www.brennerbasisdemokratie.eu\/index.php?rest_route=\/wp\/v2\/users\/10"}],"replies":[{"embeddable":true,"href":"https:\/\/www.brennerbasisdemokratie.eu\/index.php?rest_route=%2Fwp%2Fv2%2Fcomments&post=12239"}],"version-history":[{"count":9,"href":"https:\/\/www.brennerbasisdemokratie.eu\/index.php?rest_route=\/wp\/v2\/posts\/12239\/revisions"}],"predecessor-version":[{"id":60065,"href":"https:\/\/www.brennerbasisdemokratie.eu\/index.php?rest_route=\/wp\/v2\/posts\/12239\/revisions\/60065"}],"wp:attachment":[{"href":"https:\/\/www.brennerbasisdemokratie.eu\/index.php?rest_route=%2Fwp%2Fv2%2Fmedia&parent=12239"}],"wp:term":[{"taxonomy":"category","embeddable":true,"href":"https:\/\/www.brennerbasisdemokratie.eu\/index.php?rest_route=%2Fwp%2Fv2%2Fcategories&post=12239"},{"taxonomy":"post_tag","embeddable":true,"href":"https:\/\/www.brennerbasisdemokratie.eu\/index.php?rest_route=%2Fwp%2Fv2%2Ftags&post=12239"}],"curies":[{"name":"wp","href":"https:\/\/api.w.org\/{rel}","templated":true}]}}