{"id":1227,"date":"2008-06-28T10:11:07","date_gmt":"2008-06-28T08:11:07","guid":{"rendered":"http:\/\/www.brennerbasisdemokratie.eu\/?p=1227"},"modified":"2016-04-01T18:05:38","modified_gmt":"2016-04-01T16:05:38","slug":"andrea-simone-gabriele","status":"publish","type":"post","link":"https:\/\/www.brennerbasisdemokratie.eu\/?p=1227","title":{"rendered":"Andrea, Simone, Gabriele&#8230;"},"content":{"rendered":"<p>M\u00e4dchen, die einen dieser Namen tragen, k\u00f6nnte schon bald eine gerichtlich verf\u00fcgte Namens\u00e4nderung ins Haus stehen. Mit Problemen dieser Gr\u00f6\u00dfenordnung wird sich die italienische Justiz ja schon bald n\u00e4her befassen, wenn richtige Kriminelle (wie der MP) prozessfrei ausgehen.<\/p>\n<p>Die Turiner Staatsanwaltschaft will z.B. einem Elternpaar per Gerichtsurteil untersagen lassen, seine Tochter \u00bbAndrea\u00ab zu taufen, da dies in Italien ein m\u00e4nnlicher Name sei. Auszug aus einer \u00e4u\u00dferst engen (um nicht zu sagen: unliberalen, diktatorischen) Anweisung des Innenministeriums aus dem Jahr 2007:<\/p>\n<blockquote><p>Circa la tematica dell&#8217;attribuzione del nome in maniera corrispondente al sesso, si evidenzia che a fronte dell&#8217;esercizio dei genitori di scegliere liberamente il nome del figlio anche recependo un nome di origine straniera, il legislatore ha inteso disporre un principio generale secondo cui non possono essere imposti prenomi che possono trarre in equivoco sulla loro corrispondenza al sesso del neonato [&#8230;] Tale norma non pu\u00f2 essere aggirata facendo affidamento sulla diversa valenza, maschile o femminile, che un determinato nome ha in alcuni paesi stranieri, quando lo stesso nome in Italia ha una chiara connotazione maschile o femminile.<\/p><\/blockquote>\n<p>Endlich: Gesetzlicher Schutz vor Vermischung und kultureller Vielfalt!<\/p>","protected":false},"excerpt":{"rendered":"<p>M\u00e4dchen, die einen dieser Namen tragen, k\u00f6nnte schon bald eine gerichtlich verf\u00fcgte Namens\u00e4nderung ins Haus stehen. Mit Problemen dieser Gr\u00f6\u00dfenordnung wird sich die italienische Justiz ja schon bald n\u00e4her befassen, wenn richtige Kriminelle (wie der MP) prozessfrei ausgehen. Die Turiner Staatsanwaltschaft will z.B. einem Elternpaar per Gerichtsurteil untersagen lassen, seine Tochter \u00bbAndrea\u00ab zu taufen, da [&hellip;]<\/p>","protected":false},"author":1,"featured_media":0,"comment_status":"open","ping_status":"open","sticky":false,"template":"","format":"standard","meta":{"_crdt_document":"","ngg_post_thumbnail":0,"_jetpack_memberships_contains_paid_content":false,"footnotes":""},"categories":[],"tags":[],"class_list":["post-1227","post","type-post","status-publish","format-standard","hentry","topic-grundrechte","topic-minderheitenschutz","topic-plurilinguism","topic-recht"],"jetpack_featured_media_url":"","jetpack_sharing_enabled":true,"_links":{"self":[{"href":"https:\/\/www.brennerbasisdemokratie.eu\/index.php?rest_route=\/wp\/v2\/posts\/1227","targetHints":{"allow":["GET"]}}],"collection":[{"href":"https:\/\/www.brennerbasisdemokratie.eu\/index.php?rest_route=\/wp\/v2\/posts"}],"about":[{"href":"https:\/\/www.brennerbasisdemokratie.eu\/index.php?rest_route=\/wp\/v2\/types\/post"}],"author":[{"embeddable":true,"href":"https:\/\/www.brennerbasisdemokratie.eu\/index.php?rest_route=\/wp\/v2\/users\/1"}],"replies":[{"embeddable":true,"href":"https:\/\/www.brennerbasisdemokratie.eu\/index.php?rest_route=%2Fwp%2Fv2%2Fcomments&post=1227"}],"version-history":[{"count":1,"href":"https:\/\/www.brennerbasisdemokratie.eu\/index.php?rest_route=\/wp\/v2\/posts\/1227\/revisions"}],"predecessor-version":[{"id":28186,"href":"https:\/\/www.brennerbasisdemokratie.eu\/index.php?rest_route=\/wp\/v2\/posts\/1227\/revisions\/28186"}],"wp:attachment":[{"href":"https:\/\/www.brennerbasisdemokratie.eu\/index.php?rest_route=%2Fwp%2Fv2%2Fmedia&parent=1227"}],"wp:term":[{"taxonomy":"category","embeddable":true,"href":"https:\/\/www.brennerbasisdemokratie.eu\/index.php?rest_route=%2Fwp%2Fv2%2Fcategories&post=1227"},{"taxonomy":"post_tag","embeddable":true,"href":"https:\/\/www.brennerbasisdemokratie.eu\/index.php?rest_route=%2Fwp%2Fv2%2Ftags&post=1227"}],"curies":[{"name":"wp","href":"https:\/\/api.w.org\/{rel}","templated":true}]}}