{"id":123,"date":"2006-05-21T13:03:20","date_gmt":"2006-05-21T11:03:20","guid":{"rendered":"http:\/\/www.selbstbestimmung.net\/?p=123"},"modified":"2022-02-04T17:48:40","modified_gmt":"2022-02-04T16:48:40","slug":"freiheitsgewinn","status":"publish","type":"post","link":"https:\/\/www.brennerbasisdemokratie.eu\/?p=123","title":{"rendered":"Freiheitsgewinn."},"content":{"rendered":"<div><img decoding=\"async\" id=\"image124\" title=\"Serbien und Montenegro.\" src=\"http:\/\/www.brennerbasisdemokratie.eu\/wp-content\/uploads\/prev\/serbiamontenegro.jpg\" alt=\"Serbien und Montenegro.\" align=\"right\" \/><\/div>\n<p>Nach jener von Tschechien und Slowakei erleben wir heute m\u00f6glicherweise eine neue friedliche Trennung in Europa: Jene Montenegros (621.000 Einwohnerinnen) von Serbien, im letzten \u00dcberrest der ehemaligen jugoslawischen Konf\u00f6deration. \u00dcber die Unabh\u00e4ngigkeit befinden in Aus\u00fcbung der Menschenrechte und in bester demokratischer Tradition allein die B\u00fcrgerinnen Montenegros. Damit k\u00f6nnte auf unserem Kontinent erneut ein Staat mit unter einer Million Einwohnerinnen entstehen \u2014 wenig mehr Menschen, als in S\u00fcdtirol leben.<\/p>\n<p>Ungeachtet des Wahlausgangs tragen die Montenegrinerinnen den Sieg davon: Ihre Zukunft wird so sein, wie sie frei beschlie\u00dfen.<\/p>\n<p><strong>Keine Angst vor Demokratie.<\/strong><\/p>\n<p><strong><span style=\"font-family: Helvetica, Arial, sans-serif; text-transform: uppercase;\">C\u00ebla enghe:<\/span><\/strong> <a title=\"Spiegel Online.\" href=\"http:\/\/www.spiegel.de\/politik\/ausland\/0,1518,417313,00.html\" target=\"_blank\" rel=\"noopener noreferrer\"><code>01<\/code><\/a> <a title=\"Spiegel International.\" href=\"http:\/\/service.spiegel.de\/cache\/international\/spiegel\/0,1518,416814,00.html\" target=\"_blank\" rel=\"noopener noreferrer\"><code>02<\/code><\/a> <a title=\"Spiegel Online.\" href=\"http:\/\/www.spiegel.de\/politik\/ausland\/0,1518,417313,00.html\" target=\"_blank\" rel=\"noopener noreferrer\"><code>03<\/code><\/a> <a title=\"Spiegel Online.\" href=\"http:\/\/www.spiegel.de\/politik\/ausland\/0,1518,417342,00.html\" target=\"_blank\" rel=\"noopener noreferrer\"><code>04<\/code><\/a> <a title=\"Spiegel Online.\" href=\"http:\/\/www.spiegel.de\/politik\/ausland\/0,1518,417435,00.html\" target=\"_blank\" rel=\"noopener noreferrer\"><code>05<\/code><\/a><\/p>","protected":false},"excerpt":{"rendered":"<p>Nach jener von Tschechien und Slowakei erleben wir heute m\u00f6glicherweise eine neue friedliche Trennung in Europa: Jene Montenegros (621.000 Einwohnerinnen) von Serbien, im letzten \u00dcberrest der ehemaligen jugoslawischen Konf\u00f6deration. \u00dcber die Unabh\u00e4ngigkeit befinden in Aus\u00fcbung der Menschenrechte und in bester demokratischer Tradition allein die B\u00fcrgerinnen Montenegros. Damit k\u00f6nnte auf unserem Kontinent erneut ein Staat mit [&hellip;]<\/p>","protected":false},"author":1,"featured_media":0,"comment_status":"open","ping_status":"open","sticky":false,"template":"","format":"standard","meta":{"_crdt_document":"","ngg_post_thumbnail":0,"_jetpack_memberships_contains_paid_content":false,"footnotes":""},"categories":[1],"tags":[],"class_list":["post-123","post","type-post","status-publish","format-standard","hentry","category-allgemein","issue-good-news","location-europa","language-deutsch","topic-democrazia","topic-grundrechte","topic-kleinstaaten","topic-selbstbestimmung"],"jetpack_featured_media_url":"","jetpack_sharing_enabled":true,"_links":{"self":[{"href":"https:\/\/www.brennerbasisdemokratie.eu\/index.php?rest_route=\/wp\/v2\/posts\/123","targetHints":{"allow":["GET"]}}],"collection":[{"href":"https:\/\/www.brennerbasisdemokratie.eu\/index.php?rest_route=\/wp\/v2\/posts"}],"about":[{"href":"https:\/\/www.brennerbasisdemokratie.eu\/index.php?rest_route=\/wp\/v2\/types\/post"}],"author":[{"embeddable":true,"href":"https:\/\/www.brennerbasisdemokratie.eu\/index.php?rest_route=\/wp\/v2\/users\/1"}],"replies":[{"embeddable":true,"href":"https:\/\/www.brennerbasisdemokratie.eu\/index.php?rest_route=%2Fwp%2Fv2%2Fcomments&post=123"}],"version-history":[{"count":8,"href":"https:\/\/www.brennerbasisdemokratie.eu\/index.php?rest_route=\/wp\/v2\/posts\/123\/revisions"}],"predecessor-version":[{"id":70875,"href":"https:\/\/www.brennerbasisdemokratie.eu\/index.php?rest_route=\/wp\/v2\/posts\/123\/revisions\/70875"}],"wp:attachment":[{"href":"https:\/\/www.brennerbasisdemokratie.eu\/index.php?rest_route=%2Fwp%2Fv2%2Fmedia&parent=123"}],"wp:term":[{"taxonomy":"category","embeddable":true,"href":"https:\/\/www.brennerbasisdemokratie.eu\/index.php?rest_route=%2Fwp%2Fv2%2Fcategories&post=123"},{"taxonomy":"post_tag","embeddable":true,"href":"https:\/\/www.brennerbasisdemokratie.eu\/index.php?rest_route=%2Fwp%2Fv2%2Ftags&post=123"}],"curies":[{"name":"wp","href":"https:\/\/api.w.org\/{rel}","templated":true}]}}