{"id":1235,"date":"2008-07-01T19:42:55","date_gmt":"2008-07-01T17:42:55","guid":{"rendered":"http:\/\/www.brennerbasisdemokratie.eu\/?p=1235"},"modified":"2020-08-26T22:49:12","modified_gmt":"2020-08-26T20:49:12","slug":"wenn-herr-pahl","status":"publish","type":"post","link":"https:\/\/www.brennerbasisdemokratie.eu\/?p=1235","title":{"rendered":"Sollte Herr Pahl&#8230;"},"content":{"rendered":"<p>oder irgend ein anderer Politiker \u2013 mit oder ohne Hungerstreik \u2013 erreichen, dass <a title=\"Zuerst die F\u00fc\u00dfe.\" href=\"http:\/\/www.brennerbasisdemokratie.eu\/?p=1213\" target=\"_self\" rel=\"noopener noreferrer\">ein Kunstwerk<\/a> aus einem Museum entfernt wird, dann haben alle S\u00fcdtiroler, denen an den <a title=\"Zensur!\" href=\"http:\/\/www.brennerbasisdemokratie.eu\/?p=212\" target=\"_self\" rel=\"noopener noreferrer\">liberalen Grundrechten<\/a>, an den Menschenrechten, am Rechtsstaat und nicht zuletzt am Grundgesetz gelegen ist, die b\u00fcrgerliche Pflicht, den Weg auf die Stra\u00dfe zu suchen.<\/p>\n<p>Wer schweigt macht sich mitschuldig, und wir d\u00fcrfen nicht zulassen, dass dieses Land von reaktion\u00e4ren Talibans \u00fcberw\u00e4ltigt wird, die sich selbst zu Sittenw\u00e4chtern erheben.<\/p>\n<p>Ironisch \u00fcbrigens, dass gerade Franz Pahl sich \u00fcber die R\u00fcckst\u00e4ndigkeit und Aggressivit\u00e4t der Moslems beklagt hat \u2013 Eigenschaften, die er nun ungeniert selbst an den Tag legt. Aus der Pr\u00e4sentation seines Buches mit geradezu prophetischer [!] Wortwahl:<br \/>\n<span style=\"color: black;\"><br \/>\n<\/span><\/p>\n<blockquote><p>[&#8230;]<br \/>\nIn den 57 islamischen Staaten herrscht weltweit die Orthodoxie. Sie verst\u00e4rkt sich immer mehr zur <strong>neototalit\u00e4ren Ideologie<\/strong> des Islamismus. Die Hoffnung auf einen <strong>aufgekl\u00e4rten europ\u00e4ischen Islam<\/strong> ist eine Illusion.<\/p>\n<p>[&#8230;]<\/p>\n<p>Ihre Zahl w\u00e4chst st\u00e4ndig. Sie bringen eine Weltanschauung mit, die <strong>mit dem demokratischen Rechtsstaat und den Menschenrechten unvereinbar<\/strong> ist.<\/p>\n<p>[&#8230;]<\/p>\n<p>Die orthodoxe islamische Weltsicht entrechte die Frauen und betreibe die <strong>Zerst\u00f6rung der Demokratie durch \u201caggressive Missionierung<\/strong>, Massenzuwanderung und Lenkung der Finanzstr\u00f6me in vielen Banken\u201d, erkl\u00e4rte Pahl weiter.<\/p>\n<p>[&#8230;]<\/p>\n<p>S\u00fcdtirol habe den \u201c<strong>Weg in die Scharia schon auf leisen Sohlen angetreten<\/strong>\u201d und weiche bereits \u00e4ngstlich zur\u00fcck, meinte Pahl.<\/p><\/blockquote>\n<p><em>Hervorhebungen von mir.<\/em><\/p>\n<p>Wie wahr Herr Pahl, den Weg in die Scharia haben wir angetreten! Nur gut, dass Sie sich zu einem Ramadan entschlossen haben.<\/p>\n<p><a title=\"Segnavia: Christliche Wurzeln.\" href=\"http:\/\/segnavia.wordpress.com\/2008\/07\/01\/christliche-wurzeln\/\" target=\"_blank\" rel=\"noopener noreferrer\"><code>01<\/code><\/a> <a title=\"Pichler Rolle widerspricht sich selbst.\" href=\"http:\/\/markus-lobis.blog.de\/2008\/07\/01\/elmar-pichler-rolle-widerspricht-sich-se-4388117\" target=\"_blank\" rel=\"noopener noreferrer\"><code>02<\/code><\/a><\/p>","protected":false},"excerpt":{"rendered":"<p>oder irgend ein anderer Politiker \u2013 mit oder ohne Hungerstreik \u2013 erreichen, dass ein Kunstwerk aus einem Museum entfernt wird, dann haben alle S\u00fcdtiroler, denen an den liberalen Grundrechten, an den Menschenrechten, am Rechtsstaat und nicht zuletzt am Grundgesetz gelegen ist, die b\u00fcrgerliche Pflicht, den Weg auf die Stra\u00dfe zu suchen. Wer schweigt macht sich [&hellip;]<\/p>","protected":false},"author":1,"featured_media":0,"comment_status":"open","ping_status":"open","sticky":false,"template":"","format":"standard","meta":{"_crdt_document":"","ngg_post_thumbnail":0,"_jetpack_memberships_contains_paid_content":false,"footnotes":""},"categories":[1],"tags":[],"class_list":["post-1235","post","type-post","status-publish","format-standard","hentry","category-allgemein","entity-svp","issue-zitac","location-sudtirolo","language-deutsch","topic-kunstcultura","topic-engagement","topic-feuilleton","topic-grundrechte","topic-kunst","topic-migraziun","topic-politik","topic-recht","topic-religiun"],"jetpack_featured_media_url":"","jetpack_sharing_enabled":true,"_links":{"self":[{"href":"https:\/\/www.brennerbasisdemokratie.eu\/index.php?rest_route=\/wp\/v2\/posts\/1235","targetHints":{"allow":["GET"]}}],"collection":[{"href":"https:\/\/www.brennerbasisdemokratie.eu\/index.php?rest_route=\/wp\/v2\/posts"}],"about":[{"href":"https:\/\/www.brennerbasisdemokratie.eu\/index.php?rest_route=\/wp\/v2\/types\/post"}],"author":[{"embeddable":true,"href":"https:\/\/www.brennerbasisdemokratie.eu\/index.php?rest_route=\/wp\/v2\/users\/1"}],"replies":[{"embeddable":true,"href":"https:\/\/www.brennerbasisdemokratie.eu\/index.php?rest_route=%2Fwp%2Fv2%2Fcomments&post=1235"}],"version-history":[{"count":4,"href":"https:\/\/www.brennerbasisdemokratie.eu\/index.php?rest_route=\/wp\/v2\/posts\/1235\/revisions"}],"predecessor-version":[{"id":59943,"href":"https:\/\/www.brennerbasisdemokratie.eu\/index.php?rest_route=\/wp\/v2\/posts\/1235\/revisions\/59943"}],"wp:attachment":[{"href":"https:\/\/www.brennerbasisdemokratie.eu\/index.php?rest_route=%2Fwp%2Fv2%2Fmedia&parent=1235"}],"wp:term":[{"taxonomy":"category","embeddable":true,"href":"https:\/\/www.brennerbasisdemokratie.eu\/index.php?rest_route=%2Fwp%2Fv2%2Fcategories&post=1235"},{"taxonomy":"post_tag","embeddable":true,"href":"https:\/\/www.brennerbasisdemokratie.eu\/index.php?rest_route=%2Fwp%2Fv2%2Ftags&post=1235"}],"curies":[{"name":"wp","href":"https:\/\/api.w.org\/{rel}","templated":true}]}}