{"id":12416,"date":"2012-08-20T11:24:53","date_gmt":"2012-08-20T09:24:53","guid":{"rendered":"http:\/\/www.brennerbasisdemokratie.eu\/?p=12416"},"modified":"2023-01-07T17:10:33","modified_gmt":"2023-01-07T16:10:33","slug":"ruck-schrittmacher","status":"publish","type":"post","link":"https:\/\/www.brennerbasisdemokratie.eu\/?p=12416","title":{"rendered":"R\u00fcck-Schrittmacher."},"content":{"rendered":"<p>Vor rund einem Jahr hatten wir <a title=\"Demokratie oder Privatverein?\" href=\"http:\/\/www.brennerbasisdemokratie.eu\/?p=9044\">die Entwicklung beanstandet<\/a>, ganze Tourismusregionen in S\u00fcdtirol \u2014 ohne demokratische Mitbestimmung \u2014 der nationalstaatlichen Logik folgend nur noch mit dem <em>italienischen<\/em> (meist w\u00e4hrend des Faschismus aufoktroyierten) Namen zu vermarkten.<\/p>\n<p>Eines der damals genannten Negativbeispiele war das Hochpustertal, welches sich selbst deutschen G\u00e4sten nur noch als <em>Sextner Dolomiten &#8211; Alta Pusteria<\/em> pr\u00e4sentierte. Der in politischen Sonntagsreden verk\u00fcndeten Absicht, Grenzregionen (wie das Osttiroler und das S\u00fcdtiroler Hochpustertal) zusammenwachsen zu lassen, steht dies sogar diametral entgegen.<\/p>\n<p>Die heurige Werbekampagne an S\u00fcdtirols Bushaltestellen geht sogar noch einen Schritt weiter. Auch die Sextner Dolomiten werden jetzt sprach\u00fcbergreifend nur noch als <em>Dolomiti di Sesto<\/em> bezeichnet:<\/p>\n<blockquote><p><img loading=\"lazy\" decoding=\"async\" class=\"aligncenter size-full wp-image-12417\" title=\"Sextner Dolomiten.\" src=\"http:\/\/www.brennerbasisdemokratie.eu\/wp-content\/uploads\/2012\/08\/sextnerdolomiten.jpg\" alt=\"\" width=\"550\" height=\"576\" srcset=\"https:\/\/www.brennerbasisdemokratie.eu\/wp-content\/uploads\/2012\/08\/sextnerdolomiten.jpg 550w, https:\/\/www.brennerbasisdemokratie.eu\/wp-content\/uploads\/2012\/08\/sextnerdolomiten-143x150.jpg 143w, https:\/\/www.brennerbasisdemokratie.eu\/wp-content\/uploads\/2012\/08\/sextnerdolomiten-286x300.jpg 286w\" sizes=\"auto, (max-width: 550px) 100vw, 550px\" \/><\/p><\/blockquote>\n<p>Die Tourismusvereine setzen ihre Italianisierungsarbeit also unbeirrt fort. Die Entwicklung schreitet \u2014 dem subjektiven Eindruck nach \u2014 sogar so schnell voran, wie nie zuvor seit Ende der faschistischen \u00c4ra. Dies, w\u00e4hrend man sich andernorts l\u00e4ngst auf die eigenen Wurzeln und auf Authentizit\u00e4t besinnt (<a title=\"Was der Uluru kann, kann Urtij\u00ebi schon lang.\" href=\"http:\/\/www.brennerbasisdemokratie.eu\/?p=7309\"><code>01<\/code><\/a> <a title=\"Canigou? Canig\u00f3!\" href=\"http:\/\/www.brennerbasisdemokratie.eu\/?p=10823\"><code>02<\/code><\/a>).<\/p>\n<p><strong><span style=\"font-family: Helvetica, Arial, sans-serif; text-transform: uppercase;\">C\u00ebla enghe:<\/span><\/strong> <a title=\"Wegen Selbstverleugnung geschlossen.\" href=\"https:\/\/www.brennerbasisdemokratie.eu\/?p=63866\"><span style=\"color: #ff8c00\"><code>01<\/code><\/span><\/a><\/p>","protected":false},"excerpt":{"rendered":"<p>Vor rund einem Jahr hatten wir die Entwicklung beanstandet, ganze Tourismusregionen in S\u00fcdtirol \u2014 ohne demokratische Mitbestimmung \u2014 der nationalstaatlichen Logik folgend nur noch mit dem italienischen (meist w\u00e4hrend des Faschismus aufoktroyierten) Namen zu vermarkten. Eines der damals genannten Negativbeispiele war das Hochpustertal, welches sich selbst deutschen G\u00e4sten nur noch als Sextner Dolomiten &#8211; Alta [&hellip;]<\/p>","protected":false},"author":1,"featured_media":0,"comment_status":"open","ping_status":"open","sticky":false,"template":"","format":"standard","meta":{"_crdt_document":"","ngg_post_thumbnail":0,"_jetpack_memberships_contains_paid_content":false,"footnotes":""},"categories":[1],"tags":[],"class_list":["post-12416","post","type-post","status-publish","format-standard","hentry","category-allgemein","issue-italianizzazione","location-sudtirolo","language-deutsch","topic-aussendarstellung","topic-kunstcultura","topic-grenzen","topic-mitbestimmung","topic-ortsnamen","topic-politik","topic-tourismus"],"jetpack_featured_media_url":"","jetpack_sharing_enabled":true,"_links":{"self":[{"href":"https:\/\/www.brennerbasisdemokratie.eu\/index.php?rest_route=\/wp\/v2\/posts\/12416","targetHints":{"allow":["GET"]}}],"collection":[{"href":"https:\/\/www.brennerbasisdemokratie.eu\/index.php?rest_route=\/wp\/v2\/posts"}],"about":[{"href":"https:\/\/www.brennerbasisdemokratie.eu\/index.php?rest_route=\/wp\/v2\/types\/post"}],"author":[{"embeddable":true,"href":"https:\/\/www.brennerbasisdemokratie.eu\/index.php?rest_route=\/wp\/v2\/users\/1"}],"replies":[{"embeddable":true,"href":"https:\/\/www.brennerbasisdemokratie.eu\/index.php?rest_route=%2Fwp%2Fv2%2Fcomments&post=12416"}],"version-history":[{"count":11,"href":"https:\/\/www.brennerbasisdemokratie.eu\/index.php?rest_route=\/wp\/v2\/posts\/12416\/revisions"}],"predecessor-version":[{"id":76058,"href":"https:\/\/www.brennerbasisdemokratie.eu\/index.php?rest_route=\/wp\/v2\/posts\/12416\/revisions\/76058"}],"wp:attachment":[{"href":"https:\/\/www.brennerbasisdemokratie.eu\/index.php?rest_route=%2Fwp%2Fv2%2Fmedia&parent=12416"}],"wp:term":[{"taxonomy":"category","embeddable":true,"href":"https:\/\/www.brennerbasisdemokratie.eu\/index.php?rest_route=%2Fwp%2Fv2%2Fcategories&post=12416"},{"taxonomy":"post_tag","embeddable":true,"href":"https:\/\/www.brennerbasisdemokratie.eu\/index.php?rest_route=%2Fwp%2Fv2%2Ftags&post=12416"}],"curies":[{"name":"wp","href":"https:\/\/api.w.org\/{rel}","templated":true}]}}