{"id":1260,"date":"2008-08-13T20:20:45","date_gmt":"2008-08-13T18:20:45","guid":{"rendered":"http:\/\/www.brennerbasisdemokratie.eu\/?p=1260"},"modified":"2022-01-22T12:54:43","modified_gmt":"2022-01-22T11:54:43","slug":"post-vom-finanzressort","status":"publish","type":"post","link":"https:\/\/www.brennerbasisdemokratie.eu\/?p=1260","title":{"rendered":"Post vom Finanzressort."},"content":{"rendered":"<p>Im Zusammenhang mit den Bestrebungen der r\u00f6mischen Regierung, den Steuerf\u00f6deralismus auf den Weg zu bringen, hat die Wirtschaftszeitung <em>Il sole 24 ore<\/em> neulich <a title=\"Solo sette regioni autosufficienti.\" href=\"http:\/\/www.ilsole24ore.com\/art\/SoleOnLine4\/Norme%20e%20Tributi\/2008\/08\/federalismo-sette-regioni-autosufficienti.shtml?uuid=8c1ac2f2-61ef-11dd-878c-15751ecf7bb7&amp;DocRulesView=Libero\" target=\"_blank\" rel=\"noopener noreferrer\">Daten ver\u00f6ffentlicht<\/a>, wonach S\u00fcdtirol nicht fit f\u00fcr die Steuerhoheit w\u00e4re. Dies angeblich, weil unser Land zur Zeit mehr Gelder erh\u00e4lt, als vor Ort Steuern eingetrieben werden.<\/p>\n<p>Auf meine Aufforderung hin, diese Einsch\u00e4tzung zu kommentieren und die offizielle Haltung der Landesregierung zur Steuerhoheit zu erl\u00e4utern, ist heute ein Schreiben von Herrn Dr. Werner Frick bei mir eingegangen. Darin bestreitet der Landesrat die Behauptungen der Mail\u00e4nder Wirtschaftszeitung.<\/p>\n<blockquote><p>Insbesondere stellen wir immer fest, dass bei den Vergleichen zwischen den Regionen mit Spezialstatut und den anderen Regionen die v\u00f6llig unterschiedlichen Kompetenzen bzw. finanziellen Verantwortlichkeiten unber\u00fccksichtigt bleiben.<\/p><\/blockquote>\n<p>Was den Steuerf\u00f6deralismus betrifft, gibt es eine klare Zusage:<\/p>\n<blockquote><p>Das Land S\u00fcdtirol m\u00f6chte in Sachen Steuern mehr Verantwortung \u00fcbernehmen. Wir sind aber nicht bereit, nur die Einhebung (Agenzia delle Entrate [Einnahmenagentur, Anm.]) zu t\u00e4tigen, wenn wir nicht auch im Meritum des Steuerrechts M\u00f6glichkeiten der Gestaltung bekommen.<\/p>\n<p>Die konkrete Basis f\u00fcr die zuk\u00fcnftige Diskussion wird nun das Gesetz \u00fcber den &#8220;Steuerf\u00f6deralismus&#8221; des Ministers Calderoli werden. Dort geht es nicht, auch nicht bez\u00fcglich der Regionen mit Spezialstatut, um eine Steuerhoheit im engeren Sinne. Eher ist damit zu rechnen, dass die Regionen mit Normalstatut (so wie wir das vom Konzept her schon haben) eine Beteiligung an den staatlichen Einnahmen erhalten, die den Basis-Leistungsstandard insbesondere im Bereich der Sanit\u00e4t und des Sozialen und eventuell auch Lokaltransport garantieren. Dar\u00fcber hinaus wird wohl den Regionen einger\u00e4umt werden, f\u00fcr den regionalen Anteil, auch die Hebes\u00e4tze zu varieren und &#8211; finanziell in einem geringen Ausma\u00df &#8211; auch eigene Steuern einzuf\u00fchren. Letzteres wird auch die Gemeinden betreffen.<\/p>\n<p>Dr. Werner Frick<br \/>\nLandesrat<\/p><\/blockquote>\n<p><strong><span style=\"font-family: Helvetica, Arial, sans-serif; text-transform: uppercase;\">C\u00ebla enghe:<\/span><\/strong> <a title=\"Der tr\u00fcgerische Reiz der Steuerautonomie.\" href=\"http:\/\/www.brennerbasisdemokratie.eu\/?p=1214\" target=\"_self\" rel=\"noopener noreferrer\"><code>01<\/code><\/a> <a title=\"Zuwendungen.\" href=\"http:\/\/www.brennerbasisdemokratie.eu\/?p=1198\"><code>02<\/code><\/a> <a title=\"Auch die Wirtschaft will sie.\" href=\"http:\/\/www.brennerbasisdemokratie.eu\/?p=1143\"><code>03<\/code><\/a> <a title=\"Los von Visco?\" href=\"http:\/\/www.brennerbasisdemokratie.eu\/?p=727\"><code>04<\/code><\/a> <a title=\"A wie Autonomie.\" href=\"http:\/\/www.brennerbasisdemokratie.eu\/?p=602\"><code>05<\/code><\/a>\u00a0<span style=\"font-family: Helvetica, Arial, sans-serif; font-weight: normal;\">|<\/span> <a title=\"Segnavia: Federalismo fiscale.\" href=\"http:\/\/segnavia.wordpress.com\/2008\/11\/17\/federalismo-fiscale\/\" target=\"_blank\" rel=\"noopener noreferrer\"><code>06<\/code><\/a><a title=\"A wie Autonomie.\" href=\"http:\/\/www.brennerbasisdemokratie.eu\/?p=602\"><br \/>\n<\/a><\/p>","protected":false},"excerpt":{"rendered":"<p>Im Zusammenhang mit den Bestrebungen der r\u00f6mischen Regierung, den Steuerf\u00f6deralismus auf den Weg zu bringen, hat die Wirtschaftszeitung Il sole 24 ore neulich Daten ver\u00f6ffentlicht, wonach S\u00fcdtirol nicht fit f\u00fcr die Steuerhoheit w\u00e4re. Dies angeblich, weil unser Land zur Zeit mehr Gelder erh\u00e4lt, als vor Ort Steuern eingetrieben werden. Auf meine Aufforderung hin, diese Einsch\u00e4tzung [&hellip;]<\/p>","protected":false},"author":1,"featured_media":0,"comment_status":"open","ping_status":"open","sticky":false,"template":"","format":"standard","meta":{"_crdt_document":"","ngg_post_thumbnail":0,"_jetpack_memberships_contains_paid_content":false,"footnotes":""},"categories":[1],"tags":[],"class_list":["post-1260","post","type-post","status-publish","format-standard","hentry","category-allgemein","entity-landesregierung","entity-svp","location-sudtirolo","language-deutsch","medium-s24o","topic-foederalismus","topic-medien","topic-politik","topic-wirtschaft"],"jetpack_featured_media_url":"","jetpack_sharing_enabled":true,"_links":{"self":[{"href":"https:\/\/www.brennerbasisdemokratie.eu\/index.php?rest_route=\/wp\/v2\/posts\/1260","targetHints":{"allow":["GET"]}}],"collection":[{"href":"https:\/\/www.brennerbasisdemokratie.eu\/index.php?rest_route=\/wp\/v2\/posts"}],"about":[{"href":"https:\/\/www.brennerbasisdemokratie.eu\/index.php?rest_route=\/wp\/v2\/types\/post"}],"author":[{"embeddable":true,"href":"https:\/\/www.brennerbasisdemokratie.eu\/index.php?rest_route=\/wp\/v2\/users\/1"}],"replies":[{"embeddable":true,"href":"https:\/\/www.brennerbasisdemokratie.eu\/index.php?rest_route=%2Fwp%2Fv2%2Fcomments&post=1260"}],"version-history":[{"count":5,"href":"https:\/\/www.brennerbasisdemokratie.eu\/index.php?rest_route=\/wp\/v2\/posts\/1260\/revisions"}],"predecessor-version":[{"id":70603,"href":"https:\/\/www.brennerbasisdemokratie.eu\/index.php?rest_route=\/wp\/v2\/posts\/1260\/revisions\/70603"}],"wp:attachment":[{"href":"https:\/\/www.brennerbasisdemokratie.eu\/index.php?rest_route=%2Fwp%2Fv2%2Fmedia&parent=1260"}],"wp:term":[{"taxonomy":"category","embeddable":true,"href":"https:\/\/www.brennerbasisdemokratie.eu\/index.php?rest_route=%2Fwp%2Fv2%2Fcategories&post=1260"},{"taxonomy":"post_tag","embeddable":true,"href":"https:\/\/www.brennerbasisdemokratie.eu\/index.php?rest_route=%2Fwp%2Fv2%2Ftags&post=1260"}],"curies":[{"name":"wp","href":"https:\/\/api.w.org\/{rel}","templated":true}]}}