{"id":12639,"date":"2012-09-10T10:18:42","date_gmt":"2012-09-10T08:18:42","guid":{"rendered":"http:\/\/www.brennerbasisdemokratie.eu\/?p=12639"},"modified":"2024-01-26T14:43:29","modified_gmt":"2024-01-26T13:43:29","slug":"ftd-uber-sudtirol","status":"publish","type":"post","link":"https:\/\/www.brennerbasisdemokratie.eu\/?p=12639","title":{"rendered":"FTD \u00fcber S\u00fcdtirol."},"content":{"rendered":"<p>Die Financial Times Deutschland thematisiert <a title=\"FTD: S\u00fcdtirol wird zur Melkkuh Roms.\" href=\"https:\/\/web.archive.org\/web\/20121123074235\/http:\/\/www.ftd.de:80\/politik\/europa\/:konflikt-in-italien-suedtirol-wird-zur-melkkuh-roms\/70088247.html\" target=\"_blank\" rel=\"noopener noreferrer\">in einem eigenen Artikel<\/a> die neue Rolle S\u00fcdtirols als Melkkuh Italiens. Das ist, darauf sei hingewiesen, nicht das letzte Provinzblatt (wom\u00f6glich noch mit Sympathien f\u00fcr die Unabh\u00e4ngigkeit), sondern eine der angesehensten Fachzeitungen des Kontinents.<\/p>\n<p>Es ist interessant, dass selbst ein Wirtschaftsblatt bem\u00e4ngelt, dass Monti kein gew\u00e4hlter Politiker ist und ihm politische \u00dcberlegungen fremd sind.<\/p>\n<blockquote><p>Der ungew\u00e4hlte Technokrat Monti bringt ein austariertes Machtgleichgewicht zwischen S\u00fcdtirol und Rom durcheinander. Im Gegensatz zu seinen Vorg\u00e4ngern interessieren den Ex-EU-Kommissar politische Erw\u00e4gungen nicht.<\/p><\/blockquote>\n<p>Vielleicht \u00fcberdenken nun angesichts des Widerspruchs auch manche Zweifler ihre Position. Vielfach wurde bislang ja behauptet, S\u00fcdtirol k\u00f6nne sich aufgrund der Sparma\u00dfnahmen kein Verst\u00e4ndnis erhoffen. Doch ausl\u00e4ndische Beobachterinnen sind offensichtlich zu weit differenzierteren Betrachtungen imstande, als man dachte.<\/p>\n<p>Die im Artikel zitierte Aussage des S\u00fcdtiroler Stanford-Professors Roland Benedikter k\u00f6nnte man Reinhold Messner widmen, der im gestrigen <a title=\"F.A.S.: Seilschaft Monti-Draghi will...\" href=\"http:\/\/www.faz.net\/aktuell\/wirtschaft\/reinhold-messner-seilschaft-monti-draghi-will-einen-anderen-weg-11883738.html\" target=\"_blank\" rel=\"noopener noreferrer\">F.A.S.-Interview<\/a> behauptet hatte, der Zerfall der Nationalstaaten w\u00e4re f\u00fcr Europa \u00bbverheerend\u00ab:<\/p>\n<blockquote><p>Die \u00c4ra der Nationalstaaten, die im 19. Jahrhundert begann, ist im Grunde ja eigentlich schon zu Ende, sie machen in der Finanzkrise ihre letzten Zuckungen.<\/p><\/blockquote>\n<p>Benedikter prognostiziert, S\u00fcdtirol werde mittelfristig so autonom wie Liechtenstein sein, also ein unabh\u00e4ngiger Staat.<\/p>","protected":false},"excerpt":{"rendered":"<p>Die Financial Times Deutschland thematisiert in einem eigenen Artikel die neue Rolle S\u00fcdtirols als Melkkuh Italiens. Das ist, darauf sei hingewiesen, nicht das letzte Provinzblatt (wom\u00f6glich noch mit Sympathien f\u00fcr die Unabh\u00e4ngigkeit), sondern eine der angesehensten Fachzeitungen des Kontinents. Es ist interessant, dass selbst ein Wirtschaftsblatt bem\u00e4ngelt, dass Monti kein gew\u00e4hlter Politiker ist und ihm [&hellip;]<\/p>","protected":false},"author":1,"featured_media":0,"comment_status":"open","ping_status":"open","sticky":false,"template":"","format":"standard","meta":{"_crdt_document":"","ngg_post_thumbnail":0,"_jetpack_memberships_contains_paid_content":false,"footnotes":""},"categories":[1],"tags":[],"class_list":["post-12639","post","type-post","status-publish","format-standard","hentry","category-allgemein","issue-zitac","location-liechtenstein","location-sudtirolo","language-deutsch","person-mario-monti","person-reinhold-messner","person-roland-benedikter","topic-medien","topic-nationalismus","topic-wirtschaft","topic-zentralismus"],"jetpack_featured_media_url":"","jetpack_sharing_enabled":true,"_links":{"self":[{"href":"https:\/\/www.brennerbasisdemokratie.eu\/index.php?rest_route=\/wp\/v2\/posts\/12639","targetHints":{"allow":["GET"]}}],"collection":[{"href":"https:\/\/www.brennerbasisdemokratie.eu\/index.php?rest_route=\/wp\/v2\/posts"}],"about":[{"href":"https:\/\/www.brennerbasisdemokratie.eu\/index.php?rest_route=\/wp\/v2\/types\/post"}],"author":[{"embeddable":true,"href":"https:\/\/www.brennerbasisdemokratie.eu\/index.php?rest_route=\/wp\/v2\/users\/1"}],"replies":[{"embeddable":true,"href":"https:\/\/www.brennerbasisdemokratie.eu\/index.php?rest_route=%2Fwp%2Fv2%2Fcomments&post=12639"}],"version-history":[{"count":20,"href":"https:\/\/www.brennerbasisdemokratie.eu\/index.php?rest_route=\/wp\/v2\/posts\/12639\/revisions"}],"predecessor-version":[{"id":83387,"href":"https:\/\/www.brennerbasisdemokratie.eu\/index.php?rest_route=\/wp\/v2\/posts\/12639\/revisions\/83387"}],"wp:attachment":[{"href":"https:\/\/www.brennerbasisdemokratie.eu\/index.php?rest_route=%2Fwp%2Fv2%2Fmedia&parent=12639"}],"wp:term":[{"taxonomy":"category","embeddable":true,"href":"https:\/\/www.brennerbasisdemokratie.eu\/index.php?rest_route=%2Fwp%2Fv2%2Fcategories&post=12639"},{"taxonomy":"post_tag","embeddable":true,"href":"https:\/\/www.brennerbasisdemokratie.eu\/index.php?rest_route=%2Fwp%2Fv2%2Ftags&post=12639"}],"curies":[{"name":"wp","href":"https:\/\/api.w.org\/{rel}","templated":true}]}}