{"id":1280,"date":"2008-09-06T10:11:29","date_gmt":"2008-09-06T08:11:29","guid":{"rendered":"http:\/\/www.brennerbasisdemokratie.eu\/?p=1280"},"modified":"2023-01-03T21:35:39","modified_gmt":"2023-01-03T20:35:39","slug":"stein-auf-stein","status":"publish","type":"post","link":"https:\/\/www.brennerbasisdemokratie.eu\/?p=1280","title":{"rendered":"Stein auf Stein&#8230;"},"content":{"rendered":"<p>Brixen mausert sich zur Hochburg der Unabh\u00e4ngigkeitsbestrebungen. Wie die gestrige <em>Tageszeitung<\/em> berichtet, hat der Verein \u00bbK\u00f6nnen wir miteinander sprechen\u00ab eine Umfrage unter jungen italienischsprachigen S\u00fcdtirolerinnen durchgef\u00fchrt, um deren Bereitschaft zu quantifizieren, die Losl\u00f6sung von Italien zu unterst\u00fctzen.<\/p>\n<p>Der neue Verein unter Ermanno Neri Vigan\u00f2, mit dem <img class=\"bbdlogo\" src=\"https:\/\/www.brennerbasisdemokratie.eu\/wp-content\/uploads\/bbdsmileys\/bbde.png\"> bis jetzt nicht in Kontakt steht, hat dabei zutage gef\u00f6rdert, dass erstaunliche 35% der 2.375 Befragten zwischen 18 und 40 Jahren ein unabh\u00e4ngiges S\u00fcdtirol bef\u00fcrworten. Dies w\u00e4re sogar eine Mehrheit, wenn man bedenkt, dass sich nur 25% grunds\u00e4tzlich dagegen ausgesprochen haben \u2014 und 49% immerhin unentschlossen sind.<\/p>\n<p>Da die Methodik und die genaue Fragstellung nicht bekannt sind, ist das Ergebnis freilich mit Vorsicht zu genie\u00dfen. Trotzdem ist nicht von der Hand zu weisen, dass sich in dieser Angelegenheit einiges tut. Im \u00dcbrigen w\u00fcrde diese Umfrage zumindest das Ergebnis der gro\u00dfen <a title=\"Auf diese Steine k\u00f6nnen wir bauen.\" href=\"http:\/\/www.brennerbasisdemokratie.eu\/?p=1233\"><em>ff<\/em>-Wahlumfrage<\/a> untermauern.<\/p>\n<p>Die Gr\u00fcnde f\u00fcr diese Bereitschaft, sich vom Nationalstaat zu verabschieden, werden als \u00bbpragmatisch\u00ab bezeichnet. Die Bef\u00fcrworterinnen erwarten sich in einem unabh\u00e4ngigen S\u00fcdtirol eine \u00bbh\u00f6here Lebensqualit\u00e4t\u00ab und eine bessere \u00bbwirtschaftliche Entwicklung\u00ab, was von Optimismus und Vertrauen in die F\u00e4higkeiten dieses Landes und seiner Einwohnerinnen zeugt.<\/p>\n<p><img class=\"bbdlogo\" src=\"https:\/\/www.brennerbasisdemokratie.eu\/wp-content\/uploads\/bbdsmileys\/bbde.png\"> hat den Einsatz f\u00fcr die Losl\u00f6sung von Italien zwar nie haupts\u00e4chlich von \u00f6konomischen Aspekten abh\u00e4ngig gemacht. Trotzdem ist festzuhalten, dass eine sich abzeichnende wirtschaftliche Verbesserung ein starker Mitgrund sein kann, diese Option attraktiv und plausibel zu gestalten. Oder umgekehrt: Es ist nicht zu erwarten, dass die Unabh\u00e4ngigkeit, f\u00fcr wie richtig und wichtig sie auch gehalten werden mag, von einer Mehrheit mitgetragen w\u00fcrde, wenn sie gro\u00dfe finanzielle Einbu\u00dfen f\u00fcr den Einzelnen verspr\u00e4che. <img class=\"bbdlogo\" src=\"https:\/\/www.brennerbasisdemokratie.eu\/wp-content\/uploads\/bbdsmileys\/bbde.png\"> wird sich ihrerseits jedoch stets f\u00fcr eine <a title=\"Mehr Solidarit\u00e4t, bitte.\" href=\"http:\/\/www.brennerbasisdemokratie.eu\/?p=1068\">solidarische Form<\/a> der Eigenregierung stark machen.<\/p>\n<p>Was an der gesamten Angelegenheit jedoch neu und erfreulich ist: Das italienische S\u00fcdtirol entdeckt dieses Land als sein eigenes und holt in dieser Hinsicht gegen\u00fcber den \u00fcbrigen S\u00fcdtirolerinnen in gro\u00dfen Schritten auf. Und: Italienerinnen auch au\u00dferhalb von <img class=\"bbdlogo\" src=\"https:\/\/www.brennerbasisdemokratie.eu\/wp-content\/uploads\/bbdsmileys\/bbde.png\"> ergreifen Initiativen, um einem unabh\u00e4ngigen, aber gleichzeitig mehrsprachigen S\u00fcdtirol Plausibilit\u00e4t zu verleihen. Vom Bild der Italienerinnen, die die Autonomie \u00bbertragen\u00ab und \u00bberleiden\u00ab hin zu Italienerinnen, die die gemeinsame Zukunft selbstbewusst und positiv mitgestalten. Wie auch die <em>Tageszeitung<\/em> befindet: Von Unbehagen keine Spur!<\/p>","protected":false},"excerpt":{"rendered":"<p>Brixen mausert sich zur Hochburg der Unabh\u00e4ngigkeitsbestrebungen. Wie die gestrige Tageszeitung berichtet, hat der Verein \u00bbK\u00f6nnen wir miteinander sprechen\u00ab eine Umfrage unter jungen italienischsprachigen S\u00fcdtirolerinnen durchgef\u00fchrt, um deren Bereitschaft zu quantifizieren, die Losl\u00f6sung von Italien zu unterst\u00fctzen. Der neue Verein unter Ermanno Neri Vigan\u00f2, mit dem bis jetzt nicht in Kontakt steht, hat dabei zutage [&hellip;]<\/p>","protected":false},"author":1,"featured_media":0,"comment_status":"open","ping_status":"open","sticky":false,"template":"","format":"standard","meta":{"_crdt_document":"","ngg_post_thumbnail":0,"_jetpack_memberships_contains_paid_content":false,"footnotes":""},"categories":[1],"tags":[],"class_list":["post-1280","post","type-post","status-publish","format-standard","hentry","category-allgemein","location-sudtirolo","language-deutsch","medium-taz","topic-medien","topic-plurilinguism","topic-politik","topic-recherche","topic-selbstbestimmung","topic-solidariete","topic-statistik","topic-wirtschaft"],"jetpack_featured_media_url":"","jetpack_sharing_enabled":true,"_links":{"self":[{"href":"https:\/\/www.brennerbasisdemokratie.eu\/index.php?rest_route=\/wp\/v2\/posts\/1280","targetHints":{"allow":["GET"]}}],"collection":[{"href":"https:\/\/www.brennerbasisdemokratie.eu\/index.php?rest_route=\/wp\/v2\/posts"}],"about":[{"href":"https:\/\/www.brennerbasisdemokratie.eu\/index.php?rest_route=\/wp\/v2\/types\/post"}],"author":[{"embeddable":true,"href":"https:\/\/www.brennerbasisdemokratie.eu\/index.php?rest_route=\/wp\/v2\/users\/1"}],"replies":[{"embeddable":true,"href":"https:\/\/www.brennerbasisdemokratie.eu\/index.php?rest_route=%2Fwp%2Fv2%2Fcomments&post=1280"}],"version-history":[{"count":4,"href":"https:\/\/www.brennerbasisdemokratie.eu\/index.php?rest_route=\/wp\/v2\/posts\/1280\/revisions"}],"predecessor-version":[{"id":75709,"href":"https:\/\/www.brennerbasisdemokratie.eu\/index.php?rest_route=\/wp\/v2\/posts\/1280\/revisions\/75709"}],"wp:attachment":[{"href":"https:\/\/www.brennerbasisdemokratie.eu\/index.php?rest_route=%2Fwp%2Fv2%2Fmedia&parent=1280"}],"wp:term":[{"taxonomy":"category","embeddable":true,"href":"https:\/\/www.brennerbasisdemokratie.eu\/index.php?rest_route=%2Fwp%2Fv2%2Fcategories&post=1280"},{"taxonomy":"post_tag","embeddable":true,"href":"https:\/\/www.brennerbasisdemokratie.eu\/index.php?rest_route=%2Fwp%2Fv2%2Ftags&post=1280"}],"curies":[{"name":"wp","href":"https:\/\/api.w.org\/{rel}","templated":true}]}}