{"id":12813,"date":"2012-09-27T15:51:26","date_gmt":"2012-09-27T13:51:26","guid":{"rendered":"http:\/\/www.brennerbasisdemokratie.eu\/?p=12813"},"modified":"2023-01-07T10:30:25","modified_gmt":"2023-01-07T09:30:25","slug":"katalonien-selbstbestimmungsresolution","status":"publish","type":"post","link":"https:\/\/www.brennerbasisdemokratie.eu\/?p=12813","title":{"rendered":"Selbstbestimmungsresolution."},"content":{"rendered":"<p>Die katalanische Regierungspartei Convergencia i Uni\u00f3 (CiU) von Pr\u00e4sident Artur Mas hat sich jetzt von Linken (<abbr title=\"Esquerra Republicana de Catalunya\">ERC<\/abbr>) und Gr\u00fcnen (ICV) \u00fcberzeugen lassen, bereits vor den (f\u00fcr den 25. November angesetzten) Neuwahlen im katalanischen Parlament eine gemeinsame Resolution zu verabschieden, welche die aus den Wahlen hervorgehende Regierung verpflichtet, ein Selbstbestimmungsreferendum zu organisieren. Damit will Mas den Vorw\u00fcrfen begegnen, er sei noch immer nicht auf klarem Selbstbestimmungskurs. Vor allem die Gr\u00fcnen trauen CiU nicht, da die Zentrumspartei \u00fcber Jahrzehnte f\u00fcr die Autonomie, aber gegen die Losl\u00f6sung von Spanien war.<\/p>\n<p>Die von CiU und ERC ausgearbeitete Resolution soll am heutigen Nachmittag mit den zus\u00e4tzlichen Stimmen der Gr\u00fcnen und von Solidaritat Catalana per la Independ\u00e8ncia (SI) verabschiedet werden. Die katalanischen Sozialisten (PSC) sind noch unentschlossen, ob sie sich geschlossen enthalten oder ihren Abgeordneten Wahlfreiheit lassen wollen \u2014 was bedeuten w\u00fcrde, dass auch mehrere Sozialisten f\u00fcr die Resolution stimmen w\u00fcrden. Den Gr\u00fcnen ist die Resolution noch immer zu schwammig, weshalb sie zus\u00e4tzlich zu jener von CiU und ERC, welcher sie zustimmen werden, auch noch eine eigene, ihren Aussagen zufolge \u00bbkonkretere\u00ab Vorlage einbringen werden.<\/p>\n<p>Inzwischen hat die Zentralregierung in Madrid mitgeteilt, man werde alle legalen Mittel aussch\u00f6pfen, um die Volksabstimmung zu verhindern. In seinem heutigen Leitartikel hat der Chefredakteur der regierungsnahen Tageszeitung <em>El Mundo<\/em> gefordert, die Einberufung \u00bbillegaler\u00ab Volksabstimmungen als eigenen Straftatbestand festzulegen und den katalanischen Pr\u00e4sidenten Artur Mas notfalls verhaften zu lassen. Dies tut der stv. Fraktionssprecher von CiU im katalanischen Parlament, Ramon Espadaler, als Hirngespinst ab \u2014 die geplante Abstimmung sei \u00bbradikal demokratisch\u00ab.<\/p>\n<p>Wie weit man in Madrid zu gehen bereit ist, ist noch unklar. Die Unabh\u00e4ngigkeit gegen eine wachsende Mehrheit von Katalanen zu verhindern, w\u00e4re nicht nur undemokratisch und \u00bbuneurop\u00e4isch\u00ab, sondern wohl auch sehr schwer durchsetzbar.<\/p>","protected":false},"excerpt":{"rendered":"<p>Die katalanische Regierungspartei Convergencia i Uni\u00f3 (CiU) von Pr\u00e4sident Artur Mas hat sich jetzt von Linken (ERC) und Gr\u00fcnen (ICV) \u00fcberzeugen lassen, bereits vor den (f\u00fcr den 25. November angesetzten) Neuwahlen im katalanischen Parlament eine gemeinsame Resolution zu verabschieden, welche die aus den Wahlen hervorgehende Regierung verpflichtet, ein Selbstbestimmungsreferendum zu organisieren. Damit will Mas den [&hellip;]<\/p>","protected":false},"author":1,"featured_media":0,"comment_status":"open","ping_status":"open","sticky":false,"template":"","format":"standard","meta":{"_crdt_document":"","ngg_post_thumbnail":0,"_jetpack_memberships_contains_paid_content":false,"footnotes":""},"categories":[1],"tags":[],"class_list":["post-12813","post","type-post","status-publish","format-standard","hentry","category-allgemein","entity-erc","entity-psc","entity-verc","location-catalunya","language-deutsch","person-artur-mas","topic-politik","topic-recht","topic-selbstbestimmung"],"jetpack_featured_media_url":"","jetpack_sharing_enabled":true,"_links":{"self":[{"href":"https:\/\/www.brennerbasisdemokratie.eu\/index.php?rest_route=\/wp\/v2\/posts\/12813","targetHints":{"allow":["GET"]}}],"collection":[{"href":"https:\/\/www.brennerbasisdemokratie.eu\/index.php?rest_route=\/wp\/v2\/posts"}],"about":[{"href":"https:\/\/www.brennerbasisdemokratie.eu\/index.php?rest_route=\/wp\/v2\/types\/post"}],"author":[{"embeddable":true,"href":"https:\/\/www.brennerbasisdemokratie.eu\/index.php?rest_route=\/wp\/v2\/users\/1"}],"replies":[{"embeddable":true,"href":"https:\/\/www.brennerbasisdemokratie.eu\/index.php?rest_route=%2Fwp%2Fv2%2Fcomments&post=12813"}],"version-history":[{"count":9,"href":"https:\/\/www.brennerbasisdemokratie.eu\/index.php?rest_route=\/wp\/v2\/posts\/12813\/revisions"}],"predecessor-version":[{"id":76032,"href":"https:\/\/www.brennerbasisdemokratie.eu\/index.php?rest_route=\/wp\/v2\/posts\/12813\/revisions\/76032"}],"wp:attachment":[{"href":"https:\/\/www.brennerbasisdemokratie.eu\/index.php?rest_route=%2Fwp%2Fv2%2Fmedia&parent=12813"}],"wp:term":[{"taxonomy":"category","embeddable":true,"href":"https:\/\/www.brennerbasisdemokratie.eu\/index.php?rest_route=%2Fwp%2Fv2%2Fcategories&post=12813"},{"taxonomy":"post_tag","embeddable":true,"href":"https:\/\/www.brennerbasisdemokratie.eu\/index.php?rest_route=%2Fwp%2Fv2%2Ftags&post=12813"}],"curies":[{"name":"wp","href":"https:\/\/api.w.org\/{rel}","templated":true}]}}