{"id":1288,"date":"2008-09-15T18:10:22","date_gmt":"2008-09-15T16:10:22","guid":{"rendered":"http:\/\/www.brennerbasisdemokratie.eu\/?p=1288"},"modified":"2018-02-26T22:27:42","modified_gmt":"2018-02-26T21:27:42","slug":"wahlhelfer","status":"publish","type":"post","link":"https:\/\/www.brennerbasisdemokratie.eu\/?p=1288","title":{"rendered":"Wahlhelfer."},"content":{"rendered":"<p><a title=\"Standortbestimmung.\" href=\"http:\/\/www.brennerbasisdemokratie.eu\/?p=1161\" target=\"_self\">Wie schon f\u00fcr die Parlamentswahlen<\/a> gibt es nun erstmals auch f\u00fcr Landtagswahlen eine digitale Wahlkabine. Nach Beantwortung einiger Fragen wird schematisch die \u00dcbereinstimmung eigener Ansichten mit den Programmen der antretenden Parteien analysiert.<\/p>\n<p><a href=\"http:\/\/www.wahlkabine.it\"><img loading=\"lazy\" decoding=\"async\" class=\"size-full wp-image-1290 aligncenter\" title=\"Wahlkabine.\" src=\"http:\/\/www.brennerbasisdemokratie.eu\/wp-content\/uploads\/2008\/09\/wahlkabine.jpg\" alt=\"\" width=\"450\" height=\"58\" srcset=\"https:\/\/www.brennerbasisdemokratie.eu\/wp-content\/uploads\/2008\/09\/wahlkabine.jpg 450w, https:\/\/www.brennerbasisdemokratie.eu\/wp-content\/uploads\/2008\/09\/wahlkabine-150x19.jpg 150w, https:\/\/www.brennerbasisdemokratie.eu\/wp-content\/uploads\/2008\/09\/wahlkabine-300x38.jpg 300w\" sizes=\"auto, (max-width: 450px) 100vw, 450px\" \/><\/a>Zwar wird darin gefragt, ob man eine R\u00fcckgliederung nach \u00d6sterreich w\u00fcnscht \u2014 eine allgemeine Position f\u00fcr die Selbstbestimmung (demokratischer Entscheid) oder die Unabh\u00e4ngigkeit gibt es jedoch nicht.<\/p>\n<p>\u00dcber die Feedback-Funktion der Seite habe ich nun vorgeschlagen, die Frage abzu\u00e4ndern:<\/p>\n<blockquote><p>Die Frage, ob S\u00fcdtirol die Angliederung an \u00d6sterreich anstreben soll, finde ich stark einschr\u00e4nkend. Zumal ich glaube, dass die Mehrheit der S\u00fcdtiroler, die sich eine Losl\u00f6sung von Italien vorstellen k\u00f6nnten, auch nichts mit einer R\u00fcckgliederung anfangen k\u00f6nnten, schlage ich vor, die Frage wie folgt umzuformulieren:<\/p>\n<p>\u00bbSollen die S\u00fcdtiroler selbst \u00fcber den Status ihres Landes entscheiden d\u00fcrfen (bei Italien, unabh\u00e4ngig, zu \u00d6sterreich)?\u00ab<\/p>\n<p>Freilich sollte man auch die Parteien zu ihrer diesbez\u00fcglichen Position \u2013 \u00fcber die offiziellen Parteiprogramme hinaus \u2013 befragen.<\/p><\/blockquote>\n<p>Vielleicht k\u00f6nnen sich noch weitere Blogleser dieser Aufforderung anschlie\u00dfen, um ihr mehr Nachdruck zu verleihen. <del>Hier klicken.<\/del><\/p>\n<p>Wohl nur in Ermangelung dieser wichtigen Fragestellung ist mein Ergebnis wie folgt ausgefallen:<\/p>\n<p style=\"text-align: center;\"><img loading=\"lazy\" decoding=\"async\" class=\"alignnone size-full wp-image-1291 aligncenter\" title=\"Ergebnis Wahlkabine.\" src=\"http:\/\/www.brennerbasisdemokratie.eu\/wp-content\/uploads\/2008\/09\/wahlkabine1.png\" alt=\"\" width=\"225\" height=\"178\" srcset=\"https:\/\/www.brennerbasisdemokratie.eu\/wp-content\/uploads\/2008\/09\/wahlkabine1.png 225w, https:\/\/www.brennerbasisdemokratie.eu\/wp-content\/uploads\/2008\/09\/wahlkabine1-150x118.png 150w\" sizes=\"auto, (max-width: 225px) 100vw, 225px\" \/><\/p>","protected":false},"excerpt":{"rendered":"<p>Wie schon f\u00fcr die Parlamentswahlen gibt es nun erstmals auch f\u00fcr Landtagswahlen eine digitale Wahlkabine. Nach Beantwortung einiger Fragen wird schematisch die \u00dcbereinstimmung eigener Ansichten mit den Programmen der antretenden Parteien analysiert. Zwar wird darin gefragt, ob man eine R\u00fcckgliederung nach \u00d6sterreich w\u00fcnscht \u2014 eine allgemeine Position f\u00fcr die Selbstbestimmung (demokratischer Entscheid) oder die Unabh\u00e4ngigkeit [&hellip;]<\/p>","protected":false},"author":1,"featured_media":0,"comment_status":"open","ping_status":"open","sticky":false,"template":"","format":"standard","meta":{"_crdt_document":"","ngg_post_thumbnail":0,"_jetpack_memberships_contains_paid_content":false,"footnotes":""},"categories":[],"tags":[],"class_list":["post-1288","post","type-post","status-publish","format-standard","hentry","issue-landtagswahl-2008","topic-interna","topic-mitbestimmung","topic-politik","topic-selbstbestimmung"],"jetpack_featured_media_url":"","jetpack_sharing_enabled":true,"_links":{"self":[{"href":"https:\/\/www.brennerbasisdemokratie.eu\/index.php?rest_route=\/wp\/v2\/posts\/1288","targetHints":{"allow":["GET"]}}],"collection":[{"href":"https:\/\/www.brennerbasisdemokratie.eu\/index.php?rest_route=\/wp\/v2\/posts"}],"about":[{"href":"https:\/\/www.brennerbasisdemokratie.eu\/index.php?rest_route=\/wp\/v2\/types\/post"}],"author":[{"embeddable":true,"href":"https:\/\/www.brennerbasisdemokratie.eu\/index.php?rest_route=\/wp\/v2\/users\/1"}],"replies":[{"embeddable":true,"href":"https:\/\/www.brennerbasisdemokratie.eu\/index.php?rest_route=%2Fwp%2Fv2%2Fcomments&post=1288"}],"version-history":[{"count":4,"href":"https:\/\/www.brennerbasisdemokratie.eu\/index.php?rest_route=\/wp\/v2\/posts\/1288\/revisions"}],"predecessor-version":[{"id":28016,"href":"https:\/\/www.brennerbasisdemokratie.eu\/index.php?rest_route=\/wp\/v2\/posts\/1288\/revisions\/28016"}],"wp:attachment":[{"href":"https:\/\/www.brennerbasisdemokratie.eu\/index.php?rest_route=%2Fwp%2Fv2%2Fmedia&parent=1288"}],"wp:term":[{"taxonomy":"category","embeddable":true,"href":"https:\/\/www.brennerbasisdemokratie.eu\/index.php?rest_route=%2Fwp%2Fv2%2Fcategories&post=1288"},{"taxonomy":"post_tag","embeddable":true,"href":"https:\/\/www.brennerbasisdemokratie.eu\/index.php?rest_route=%2Fwp%2Fv2%2Ftags&post=1288"}],"curies":[{"name":"wp","href":"https:\/\/api.w.org\/{rel}","templated":true}]}}