{"id":12912,"date":"2012-10-11T18:52:41","date_gmt":"2012-10-11T16:52:41","guid":{"rendered":"http:\/\/www.brennerbasisdemokratie.eu\/?p=12912"},"modified":"2023-01-07T10:16:44","modified_gmt":"2023-01-07T09:16:44","slug":"grune-2x10-mit-bbd","status":"publish","type":"post","link":"https:\/\/www.brennerbasisdemokratie.eu\/?p=12912","title":{"rendered":"Gr\u00fcne: 2\u00d710 mit BBD."},"content":{"rendered":"<p>Die S\u00fcdtiroler Gr\u00fcnen haben unter dem Motto <em>\u00bb10\u00d710 Ideen f\u00fcr ein \u00f6kosoziales S\u00fcdtirol\u00ab<\/em> und in Hinblick auf die Landtagswahlen 2013 eine Reihe von zehn \u00f6ffentlichen Veranstaltungen <em>(Denkwerkst\u00e4tten)<\/em> gestartet, mittels derer jeweils zehn Ideen zu einem bestimmten Thema gesammelt werden sollen. Die Ergebnisse bilden die Grundlage f\u00fcr die Ausarbeitung eines Wahlprogramms.<\/p>\n<p>Der Titel der zweiten Denkwerkstatt lautet <em>Basta Autonomia? \u2014 Zur Zukunft unserer Heimat.<\/em> Die Veranstaltung beginnt mit einem Impulsreferat von Thomas Benedikter und wird mit einer Podiumsdiskussion fortgef\u00fchrt, zu welcher auch <img class=\"bbdlogo\" src=\"https:\/\/www.brennerbasisdemokratie.eu\/wp-content\/uploads\/bbdsmileys\/bbde.png\"> eingeladen wurde.<\/p>\n<blockquote><p><strong>Wir suchen Ideen, um auf Fragen wie diese eine politische Antwort zu finden:<\/strong><\/p>\n<ul>\n<li>Welche Vorteile erg\u00e4ben sich, wenn S\u00fcdtirol oder die Europaregion Tirol-S\u00fcdtirol-\u0090Trentino den Status eines eigenen Staates bek\u00e4me?<\/li>\n<li>Wollen wir alte Grenzen abbauen oder neue Grenzen ziehen?<\/li>\n<li>Gibt es bessere Konzepte als jenes einer multikulturellen, autonomen Region in einem friedlichen Europa?<\/li>\n<\/ul>\n<\/blockquote>\n<p><strong>An der Podiumsdiskussion nehmen teil:<\/strong><\/p>\n<ul>\n<li>Thomas Benedikter, Wirtschafts- und Sozialforscher<\/li>\n<li>Simon Constantini, Betreiber des Blogs <em>Brennerbasisdemokratie<\/em><\/li>\n<li>Gabriele Di Luca, Kolumnist <em>Corriere dell&#8217;A. Adige<\/em><\/li>\n<li>Hans Heiss, Landtagsabgeordneter der <em>Gr\u00fcnen Verdi V\u00ebrc<\/em><\/li>\n<\/ul>\n<p><strong>Moderation:<\/strong> Brigitte Foppa &amp; Valentino Liberto<\/p>\n<p><strong>Ort der Veranstaltung:<\/strong> R\u00f6mersaal, Schloss Maretsch (Bozen).<br \/>\n<strong>Zeitpunkt:<\/strong> Mittwoch, 24. Oktober um 18.00 Uhr.<\/p>","protected":false},"excerpt":{"rendered":"<p>Die S\u00fcdtiroler Gr\u00fcnen haben unter dem Motto \u00bb10\u00d710 Ideen f\u00fcr ein \u00f6kosoziales S\u00fcdtirol\u00ab und in Hinblick auf die Landtagswahlen 2013 eine Reihe von zehn \u00f6ffentlichen Veranstaltungen (Denkwerkst\u00e4tten) gestartet, mittels derer jeweils zehn Ideen zu einem bestimmten Thema gesammelt werden sollen. Die Ergebnisse bilden die Grundlage f\u00fcr die Ausarbeitung eines Wahlprogramms. Der Titel der zweiten Denkwerkstatt [&hellip;]<\/p>","protected":false},"author":1,"featured_media":0,"comment_status":"open","ping_status":"open","sticky":false,"template":"","format":"standard","meta":{"_crdt_document":"","ngg_post_thumbnail":0,"_jetpack_memberships_contains_paid_content":false,"footnotes":""},"categories":[1],"tags":[],"class_list":["post-12912","post","type-post","status-publish","format-standard","hentry","category-allgemein","entity-bbd","entity-euregio","entity-verc","issue-afk","issue-landtagswahl-2013","location-sudtirolo","language-deutsch","medium-corriere","person-brigitte-foppa","person-thomas-benedikter","topic-medien","topic-mitbestimmung","topic-termin"],"jetpack_featured_media_url":"","jetpack_sharing_enabled":true,"_links":{"self":[{"href":"https:\/\/www.brennerbasisdemokratie.eu\/index.php?rest_route=\/wp\/v2\/posts\/12912","targetHints":{"allow":["GET"]}}],"collection":[{"href":"https:\/\/www.brennerbasisdemokratie.eu\/index.php?rest_route=\/wp\/v2\/posts"}],"about":[{"href":"https:\/\/www.brennerbasisdemokratie.eu\/index.php?rest_route=\/wp\/v2\/types\/post"}],"author":[{"embeddable":true,"href":"https:\/\/www.brennerbasisdemokratie.eu\/index.php?rest_route=\/wp\/v2\/users\/1"}],"replies":[{"embeddable":true,"href":"https:\/\/www.brennerbasisdemokratie.eu\/index.php?rest_route=%2Fwp%2Fv2%2Fcomments&post=12912"}],"version-history":[{"count":21,"href":"https:\/\/www.brennerbasisdemokratie.eu\/index.php?rest_route=\/wp\/v2\/posts\/12912\/revisions"}],"predecessor-version":[{"id":72746,"href":"https:\/\/www.brennerbasisdemokratie.eu\/index.php?rest_route=\/wp\/v2\/posts\/12912\/revisions\/72746"}],"wp:attachment":[{"href":"https:\/\/www.brennerbasisdemokratie.eu\/index.php?rest_route=%2Fwp%2Fv2%2Fmedia&parent=12912"}],"wp:term":[{"taxonomy":"category","embeddable":true,"href":"https:\/\/www.brennerbasisdemokratie.eu\/index.php?rest_route=%2Fwp%2Fv2%2Fcategories&post=12912"},{"taxonomy":"post_tag","embeddable":true,"href":"https:\/\/www.brennerbasisdemokratie.eu\/index.php?rest_route=%2Fwp%2Fv2%2Ftags&post=12912"}],"curies":[{"name":"wp","href":"https:\/\/api.w.org\/{rel}","templated":true}]}}