{"id":1295,"date":"2008-09-22T19:02:17","date_gmt":"2008-09-22T17:02:17","guid":{"rendered":"http:\/\/www.brennerbasisdemokratie.eu\/?p=1295"},"modified":"2018-08-23T12:01:58","modified_gmt":"2018-08-23T10:01:58","slug":"wahlempfehlung-2","status":"publish","type":"post","link":"https:\/\/www.brennerbasisdemokratie.eu\/?p=1295","title":{"rendered":"Wahlempfehlung."},"content":{"rendered":"<p>Obschon ich mit Programm und Tagespolitik der <em>Gr\u00fcnen<\/em> bisweilen meine Schwierigkeiten <a title=\"Die Gr\u00fcnen und die Verbraucher.\" href=\"http:\/\/www.brennerbasisdemokratie.eu\/?p=1056\" target=\"_self\"><code>01<\/code><\/a> <a title=\"Gr\u00fcn \u00e2\u2030\u00a0 Gr\u00fcn.\" href=\"http:\/\/www.brennerbasisdemokratie.eu\/?p=656\" target=\"_self\"><code>02<\/code><\/a> habe, kann ich f\u00fcr die Landtagswahlen mit vollster \u00dcberzeugung empfehlen, das Kreuzchen ebendort zu machen, um diese vier Hoffnungstr\u00e4ger zu unterst\u00fctzen \u2014 die sich in Anlehnung an Alexander Langer selbstbewusst <em>Gesamts\u00fcdtiroler Team<\/em> genannt haben:<\/p>\n<p style=\"text-align: center;\"><a href=\"http:\/\/www.brennerbasisdemokratie.eu\/wp-content\/uploads\/2008\/09\/gsteam.png\"><img loading=\"lazy\" decoding=\"async\" class=\"size-full wp-image-1296 aligncenter\" title=\"Gesamts\u00fcdtiroler Team.\" src=\"http:\/\/www.brennerbasisdemokratie.eu\/wp-content\/uploads\/2008\/09\/gsteam.png\" alt=\"\" width=\"450\" height=\"157\" srcset=\"https:\/\/www.brennerbasisdemokratie.eu\/wp-content\/uploads\/2008\/09\/gsteam.png 480w, https:\/\/www.brennerbasisdemokratie.eu\/wp-content\/uploads\/2008\/09\/gsteam-150x52.png 150w, https:\/\/www.brennerbasisdemokratie.eu\/wp-content\/uploads\/2008\/09\/gsteam-300x104.png 300w\" sizes=\"auto, (max-width: 450px) 100vw, 450px\" \/><\/a><span style=\"font-size: x-small;\"><strong>Foto (v.l.n.r.):<\/strong> Andreas Fink, Nadia Degasperi, Valentino Liberto, Michaela Abate.<\/span><\/p>\n<p>Besonders hervorheben m\u00f6chte ich dabei Valentino Liberto, der Teil und Ausdruck von <img class=\"bbdlogo\" src=\"https:\/\/www.brennerbasisdemokratie.eu\/wp-content\/uploads\/bbdsmileys\/bbde.png\"> ist: Wer die Ideen dieser Plattform, eines post-nationalen, post-ethnischen, ungeteilten, weltoffenen, gleichzeitig unabh\u00e4ngigen und solidarischen S\u00fcdtirol teilt, wird keine bessere Option finden als ihn!<\/p>\n<p>Er selbst beschreibt sich in der Wahlinformation unter anderem so:<\/p>\n<blockquote><p>Mitbegr\u00fcnder des \u201c<a title=\"[Blaun]. Brennerbasisdemokratie.\" href=\"http:\/\/blaun.wordpress.com\/brennerbasisdemokratie\/\" target=\"_self\">Brennerbasisdemokratie<\/a>\u201d-Netzwerkes \u2014 Denkfabrik f\u00fcr ein anderes, postethnisches und unabh\u00e4ngiges S\u00fcdtirol \u2014 und der Webplattform \u201c<a title=\"Mehrsprachigkeit-Plurilinguismo-Plurilinguism.\" href=\"http:\/\/mehrsprachigkeit.wordpress.com\/\" target=\"_blank\" rel=\"noopener\">Mehrsprachigkeit-Plurilinguismo-Plurilinguism<\/a>\u201d, ein Sprachlabor f\u00fcr S\u00fcdtirol. Beobachter der gesellschaftlichen und kulturellen Realit\u00e4t unseres Landes, interessiert er sich zudem f\u00fcr die Bergwelt, die ladinische Wiedervereinigung und die europ\u00e4ische Integration. Valentino Liberto steht ganz im Sinne Alexander Langers f\u00fcr ein \u201cGesamts\u00fcdtirol\u201d ein und kandidiert bei den Gr\u00fcnen um sich f\u00fcr die Mitbestimmung der Jugend und f\u00fcr ein neues, basisdemokratisches S\u00fcdtirol zu engagieren.<\/p><\/blockquote>\n<p>Erstmals haben wir also bei Wahlen die M\u00f6glichkeit, dem <a title=\"Manifest.\" href=\"http:\/\/www.brennerbasisdemokratie.eu\/?page_id=183\" target=\"_self\"><img class=\"bbdlogo\" src=\"https:\/\/www.brennerbasisdemokratie.eu\/wp-content\/uploads\/bbdsmileys\/bbde.png\">-Manifest<\/a> Nachdruck zu verleihen. Wie ich hoffe, folgen diesem Aufruf zahlreiche LeserInnen!<\/p>\n<p><strong>Gesamts\u00fcdtiroler Team:<\/strong> <a title=\"Gesamts\u00fcdtiroler Team.\" href=\"http:\/\/www.blaun.eu\" target=\"_blank\" rel=\"noopener\">blaun.eu<\/a><\/p>","protected":false},"excerpt":{"rendered":"<p>Obschon ich mit Programm und Tagespolitik der Gr\u00fcnen bisweilen meine Schwierigkeiten 01 02 habe, kann ich f\u00fcr die Landtagswahlen mit vollster \u00dcberzeugung empfehlen, das Kreuzchen ebendort zu machen, um diese vier Hoffnungstr\u00e4ger zu unterst\u00fctzen \u2014 die sich in Anlehnung an Alexander Langer selbstbewusst Gesamts\u00fcdtiroler Team genannt haben: Foto (v.l.n.r.): Andreas Fink, Nadia Degasperi, Valentino Liberto, [&hellip;]<\/p>","protected":false},"author":1,"featured_media":0,"comment_status":"open","ping_status":"open","sticky":false,"template":"","format":"standard","meta":{"_crdt_document":"","ngg_post_thumbnail":0,"_jetpack_memberships_contains_paid_content":false,"footnotes":""},"categories":[],"tags":[],"class_list":["post-1295","post","type-post","status-publish","format-standard","hentry","entity-verc","issue-landtagswahl-2008","topic-kohasion","topic-politik"],"jetpack_featured_media_url":"","jetpack_sharing_enabled":true,"_links":{"self":[{"href":"https:\/\/www.brennerbasisdemokratie.eu\/index.php?rest_route=\/wp\/v2\/posts\/1295","targetHints":{"allow":["GET"]}}],"collection":[{"href":"https:\/\/www.brennerbasisdemokratie.eu\/index.php?rest_route=\/wp\/v2\/posts"}],"about":[{"href":"https:\/\/www.brennerbasisdemokratie.eu\/index.php?rest_route=\/wp\/v2\/types\/post"}],"author":[{"embeddable":true,"href":"https:\/\/www.brennerbasisdemokratie.eu\/index.php?rest_route=\/wp\/v2\/users\/1"}],"replies":[{"embeddable":true,"href":"https:\/\/www.brennerbasisdemokratie.eu\/index.php?rest_route=%2Fwp%2Fv2%2Fcomments&post=1295"}],"version-history":[{"count":5,"href":"https:\/\/www.brennerbasisdemokratie.eu\/index.php?rest_route=\/wp\/v2\/posts\/1295\/revisions"}],"predecessor-version":[{"id":42474,"href":"https:\/\/www.brennerbasisdemokratie.eu\/index.php?rest_route=\/wp\/v2\/posts\/1295\/revisions\/42474"}],"wp:attachment":[{"href":"https:\/\/www.brennerbasisdemokratie.eu\/index.php?rest_route=%2Fwp%2Fv2%2Fmedia&parent=1295"}],"wp:term":[{"taxonomy":"category","embeddable":true,"href":"https:\/\/www.brennerbasisdemokratie.eu\/index.php?rest_route=%2Fwp%2Fv2%2Fcategories&post=1295"},{"taxonomy":"post_tag","embeddable":true,"href":"https:\/\/www.brennerbasisdemokratie.eu\/index.php?rest_route=%2Fwp%2Fv2%2Ftags&post=1295"}],"curies":[{"name":"wp","href":"https:\/\/api.w.org\/{rel}","templated":true}]}}