{"id":1327,"date":"2008-11-05T22:25:39","date_gmt":"2008-11-05T21:25:39","guid":{"rendered":"http:\/\/www.brennerbasisdemokratie.eu\/?p=1327"},"modified":"2016-04-01T17:48:59","modified_gmt":"2016-04-01T15:48:59","slug":"yes-he-could","status":"publish","type":"post","link":"https:\/\/www.brennerbasisdemokratie.eu\/?p=1327","title":{"rendered":"Yes, he could&#8230;"},"content":{"rendered":"<p><img loading=\"lazy\" decoding=\"async\" class=\"size-full wp-image-1328 aligncenter\" title=\"Obama.\" src=\"http:\/\/www.brennerbasisdemokratie.eu\/wp-content\/uploads\/2008\/11\/obama.jpg\" alt=\"\" width=\"450\" height=\"665\" srcset=\"https:\/\/www.brennerbasisdemokratie.eu\/wp-content\/uploads\/2008\/11\/obama.jpg 450w, https:\/\/www.brennerbasisdemokratie.eu\/wp-content\/uploads\/2008\/11\/obama-101x150.jpg 101w, https:\/\/www.brennerbasisdemokratie.eu\/wp-content\/uploads\/2008\/11\/obama-203x300.jpg 203w\" sizes=\"auto, (max-width: 450px) 100vw, 450px\" \/><\/p>\n<p>Doch h\u00e4tte er auch hier bei uns gekonnt? Wohl nicht. Die meisten Europ\u00e4er haben sich Barack Obama gew\u00fcnscht: Als <strong>Pr\u00e4sidenten der Vereinigten Staaten.<\/strong> Dagegen gelten in weiten Teilen <em>unseres<\/em> Kontinents noch immer Vorbehalte gegen\u00fcber Andersfarbigen. Und die Maxime: Einheimische zuerst!<\/p>","protected":false},"excerpt":{"rendered":"<p>Doch h\u00e4tte er auch hier bei uns gekonnt? Wohl nicht. Die meisten Europ\u00e4er haben sich Barack Obama gew\u00fcnscht: Als Pr\u00e4sidenten der Vereinigten Staaten. Dagegen gelten in weiten Teilen unseres Kontinents noch immer Vorbehalte gegen\u00fcber Andersfarbigen. Und die Maxime: Einheimische zuerst!<\/p>","protected":false},"author":1,"featured_media":0,"comment_status":"open","ping_status":"open","sticky":false,"template":"","format":"standard","meta":{"_crdt_document":"","ngg_post_thumbnail":0,"_jetpack_memberships_contains_paid_content":false,"footnotes":""},"categories":[],"tags":[],"class_list":["post-1327","post","type-post","status-publish","format-standard","hentry","topic-feuilleton","topic-grundrechte","topic-politik"],"jetpack_featured_media_url":"","jetpack_sharing_enabled":true,"_links":{"self":[{"href":"https:\/\/www.brennerbasisdemokratie.eu\/index.php?rest_route=\/wp\/v2\/posts\/1327","targetHints":{"allow":["GET"]}}],"collection":[{"href":"https:\/\/www.brennerbasisdemokratie.eu\/index.php?rest_route=\/wp\/v2\/posts"}],"about":[{"href":"https:\/\/www.brennerbasisdemokratie.eu\/index.php?rest_route=\/wp\/v2\/types\/post"}],"author":[{"embeddable":true,"href":"https:\/\/www.brennerbasisdemokratie.eu\/index.php?rest_route=\/wp\/v2\/users\/1"}],"replies":[{"embeddable":true,"href":"https:\/\/www.brennerbasisdemokratie.eu\/index.php?rest_route=%2Fwp%2Fv2%2Fcomments&post=1327"}],"version-history":[{"count":1,"href":"https:\/\/www.brennerbasisdemokratie.eu\/index.php?rest_route=\/wp\/v2\/posts\/1327\/revisions"}],"predecessor-version":[{"id":28170,"href":"https:\/\/www.brennerbasisdemokratie.eu\/index.php?rest_route=\/wp\/v2\/posts\/1327\/revisions\/28170"}],"wp:attachment":[{"href":"https:\/\/www.brennerbasisdemokratie.eu\/index.php?rest_route=%2Fwp%2Fv2%2Fmedia&parent=1327"}],"wp:term":[{"taxonomy":"category","embeddable":true,"href":"https:\/\/www.brennerbasisdemokratie.eu\/index.php?rest_route=%2Fwp%2Fv2%2Fcategories&post=1327"},{"taxonomy":"post_tag","embeddable":true,"href":"https:\/\/www.brennerbasisdemokratie.eu\/index.php?rest_route=%2Fwp%2Fv2%2Ftags&post=1327"}],"curies":[{"name":"wp","href":"https:\/\/api.w.org\/{rel}","templated":true}]}}