{"id":13402,"date":"2012-12-19T17:21:07","date_gmt":"2012-12-19T16:21:07","guid":{"rendered":"http:\/\/www.brennerbasisdemokratie.eu\/?p=13402"},"modified":"2025-06-19T19:53:02","modified_gmt":"2025-06-19T17:53:02","slug":"la-divisione-della-divisione","status":"publish","type":"post","link":"https:\/\/www.brennerbasisdemokratie.eu\/?p=13402","title":{"rendered":"La divisione delle divisioni."},"content":{"rendered":"<p>Non ci \u00e8 dato sapere se gli esponenti locali della destra italiana cambino pi\u00f9 spesso le mutande o la casacca \u2014 ad ogni modo le casacche non mancano, e in vista delle prossime \u00abpolitiche\u00bb si stanno gi\u00e0 mettendo in posizione schieramenti <a title=\"Basta novit\u00e0&nbsp;!\" href=\"http:\/\/www.brennerbasisdemokratie.eu\/?p=12848\">nuovi fiammanti<\/a>. Si fa per dire, ovviamente, perch\u00e9 sia le facce che le \u00abidee\u00bb sono sempre le solite. Dopo il <abbr title=\"Movimento Sociale Italiano\">MSI<\/abbr>, AN, la svolta di Fiuggi, <em>Unitalia,<\/em> <em>Forza Italia,<\/em> il PDL (da non confondere col \u00abPDL per Berlusconi\u00bb, che in consiglio provinciale forma un \u00abgruppo\u00bb a parte), <em>la Destra,<\/em> la <em>Lega,<\/em> le liste civiche di ogni tipo e per ogni stagione (Benussi, Oberrauch e Merano), la nascita di FLI e via discorrendo, ora ci attendono nientemeno che <em>Forza Italia 2<\/em> (la riscossa) con Michaela Biancofiore, l&#8217;adesione di Mauro Minniti a <em>La Destra<\/em> del fascista dichiarato Francesco Storace e quella di Giorgio Holzmann al nuovo partito \u00absenza nome\u00bb di Ignazio La Russa, che lo stesso Storace definisce un fascista. Insomma, se l&#8217;intento \u00e8 quello di confondere e dividere l&#8217;elettorato unionista\/centralista, l&#8217;operazione \u00e8 destinata ad avere successo. Quel che per\u00f2 salta agli occhi \u00e8 che i due \u00abmoderati\u00bb Minniti e Holzmann, ai quali certa stampa e certa politica avevano miopemente attestato una svolta postfascista (se non addirittura antifascista) si sono tranquillamente rimessi nelle fila dell&#8217;estremismo pi\u00f9 estremista, sciovinista e xenofobo. Insomma: Nulla di nuovo per noi che avevamo visto bene.<\/p>\n<p><strong><span style=\"font-family: Helvetica, Arial, sans-serif; text-transform: uppercase;\">C\u00ebla enghe:<\/span><\/strong> <a title=\"Atomi in fermento.\" href=\"http:\/\/www.brennerbasisdemokratie.eu\/?p=8101\"><code>01<\/code><\/a> <a title=\"Minniti will Schule nach RSI-K\u00e4mpfer benennen.\" href=\"http:\/\/www.brennerbasisdemokratie.eu\/?p=9462\"><code>02<\/code><\/a> <a title=\"Holzkopf im Schafs-Outfit.\" href=\"http:\/\/www.brennerbasisdemokratie.eu\/?p=3666\"><code>03<\/code><\/a> <a title=\"Quotation (XLIII): 25 aprile.\" href=\"http:\/\/www.brennerbasisdemokratie.eu\/?p=10987\"><code>04<\/code><\/a> <a title=\"Quotation (X).\" href=\"http:\/\/www.brennerbasisdemokratie.eu\/?p=6841\"><code>05<\/code><\/a> <span style=\"font-family: Helvetica, Arial, sans-serif; font-weight: normal;\">||<\/span> <a title=\"Die Mutter aller Infografiken.\" href=\"https:\/\/www.brennerbasisdemokratie.eu\/?p=27731\"><span style=\"color: #ff8c00\"><code>01<\/code><\/span><\/a><\/p>","protected":false},"excerpt":{"rendered":"<p>Non ci \u00e8 dato sapere se gli esponenti locali della destra italiana cambino pi\u00f9 spesso le mutande o la casacca \u2014 ad ogni modo le casacche non mancano, e in vista delle prossime \u00abpolitiche\u00bb si stanno gi\u00e0 mettendo in posizione schieramenti nuovi fiammanti. Si fa per dire, ovviamente, perch\u00e9 sia le facce che le \u00abidee\u00bb [&hellip;]<\/p>","protected":false},"author":1,"featured_media":0,"comment_status":"open","ping_status":"open","sticky":false,"template":"","format":"standard","meta":{"_crdt_document":"","ngg_post_thumbnail":0,"_jetpack_memberships_contains_paid_content":false,"footnotes":""},"categories":[1],"tags":[],"class_list":["post-13402","post","type-post","status-publish","format-standard","hentry","category-allgemein","entity-fi","entity-lega","entity-msi","entity-pdl","entity-unitalia","location-italy","location-sudtirolo","language-italiano","person-giorgio-holzmann","person-giovanni-benussi","person-ignazio-benito-la-russa","person-mauro-minniti","person-michaela-biancofiore","topic-faschismen","topic-medien","topic-politik","topic-racism"],"jetpack_featured_media_url":"","jetpack_sharing_enabled":true,"_links":{"self":[{"href":"https:\/\/www.brennerbasisdemokratie.eu\/index.php?rest_route=\/wp\/v2\/posts\/13402","targetHints":{"allow":["GET"]}}],"collection":[{"href":"https:\/\/www.brennerbasisdemokratie.eu\/index.php?rest_route=\/wp\/v2\/posts"}],"about":[{"href":"https:\/\/www.brennerbasisdemokratie.eu\/index.php?rest_route=\/wp\/v2\/types\/post"}],"author":[{"embeddable":true,"href":"https:\/\/www.brennerbasisdemokratie.eu\/index.php?rest_route=\/wp\/v2\/users\/1"}],"replies":[{"embeddable":true,"href":"https:\/\/www.brennerbasisdemokratie.eu\/index.php?rest_route=%2Fwp%2Fv2%2Fcomments&post=13402"}],"version-history":[{"count":16,"href":"https:\/\/www.brennerbasisdemokratie.eu\/index.php?rest_route=\/wp\/v2\/posts\/13402\/revisions"}],"predecessor-version":[{"id":92940,"href":"https:\/\/www.brennerbasisdemokratie.eu\/index.php?rest_route=\/wp\/v2\/posts\/13402\/revisions\/92940"}],"wp:attachment":[{"href":"https:\/\/www.brennerbasisdemokratie.eu\/index.php?rest_route=%2Fwp%2Fv2%2Fmedia&parent=13402"}],"wp:term":[{"taxonomy":"category","embeddable":true,"href":"https:\/\/www.brennerbasisdemokratie.eu\/index.php?rest_route=%2Fwp%2Fv2%2Fcategories&post=13402"},{"taxonomy":"post_tag","embeddable":true,"href":"https:\/\/www.brennerbasisdemokratie.eu\/index.php?rest_route=%2Fwp%2Fv2%2Ftags&post=13402"}],"curies":[{"name":"wp","href":"https:\/\/api.w.org\/{rel}","templated":true}]}}