{"id":13441,"date":"2012-12-30T10:36:19","date_gmt":"2012-12-30T09:36:19","guid":{"rendered":"http:\/\/www.brennerbasisdemokratie.eu\/?p=13441"},"modified":"2023-01-06T22:51:44","modified_gmt":"2023-01-06T21:51:44","slug":"von-blockfrei-zur-koalition","status":"publish","type":"post","link":"https:\/\/www.brennerbasisdemokratie.eu\/?p=13441","title":{"rendered":"Von blockfrei zur Koalition."},"content":{"rendered":"<p>Die <em>S\u00fcdtiroler Volkspartei<\/em> hat einen Schritt beschlossen, wie er radikaler kaum sein k\u00f6nnte. Im Hinblick auf die anstehenden Parlamentswahlen hat sie nicht nur die Blockfreiheit aufgegeben, sondern gleichzeitig beschlossen, eine staatsweite Koalition mit dem <abbr title=\"Partito Democratico\">PD<\/abbr> einzugehen.<\/p>\n<p>Eine Entscheidung zum Wohle S\u00fcdtirols? Wohl kaum. Sollte der PD wider erwarten nicht zur Regierungsmehrheit geh\u00f6ren, findet sich die Sammelpartei in der Opposition wieder und wird von den Regierenden auch so behandelt. Selbst wenn dieses Szenario jetzt nicht eintritt \u2014 irgendwann wird wieder die Gegenseite regieren, und die wird daraus die gegebenen Schl\u00fcsse ziehen. Eine Situation, die sich ein Minderheitengebiet (aufgrund seiner zahlenm\u00e4\u00dfigen Unterlegenheit und seiner besonderen Interessen) eigentlich nicht leisten kann.<\/p>\n<p>Die <em>Volkspartei<\/em> pr\u00e4sentiert den Deal inhaltlich als gro\u00dfen Erfolg: Man habe sich mit dem PD auf die Einleitung einer dritten Autonomiephase geeinigt, was soviel wie Vollautonomie bedeute. Allerdings: Die Partei von Pierluigi Bersani kann sich zwar daf\u00fcr einsetzen \u2014 ein neues Autonomiestatut bedarf jedoch in Kammer und Senat einer Zweidrittelmehrheit, die der PD sich nicht einmal in seinen k\u00fchnsten Tr\u00e4umen erhoffen darf. Derzeit d\u00fcmpelt er in Umfragen bei rund 30% der Stimmen.<\/p>\n<p>Was die dritte Phase der Autonomie f\u00fcr ihn bedeutet, hat PD-Abgeordneter Gianclaudio Bressa, der entscheidend am Zustandekommen der Koalition beteiligt war, indes der Tageszeitung <em>A. Adige<\/em> mitgeteilt \u2014 ohne sich ein Blatt vor den Mund zu nehmen. N\u00e4mlich: Die \u00bbnationale Verantwortung\u00ab S\u00fcdtirols. Zum Beispiel durch die schriftlich vereinbarte Beteiligung an der Abtragung der Staatsschulden.<\/p>","protected":false},"excerpt":{"rendered":"<p>Die S\u00fcdtiroler Volkspartei hat einen Schritt beschlossen, wie er radikaler kaum sein k\u00f6nnte. Im Hinblick auf die anstehenden Parlamentswahlen hat sie nicht nur die Blockfreiheit aufgegeben, sondern gleichzeitig beschlossen, eine staatsweite Koalition mit dem PD einzugehen. Eine Entscheidung zum Wohle S\u00fcdtirols? Wohl kaum. Sollte der PD wider erwarten nicht zur Regierungsmehrheit geh\u00f6ren, findet sich die [&hellip;]<\/p>","protected":false},"author":1,"featured_media":0,"comment_status":"open","ping_status":"open","sticky":false,"template":"","format":"standard","meta":{"_crdt_document":"","ngg_post_thumbnail":0,"_jetpack_memberships_contains_paid_content":false,"footnotes":""},"categories":[1],"tags":[],"class_list":["post-13441","post","type-post","status-publish","format-standard","hentry","category-allgemein","entity-pd","entity-svp","issue-parlamentswahl-2013","location-italy","location-sudtirolo","language-deutsch","medium-aa","person-gianclaudio-bressa","topic-politik"],"jetpack_featured_media_url":"","jetpack_sharing_enabled":true,"_links":{"self":[{"href":"https:\/\/www.brennerbasisdemokratie.eu\/index.php?rest_route=\/wp\/v2\/posts\/13441","targetHints":{"allow":["GET"]}}],"collection":[{"href":"https:\/\/www.brennerbasisdemokratie.eu\/index.php?rest_route=\/wp\/v2\/posts"}],"about":[{"href":"https:\/\/www.brennerbasisdemokratie.eu\/index.php?rest_route=\/wp\/v2\/types\/post"}],"author":[{"embeddable":true,"href":"https:\/\/www.brennerbasisdemokratie.eu\/index.php?rest_route=\/wp\/v2\/users\/1"}],"replies":[{"embeddable":true,"href":"https:\/\/www.brennerbasisdemokratie.eu\/index.php?rest_route=%2Fwp%2Fv2%2Fcomments&post=13441"}],"version-history":[{"count":20,"href":"https:\/\/www.brennerbasisdemokratie.eu\/index.php?rest_route=\/wp\/v2\/posts\/13441\/revisions"}],"predecessor-version":[{"id":75999,"href":"https:\/\/www.brennerbasisdemokratie.eu\/index.php?rest_route=\/wp\/v2\/posts\/13441\/revisions\/75999"}],"wp:attachment":[{"href":"https:\/\/www.brennerbasisdemokratie.eu\/index.php?rest_route=%2Fwp%2Fv2%2Fmedia&parent=13441"}],"wp:term":[{"taxonomy":"category","embeddable":true,"href":"https:\/\/www.brennerbasisdemokratie.eu\/index.php?rest_route=%2Fwp%2Fv2%2Fcategories&post=13441"},{"taxonomy":"post_tag","embeddable":true,"href":"https:\/\/www.brennerbasisdemokratie.eu\/index.php?rest_route=%2Fwp%2Fv2%2Ftags&post=13441"}],"curies":[{"name":"wp","href":"https:\/\/api.w.org\/{rel}","templated":true}]}}