{"id":13657,"date":"2013-01-21T17:13:24","date_gmt":"2013-01-21T16:13:24","guid":{"rendered":"http:\/\/www.brennerbasisdemokratie.eu\/?p=13657"},"modified":"2025-08-19T18:24:13","modified_gmt":"2025-08-19T16:24:13","slug":"uber-das-gleichgewicht-der-geschichten","status":"publish","type":"post","link":"https:\/\/www.brennerbasisdemokratie.eu\/?p=13657","title":{"rendered":"Das Gleichgewicht der Geschichte(n)."},"content":{"rendered":"<p>Wir k\u00f6nnen nicht ohne Stereotypen und Vorurteile \u00fcberleben. Sie bewahren uns davor, jede Erfahrung auf\u2019s Neue machen zu m\u00fcssen. (Es ist nichts weiter als ein Vorurteil, dass eine rot gl\u00fchende Herdplatte auch hei\u00df sein muss und ich mir daran die Finger verbrenne.) Wir m\u00fcssen generalisieren um die Welt in ihrer Komplexit\u00e4t auch nur ann\u00e4hernd beschreiben, erkl\u00e4ren und begreifen zu k\u00f6nnen. Dennoch m\u00fcssen wir uns stets vergegenw\u00e4rtigen, dass Stereotype und Vorurteile Reduzierungen sind, die wir st\u00e4ndig mit der Realit\u00e4t abgleichen m\u00fcssen. \u00bbThe problem with stereotypes is not that they are untrue but that they are incomplete\u00ab, sagt Chimamanda Adichie, eine Igbo-Schriftstellerin aus Nigeria, in ihrem beeindruckenden TED-Vortrag \u00bbThe Danger of the Single Story\u00ab. Wenn wir es verabs\u00e4umen, unsere Vorurteile als mitunter notwendige Vereinfachungen zu begreifen, ja wenn diese Vorurteile und Stereotypen zur alleinig m\u00f6glichen \u00bbWahrheit\u00ab \u00fcber eine Person, ein Land, ein Konzept werden, dann wird\u2019s gef\u00e4hrlich. Wir sind dann in der Gefahr der \u00bbSingle Story\u00ab, von der Adichie spricht. Wenn ich mir den politischen Diskurs in S\u00fcdtirol ansehe, fallen mir viele \u00bbSingle Stories\u00ab ein und ich bekomme Angst.<\/p>\n<blockquote>\n<div style=\"max-width: 900px;\">\n<div style=\"position: relative; height: 0; padding-bottom: 56.25%;\"><iframe loading=\"lazy\" style=\"position: absolute; left: 0; top: 0; width: 100%; height: 100%;\" title=\"Chimamanda Adichie: El peligro de la historia \u00fanica\" src=\"https:\/\/embed.ted.com\/talks\/chimamanda_ngozi_adichie_the_danger_of_a_single_story\" width=\"1024px\" height=\"576px\" frameborder=\"0\" scrolling=\"no\" allowfullscreen=\"allowfullscreen\"><\/iframe><\/div>\n<\/div>\n<\/blockquote>\n<p><strong><span style=\"font-family: Helvetica, Arial, sans-serif; text-transform: uppercase;\">C\u00ebla enghe:<\/span><\/strong> <a title=\"My experience is where I am from.\" href=\"https:\/\/www.brennerbasisdemokratie.eu\/?p=25405\"><span style=\"color: #ff8c00\"><code>01<\/code><\/span><\/a><\/p>","protected":false},"excerpt":{"rendered":"<p>Wir k\u00f6nnen nicht ohne Stereotypen und Vorurteile \u00fcberleben. Sie bewahren uns davor, jede Erfahrung auf\u2019s Neue machen zu m\u00fcssen. (Es ist nichts weiter als ein Vorurteil, dass eine rot gl\u00fchende Herdplatte auch hei\u00df sein muss und ich mir daran die Finger verbrenne.) Wir m\u00fcssen generalisieren um die Welt in ihrer Komplexit\u00e4t auch nur ann\u00e4hernd beschreiben, [&hellip;]<\/p>","protected":false},"author":8,"featured_media":0,"comment_status":"open","ping_status":"open","sticky":false,"template":"","format":"standard","meta":{"_crdt_document":"","ngg_post_thumbnail":0,"_jetpack_memberships_contains_paid_content":false,"footnotes":""},"categories":[1],"tags":[],"class_list":["post-13657","post","type-post","status-publish","format-standard","hentry","category-allgemein","location-afrika","language-deutsch","topic-feuilleton","topic-geschichte","topic-politik"],"jetpack_featured_media_url":"","jetpack_sharing_enabled":true,"_links":{"self":[{"href":"https:\/\/www.brennerbasisdemokratie.eu\/index.php?rest_route=\/wp\/v2\/posts\/13657","targetHints":{"allow":["GET"]}}],"collection":[{"href":"https:\/\/www.brennerbasisdemokratie.eu\/index.php?rest_route=\/wp\/v2\/posts"}],"about":[{"href":"https:\/\/www.brennerbasisdemokratie.eu\/index.php?rest_route=\/wp\/v2\/types\/post"}],"author":[{"embeddable":true,"href":"https:\/\/www.brennerbasisdemokratie.eu\/index.php?rest_route=\/wp\/v2\/users\/8"}],"replies":[{"embeddable":true,"href":"https:\/\/www.brennerbasisdemokratie.eu\/index.php?rest_route=%2Fwp%2Fv2%2Fcomments&post=13657"}],"version-history":[{"count":9,"href":"https:\/\/www.brennerbasisdemokratie.eu\/index.php?rest_route=\/wp\/v2\/posts\/13657\/revisions"}],"predecessor-version":[{"id":94025,"href":"https:\/\/www.brennerbasisdemokratie.eu\/index.php?rest_route=\/wp\/v2\/posts\/13657\/revisions\/94025"}],"wp:attachment":[{"href":"https:\/\/www.brennerbasisdemokratie.eu\/index.php?rest_route=%2Fwp%2Fv2%2Fmedia&parent=13657"}],"wp:term":[{"taxonomy":"category","embeddable":true,"href":"https:\/\/www.brennerbasisdemokratie.eu\/index.php?rest_route=%2Fwp%2Fv2%2Fcategories&post=13657"},{"taxonomy":"post_tag","embeddable":true,"href":"https:\/\/www.brennerbasisdemokratie.eu\/index.php?rest_route=%2Fwp%2Fv2%2Ftags&post=13657"}],"curies":[{"name":"wp","href":"https:\/\/api.w.org\/{rel}","templated":true}]}}