{"id":13858,"date":"2013-02-10T17:48:55","date_gmt":"2013-02-10T16:48:55","guid":{"rendered":"http:\/\/www.brennerbasisdemokratie.eu\/?p=13858"},"modified":"2021-07-09T15:18:38","modified_gmt":"2021-07-09T13:18:38","slug":"doch-sudtiroler-in-schladming","status":"publish","type":"post","link":"https:\/\/www.brennerbasisdemokratie.eu\/?p=13858","title":{"rendered":"Doch S\u00fcdtiroler in Schladming."},"content":{"rendered":"<p>Bei der <a title=\"TAZ: Rot-wei\u00df-rote Provokation.\" href=\"http:\/\/www.tageszeitung.it\/2013\/02\/10\/rot-weis-rote-provokation\/\" target=\"_blank\" rel=\"noopener\">Meldung der <em>Tageszeitung<\/em><\/a> und anderer Medien, wonach der italienische Skiverband eine offizielle Beschwerde eingereicht h\u00e4tte, weil einige Athleten in Schladming vom offiziellen Speaker als \u00bbunsere Freunde aus S\u00fcdtirol\u00ab und nicht als Italiener vorgestellt worden waren, handelt es sich offenbar um eine Ente. Ich hatte die Nachricht hier wiedergegeben, zeitgleich jedoch auch den Pr\u00e4sidenten des Skiverbandes, Flavio Roda, angeschrieben und um eine Erkl\u00e4rung gebeten. Seine Antwort l\u00e4sst kaum Interpretationsspielr\u00e4ume:<\/p>\n<blockquote><p>Gentilissimo<br \/>\nA nome della Federazione e mia sono stupito della sua mail, visto che non esiste nessuna protesta, anche perch\u00e9 non vedo ragione in merito, non so da dove vengano queste affermazioni e ho provveduto personalmente a smentire tramite ANSA queste voci, e le garantisco di essere onorato di avere tanti sud-tirolesi che rappresentano la nostra Italia. La saluto cordialmente Flavio Roda<\/p><\/blockquote>\n<p>Traurig, dass wir als Blog es sind, die f\u00fcr Aufkl\u00e4rung sorgen \u2014 und es professionelle Medien offenbar nicht f\u00fcr n\u00f6tig erachten, bei den im Bericht genannten Personen nachzufragen. Trotzdem dr\u00e4ngt sich die Frage auf, wer solche Nachrichten \u00fcberhaupt in Umlauf setzt.<\/p>\n<p><strong>Nachtrag:<\/strong><\/p>\n<p>Auch die Organisatoren von Schladming best\u00e4tigen, dass es keinerlei Beschwerde gegeben hat:<\/p>\n<blockquote><p>Sehr geehrter Herr Constantini,<\/p>\n<p>wir haben weder eine m\u00fcndliche, noch eine schriftliche Beschwerde des italienischen Skiverbandes vorliegen.<\/p>\n<p>Beste Gr\u00fc\u00dfe,<\/p>\n<p>Mag. Hans Grogl<br \/>\ni.A. Georg Skopek<br \/>\nAdministration Sport<br \/>\nschladming2013<br \/>\nWSV Schladming<\/p><\/blockquote>\n<p>Merkw\u00fcrdig und irref\u00fchrend bleibt, dass die Nachricht von einem Medium, das sich des Pr\u00e4dikats \u00bbapprovato FISI\u00ab (mit Zustimmung des italienischen Skiverbandes) erfreut, <a title=\"Fantaski: I quattro alfieri...\" href=\"http:\/\/www.fantaski.it\/news\/2013\/02\/08\/i-quattro-alfieri-in-discesa-del-suedtirolo.asp\" target=\"_blank\" rel=\"noopener\">noch immer nicht zur\u00fcckgezogen wurde.<\/a><\/p>","protected":false},"excerpt":{"rendered":"<p>Bei der Meldung der Tageszeitung und anderer Medien, wonach der italienische Skiverband eine offizielle Beschwerde eingereicht h\u00e4tte, weil einige Athleten in Schladming vom offiziellen Speaker als \u00bbunsere Freunde aus S\u00fcdtirol\u00ab und nicht als Italiener vorgestellt worden waren, handelt es sich offenbar um eine Ente. Ich hatte die Nachricht hier wiedergegeben, zeitgleich jedoch auch den Pr\u00e4sidenten [&hellip;]<\/p>","protected":false},"author":1,"featured_media":0,"comment_status":"open","ping_status":"open","sticky":false,"template":"","format":"standard","meta":{"_crdt_document":"","ngg_post_thumbnail":0,"_jetpack_memberships_contains_paid_content":false,"footnotes":""},"categories":[1],"tags":[],"class_list":["post-13858","post","type-post","status-publish","format-standard","hentry","category-allgemein","issue-banalnationalism","issue-zitac","location-italy","location-osterreich","location-sudtirolo","language-deutsch","language-italiano","topic-faktencheck","topic-medien","topic-nationalismus","topic-sport"],"jetpack_featured_media_url":"","jetpack_sharing_enabled":true,"_links":{"self":[{"href":"https:\/\/www.brennerbasisdemokratie.eu\/index.php?rest_route=\/wp\/v2\/posts\/13858","targetHints":{"allow":["GET"]}}],"collection":[{"href":"https:\/\/www.brennerbasisdemokratie.eu\/index.php?rest_route=\/wp\/v2\/posts"}],"about":[{"href":"https:\/\/www.brennerbasisdemokratie.eu\/index.php?rest_route=\/wp\/v2\/types\/post"}],"author":[{"embeddable":true,"href":"https:\/\/www.brennerbasisdemokratie.eu\/index.php?rest_route=\/wp\/v2\/users\/1"}],"replies":[{"embeddable":true,"href":"https:\/\/www.brennerbasisdemokratie.eu\/index.php?rest_route=%2Fwp%2Fv2%2Fcomments&post=13858"}],"version-history":[{"count":13,"href":"https:\/\/www.brennerbasisdemokratie.eu\/index.php?rest_route=\/wp\/v2\/posts\/13858\/revisions"}],"predecessor-version":[{"id":45865,"href":"https:\/\/www.brennerbasisdemokratie.eu\/index.php?rest_route=\/wp\/v2\/posts\/13858\/revisions\/45865"}],"wp:attachment":[{"href":"https:\/\/www.brennerbasisdemokratie.eu\/index.php?rest_route=%2Fwp%2Fv2%2Fmedia&parent=13858"}],"wp:term":[{"taxonomy":"category","embeddable":true,"href":"https:\/\/www.brennerbasisdemokratie.eu\/index.php?rest_route=%2Fwp%2Fv2%2Fcategories&post=13858"},{"taxonomy":"post_tag","embeddable":true,"href":"https:\/\/www.brennerbasisdemokratie.eu\/index.php?rest_route=%2Fwp%2Fv2%2Ftags&post=13858"}],"curies":[{"name":"wp","href":"https:\/\/api.w.org\/{rel}","templated":true}]}}