{"id":13989,"date":"2013-02-21T15:20:58","date_gmt":"2013-02-21T14:20:58","guid":{"rendered":"http:\/\/www.brennerbasisdemokratie.eu\/?p=13989"},"modified":"2023-01-06T22:29:51","modified_gmt":"2023-01-06T21:29:51","slug":"jedes-programm","status":"publish","type":"post","link":"https:\/\/www.brennerbasisdemokratie.eu\/?p=13989","title":{"rendered":"Jedes Programm."},"content":{"rendered":"<p>Aus dem gestern ver\u00f6ffentlichen <abbr title=\"Tageszeitung\">TAZ<\/abbr>-Gespr\u00e4ch mit Florian Kronbichler und Pius Leitner:<\/p>\n<blockquote><p><strong>Leitner:<\/strong> [&#8230;] [Ich] finde es fast schon infam, wenn man uns vorwirft, dass wir kein Programm h\u00e4tten. Denn \u2014 im Gegenteil zu Florian Kronbichler \u2014 haben wir sehr wohl eines.<\/p>\n<p><strong>Kronbichler:<\/strong> Falsch! Ich bin nur so bescheiden, sagen zu k\u00f6nnen, dass ich fast alle Programme unterschreiben k\u00f6nnte \u2014 mit Ausnahme des Freistaats von Pius Leitner.<\/p><\/blockquote>\n<ul>\n<li>Eine erstaunliche Aussage: Ein Politiker, der fast alle Programme unterschreiben k\u00f6nnte. Wof\u00fcr steht er dann?<\/li>\n<li>Und: Kann er nur Leitners <em>Freistaat<\/em> nicht unterschreiben (die anderen Punkte seines Programmes aber schon, zum Beispiel die Fremdenfeindlichkeit) oder kann er das gesamte blaue Programm nicht unterschreiben (fast alle anderen aber schon, zum Beispiel jenes von <em>Fratelli d&#8217;Italia,<\/em> PDL, <em>CasaPound,<\/em> AAnC, 5SB&#8230;)?<\/li>\n<\/ul>\n<blockquote><p><strong>Herr Kronbichler, im Gegensatz zu den Freiheitlichen haben Sie eine reelle Chance, den Einzug ins Parlament zu schaffen \u2014 weil die Gr\u00fcnen ein B\u00fcndnis mit der SEL geschlossen hat (sic). Brauchen S\u00fcdtirols Parteien nationale B\u00fcndnispartner?<\/strong><\/p>\n<p><strong>Kronbichler:<\/strong> Ich bin ein begeisterter Bef\u00fcrworter solcher B\u00fcndnisse. Das hei\u00dft nicht, dass ich das aktuelle Wahlgesetz f\u00fcr gut befinde: Es ist eine demokratische Schweinerei. Die W\u00e4hler wollen aber Angebote mit Chancen. Du bist ein kluger Mann, Pius. Wenn Macht Kontrolle braucht, m\u00fcsstest ihr die Leute jetzt aufrufen, mich zu w\u00e4hlen. Denn so verschieden bin ich nicht.<\/p><\/blockquote>\n<ul>\n<li>Wessen Macht will Kronbichler im Parlament kontrollieren? Die der SVP wird mit 0 bis 3 Abgeordneten ja nicht besonders gro\u00df sein.<\/li>\n<li>Wieso ist Kronbichler, der vor einiger Zeit schon ein B\u00fcndnis mit Karl Zeller verteufelt hatte (mit dem er jetzt in einer Koalition sitzt), pl\u00f6tzlich <em>nicht so verschieden<\/em> von Pius Leitner? Ideologisch? Oder weil er zwischen einem begeisterten Bef\u00fcrworter nationaler B\u00fcndnisse und einem Unabh\u00e4ngigkeitsbef\u00fcrworter keinen Unterschied erkennen kann?<\/li>\n<li>Nach derselben Logik m\u00fcssten die <em>Gr\u00fcnen<\/em> in den Senatswahlkreisen Brixen und Meran \u00fcbrigens empfehlen, die <em>Freiheitlichen<\/em> zu w\u00e4hlen.<\/li>\n<\/ul>\n<blockquote><p><strong>Leitner:<\/strong> [&#8230;] Nur weil wir eine Minderheit sind, haben wir die Autonomie bekommen.<\/p>\n<p><strong>Kronbichler:<\/strong> Das ist das typische Tiroler Mir-san-Mir-Denken. Deshalb halte ich auch den Freistaat-Gedanken f\u00fcr gef\u00e4hrlich: Ihr glaubt, ohne Verb\u00fcndete und allein auf Gott vertrauend ginge es auch, rennt dabei aber selbst ins Verderben. Ihr gef\u00e4hrdet durch das Bessere das Gute. Wir sind eine verw\u00f6hnte, stinkreiche Provinz. Nirgends in Europa w\u00fcrden wir f\u00fcr diese Flausen Verb\u00fcndete finden.<\/p>\n<p><strong>Leitner:<\/strong> Bitte, immer diese Untergangsstimmung! Der Freitstaat ist ein Friedensprojekt aller drei Sprachgruppen, und er kann nicht gegen den Willen der Italiener verwirklicht werden. Wir leben in einer Demokratie: Wenn eine Mehrheit sagt, wir sollten bei Italien bleiben, dann werde ich mich diesem Wunsch beugen.<\/p><\/blockquote>\n<ul>\n<li>Nur schlechte Eigenschaften sind bei Vertretern der vermeintlichen Intelligenzija <em>Tiroler Eigenschaften<\/em>. Das hat System. Sonst sind wir \u2014 bestenfalls \u2014 S\u00fcdtiroler.<\/li>\n<li>Warum sollte ein unabh\u00e4ngiger Staat ohne Verb\u00fcndete dastehen? Das tut kein Staat der Welt.<\/li>\n<li>Dass wir (angeblich) stinkreich sind, ist ein Gegenargument zur Unabh\u00e4ngigkeit? Interessant: In Katalonien ist das Gegenteil \u2014 n\u00e4mlich die (angebliche) Zahlungsunf\u00e4higkeit \u2014 ein Gegenargument der Unionisten. Muss man also zugleich arm und reich sein, also die Quadratur des Kreises schaffen, um die Kriterien f\u00fcr die Eigenstaatlichkeit zu erf\u00fcllen?<\/li>\n<\/ul>\n<blockquote><p><strong>Ist es nicht widerspr\u00fcchlich, ins Parlament jenes Landes einziehen zu wollen, von dem man eigentlich die Losl\u00f6sung fordert?<\/strong><\/p>\n<p><strong>Leitner:<\/strong> Wir m\u00fcssen daf\u00fcr mit Italien und \u00d6sterreich reden. Mir geht es nicht um gr\u00f6\u00dferen Reichtum, sondern um mehr Eigenverantwortung. [&#8230;]<\/p><\/blockquote>\n<p>Diese Frage, die man immer wieder vernimmt (zum Beispiel bei den Wahldiskussionen im <em>Rai Sender Bozen),<\/em> ist nun wirklich eine Beleidigung der Intelligenz. Wo sollen denn die <em>Freiheitlichen<\/em> sonst kandidieren? Zum nicht existierenden Parlament des unabh\u00e4ngigen S\u00fcdtirol? Und die <em>S\u00fcd-Tiroler Freiheit<\/em> wohl zum \u00f6sterreichischen Nationalrat! In ganz Europa kandidieren Sezessionisten f\u00fcr die staatlichen Parlamente, so die Basken, Katalanen und Schotten, aber auch die Korsen und Sarden. Es ist gut, wenn der Unabh\u00e4ngigkeitswille in den Parlamenten (und nicht nur au\u00dferhalb) vertreten wird. Was aber nicht hei\u00dft, dass ich mir eine blaue Vertretung in Rom w\u00fcnsche.<\/p>","protected":false},"excerpt":{"rendered":"<p>Aus dem gestern ver\u00f6ffentlichen TAZ-Gespr\u00e4ch mit Florian Kronbichler und Pius Leitner: Leitner: [&#8230;] [Ich] finde es fast schon infam, wenn man uns vorwirft, dass wir kein Programm h\u00e4tten. Denn \u2014 im Gegenteil zu Florian Kronbichler \u2014 haben wir sehr wohl eines. Kronbichler: Falsch! Ich bin nur so bescheiden, sagen zu k\u00f6nnen, dass ich fast alle [&hellip;]<\/p>","protected":false},"author":1,"featured_media":0,"comment_status":"open","ping_status":"open","sticky":false,"template":"","format":"standard","meta":{"_crdt_document":"","ngg_post_thumbnail":0,"_jetpack_memberships_contains_paid_content":false,"footnotes":""},"categories":[1],"tags":[],"class_list":["post-13989","post","type-post","status-publish","format-standard","hentry","category-allgemein","entity-freiheitliche","entity-svp","entity-verc","issue-parlamentswahl-2013","location-sudtirolo","language-deutsch","medium-taz","person-flor","person-pius-leitner","topic-medien","topic-politik","topic-racism"],"jetpack_featured_media_url":"","jetpack_sharing_enabled":true,"_links":{"self":[{"href":"https:\/\/www.brennerbasisdemokratie.eu\/index.php?rest_route=\/wp\/v2\/posts\/13989","targetHints":{"allow":["GET"]}}],"collection":[{"href":"https:\/\/www.brennerbasisdemokratie.eu\/index.php?rest_route=\/wp\/v2\/posts"}],"about":[{"href":"https:\/\/www.brennerbasisdemokratie.eu\/index.php?rest_route=\/wp\/v2\/types\/post"}],"author":[{"embeddable":true,"href":"https:\/\/www.brennerbasisdemokratie.eu\/index.php?rest_route=\/wp\/v2\/users\/1"}],"replies":[{"embeddable":true,"href":"https:\/\/www.brennerbasisdemokratie.eu\/index.php?rest_route=%2Fwp%2Fv2%2Fcomments&post=13989"}],"version-history":[{"count":16,"href":"https:\/\/www.brennerbasisdemokratie.eu\/index.php?rest_route=\/wp\/v2\/posts\/13989\/revisions"}],"predecessor-version":[{"id":75992,"href":"https:\/\/www.brennerbasisdemokratie.eu\/index.php?rest_route=\/wp\/v2\/posts\/13989\/revisions\/75992"}],"wp:attachment":[{"href":"https:\/\/www.brennerbasisdemokratie.eu\/index.php?rest_route=%2Fwp%2Fv2%2Fmedia&parent=13989"}],"wp:term":[{"taxonomy":"category","embeddable":true,"href":"https:\/\/www.brennerbasisdemokratie.eu\/index.php?rest_route=%2Fwp%2Fv2%2Fcategories&post=13989"},{"taxonomy":"post_tag","embeddable":true,"href":"https:\/\/www.brennerbasisdemokratie.eu\/index.php?rest_route=%2Fwp%2Fv2%2Ftags&post=13989"}],"curies":[{"name":"wp","href":"https:\/\/api.w.org\/{rel}","templated":true}]}}