{"id":1426,"date":"2009-02-01T10:18:18","date_gmt":"2009-02-01T09:18:18","guid":{"rendered":"http:\/\/www.brennerbasisdemokratie.eu\/?p=1426"},"modified":"2024-11-24T21:48:32","modified_gmt":"2024-11-24T20:48:32","slug":"frische-luft","status":"publish","type":"post","link":"https:\/\/www.brennerbasisdemokratie.eu\/?p=1426","title":{"rendered":"Justizdesaster (mit Frischluft f\u00fcr Tarfusser)."},"content":{"rendered":"<p>Die Gerichtsbarkeiten der EU-L\u00e4nder, einschlie\u00dflich aller Neuzug\u00e4nge, befinden sich in Sachen Effizienz unter den ersten 50 weltweit. Alle? Nein, ein gro\u00dfer Staat in S\u00fcdeuropa, der ob seiner Probleme mit der organisierten Kriminalit\u00e4t und Korruption eine besonders schlagkr\u00e4ftige Justiz n\u00f6tig h\u00e4tte, rangiert auf Platz 151 \u2014 von 181. Dies geht aus einer einschl\u00e4gigen Studie der Weltbank hervor, auf die sich nicht etwa die <em>ff<\/em> oder die <em>Dolomiten <\/em>berufen, sondern der Pr\u00e4sident des italienischen Kassationsgerichtshofs <a title=\"Repubblica: Inaugurato l'anno giudiziario.\" href=\"http:\/\/www.repubblica.it\/2009\/01\/sezioni\/politica\/giustizia-9\/anno-2009\/anno-2009.html\" target=\"_blank\" rel=\"noopener noreferrer\"><code>01<\/code><\/a>.<\/p>\n<p>Interessant ist dieses Ergebnis, das meine subjektive Einsch\u00e4tzung noch weit \u00fcbertrifft, weil es ja tats\u00e4chlich Leute gibt, die ebendieses Justizsystem als geradezu heilvoll f\u00fcr S\u00fcdtirol darstellen <a title=\"Markus Lobis: Leserbrief eines Zweiflers.\" href=\"http:\/\/markus-lobis.blog.de\/2008\/02\/14\/heute_in_der_doloprawda_leserbrief_eines~3725645\/\" target=\"_blank\" rel=\"noopener noreferrer\"><code>02<\/code><\/a>. Demnach w\u00fcrde ein unabh\u00e4ngiges S\u00fcdtirol \u00bbmit Sicherheit\u00ab noch weit nach hinten rutschen \u2014 sehr weit ist aber gar nicht m\u00f6glich, denn Italien legt schon einiges vor.<\/p>\n<p>In diesem Zusammenhang m\u00f6chte ich auch Herrn Tarfusser erw\u00e4hnen, seines Zeichens Oberstaatsanwalt am Landesgericht Bozen, und k\u00fcrzlich auf Vorschlag der italienischen Regierung zum Richter des Internationalen Strafgerichtshofs in Den Haag gew\u00e4hlt <a title=\"Radio Netherlands Worldwide.\" href=\"http:\/\/www.rnw.nl\/internationaljustice\/specials\/commentary\/080926-tarfusser\" target=\"_blank\" rel=\"noopener noreferrer\"><code>03<\/code><\/a>. In einem <em>ff<\/em>-Interview (05\/09) bewahrt er sich Unabh\u00e4ngigkeit vor seinen \u00bbG\u00f6nnern\u00ab, die ihn ob seiner gef\u00e4hrlichen Effizienz an die frische Luft empfohlen haben, und sagt:<\/p>\n<blockquote><p>Erstens: Ich gehe lieber nach Den Haag als in eine andere italienische Stadt mit der gleichen Rolle, die ich hier bekleide.<br \/>\nZweitens: Wenn ich mir ansehen muss, was als sogenannte Justizreform von der Regierung Berlusconi geplant ist, ist es sowieso besser, hier die Zelte abzubrechen. So brauche ich mir zumindest nicht mitanzusehen, wie die Justiz endg\u00fcltig vernichtet wird \u2014 zum Schaden der B\u00fcrger.<\/p>\n<p><em><small>\u2013 Cuno Tarfusser<\/small><\/em><\/p><\/blockquote>\n<p><em>Chapeau.<\/em><\/p>","protected":false},"excerpt":{"rendered":"<p>Die Gerichtsbarkeiten der EU-L\u00e4nder, einschlie\u00dflich aller Neuzug\u00e4nge, befinden sich in Sachen Effizienz unter den ersten 50 weltweit. Alle? Nein, ein gro\u00dfer Staat in S\u00fcdeuropa, der ob seiner Probleme mit der organisierten Kriminalit\u00e4t und Korruption eine besonders schlagkr\u00e4ftige Justiz n\u00f6tig h\u00e4tte, rangiert auf Platz 151 \u2014 von 181. Dies geht aus einer einschl\u00e4gigen Studie der Weltbank [&hellip;]<\/p>","protected":false},"author":1,"featured_media":0,"comment_status":"open","ping_status":"open","sticky":false,"template":"","format":"standard","meta":{"_crdt_document":"","ngg_post_thumbnail":0,"_jetpack_memberships_contains_paid_content":false,"footnotes":""},"categories":[1],"tags":[],"class_list":["post-1426","post","type-post","status-publish","format-standard","hentry","category-allgemein","issue-zitac","location-italy","location-sudtirolo","language-deutsch","medium-dolo","medium-ff","person-silvio-berlusconi","topic-justiz","topic-medien","topic-recht","topic-statistik","topic-transparenz"],"jetpack_featured_media_url":"","jetpack_sharing_enabled":true,"_links":{"self":[{"href":"https:\/\/www.brennerbasisdemokratie.eu\/index.php?rest_route=\/wp\/v2\/posts\/1426","targetHints":{"allow":["GET"]}}],"collection":[{"href":"https:\/\/www.brennerbasisdemokratie.eu\/index.php?rest_route=\/wp\/v2\/posts"}],"about":[{"href":"https:\/\/www.brennerbasisdemokratie.eu\/index.php?rest_route=\/wp\/v2\/types\/post"}],"author":[{"embeddable":true,"href":"https:\/\/www.brennerbasisdemokratie.eu\/index.php?rest_route=\/wp\/v2\/users\/1"}],"replies":[{"embeddable":true,"href":"https:\/\/www.brennerbasisdemokratie.eu\/index.php?rest_route=%2Fwp%2Fv2%2Fcomments&post=1426"}],"version-history":[{"count":20,"href":"https:\/\/www.brennerbasisdemokratie.eu\/index.php?rest_route=\/wp\/v2\/posts\/1426\/revisions"}],"predecessor-version":[{"id":89220,"href":"https:\/\/www.brennerbasisdemokratie.eu\/index.php?rest_route=\/wp\/v2\/posts\/1426\/revisions\/89220"}],"wp:attachment":[{"href":"https:\/\/www.brennerbasisdemokratie.eu\/index.php?rest_route=%2Fwp%2Fv2%2Fmedia&parent=1426"}],"wp:term":[{"taxonomy":"category","embeddable":true,"href":"https:\/\/www.brennerbasisdemokratie.eu\/index.php?rest_route=%2Fwp%2Fv2%2Fcategories&post=1426"},{"taxonomy":"post_tag","embeddable":true,"href":"https:\/\/www.brennerbasisdemokratie.eu\/index.php?rest_route=%2Fwp%2Fv2%2Ftags&post=1426"}],"curies":[{"name":"wp","href":"https:\/\/api.w.org\/{rel}","templated":true}]}}