{"id":14288,"date":"2013-03-22T12:48:31","date_gmt":"2013-03-22T11:48:31","guid":{"rendered":"http:\/\/www.brennerbasisdemokratie.eu\/?p=14288"},"modified":"2021-04-18T10:46:05","modified_gmt":"2021-04-18T08:46:05","slug":"zweitsprachentwicklung-keine-daten","status":"publish","type":"post","link":"https:\/\/www.brennerbasisdemokratie.eu\/?p=14288","title":{"rendered":"Zweitsprachentwicklung: Keine Daten."},"content":{"rendered":"<p>Immer wieder h\u00f6rt man in S\u00fcdtirol, dass die Zweitsprachkompetenz im Allgemeinen und speziell jene von Sch\u00fclerinnen im Abnehmen begriffen sei. Aufgrund dieser \u00bbEinsicht\u00ab sollen dann die Landesregierung oder \u00f6ffentliche Einrichtungen Ma\u00dfnahmen ergreifen, die den uns\u00e4glichen Trend aufhalten. Es hat sich sogar der \u2014 wohl politisch motivierte \u2014 Topos etabliert, dass die anhaltende Debatte zur Unabh\u00e4ngigkeit unseres Landes die Motivation der deutschsprachigen Jugendlichen hemme, Italienisch zu lernen.<\/p>\n<p>An letzteren Zusammenhang glaube ich nicht, jedenfalls nicht in einem statistisch relevanten Ausma\u00df. Da ich aber wenigstens wissen wollte, ob die als katastrophal dargestellte Entwicklung <em>\u00fcberhaupt<\/em> stimmt, habe ich mich vor einigen Tagen an das Landesstatistikinstitut <em>(Astat)<\/em> gewandt und um belastbare Daten gebeten.<\/p>\n<p>Die Antwort: Zu diesem Thema liegen nur zwei Arten der Erhebung vor, n\u00e4mlich die Erfolgsquoten bei der Zweisprachigkeitspr\u00fcfung und das Sprachbarometer.<\/p>\n<p>Dass die Ergebnisse der Zweisprachigkeitspr\u00fcfung \u2014 die sich im Laufe der letzten Jahre tats\u00e4chlich verschlechtert haben \u2014 f\u00fcr die Beurteilung der Zweitsprachentwicklung im Allgemeinen nicht relevant sein k\u00f6nnen, liegt auf der Hand: Schlie\u00dflich k\u00f6nnen Ver\u00e4nderungen auch auf Faktoren zur\u00fcckzuf\u00fchren sein, die nicht direkt mit der Sprachkompetenz in Verbindung stehen. Um nur drei Beispiele zu nennen, k\u00f6nnten zum Beispiel ein h\u00f6herer Anteil Kandidaten mit Migrationshintergrund, strengere Pr\u00fcfungskommissionen oder eine im Durchschnitt weniger intensive Vorbereitung der Kandidaten auf die Pr\u00fcfung zu h\u00f6heren Durchfallquoten f\u00fchren. Dass im verf\u00fcgbaren Vergleichszeitraum (2007-2011) das Jahr 2008 gleichzeitig die niedrigste Kandidatenanzahl und in fast allen Laufbahnen die h\u00f6chste Erfolgsquote aufweist, k\u00f6nnte diese Annahme st\u00fctzen.<\/p>\n<p>Das Sprachbarometer dagegen ist eine Momentaufnahme und ist als solche zur Ermittlung eines Trends ungeeignet, solange nicht wenigstens eine zweite Vergleichserhebung durchgef\u00fchrt wird. Leider stammen die derzeit verf\u00fcgbaren Daten aus 2004 und sind somit veraltet.<\/p>\n<p>Zusammenfassend: In einem mehrsprachigen Land wie S\u00fcdtirol existieren beim \u00f6ffentlichen Statistikamt gar keine Daten zur Entwicklung der Zwei- und Mehrsprachigkeit im Mehrjahresvergleich. Das ist einerseits ein unerkl\u00e4rliches und schwer zu rechtfertigendes Manko \u2014 andererseits l\u00e4sst sich damit die Aussage, die Zweisprachigkeit in S\u00fcdtirol sei r\u00fcckl\u00e4ufig, weder best\u00e4tigen, noch widerlegen. Dies w\u00e4re jedoch unbedingt erforderlich, um eine seri\u00f6se Sprachpolitik auf den Weg zu bringen, die nicht auf Topoi und Vorurteilen fu\u00dft.<\/p>\n<p><strong><span style=\"font-family: Helvetica, Arial, sans-serif; text-transform: uppercase;\">C\u00ebla enghe:<\/span><\/strong> <a title=\"Zweitsprachkenntnisse nehmen zu.\" href=\"https:\/\/www.brennerbasisdemokratie.eu\/?p=25517\"><span style=\"color: #ff8c00\"><code>01<\/code><\/span><\/a><\/p>","protected":false},"excerpt":{"rendered":"<p>Immer wieder h\u00f6rt man in S\u00fcdtirol, dass die Zweitsprachkompetenz im Allgemeinen und speziell jene von Sch\u00fclerinnen im Abnehmen begriffen sei. Aufgrund dieser \u00bbEinsicht\u00ab sollen dann die Landesregierung oder \u00f6ffentliche Einrichtungen Ma\u00dfnahmen ergreifen, die den uns\u00e4glichen Trend aufhalten. Es hat sich sogar der \u2014 wohl politisch motivierte \u2014 Topos etabliert, dass die anhaltende Debatte zur Unabh\u00e4ngigkeit [&hellip;]<\/p>","protected":false},"author":1,"featured_media":0,"comment_status":"open","ping_status":"open","sticky":false,"template":"","format":"standard","meta":{"_crdt_document":"","ngg_post_thumbnail":0,"_jetpack_memberships_contains_paid_content":false,"footnotes":""},"categories":[1],"tags":[],"class_list":["post-14288","post","type-post","status-publish","format-standard","hentry","category-allgemein","entity-astat","issue-sprachbarometer","location-sudtirolo","language-deutsch","topic-kohasion","topic-plurilinguism","topic-scola","topic-statistik"],"jetpack_featured_media_url":"","jetpack_sharing_enabled":true,"_links":{"self":[{"href":"https:\/\/www.brennerbasisdemokratie.eu\/index.php?rest_route=\/wp\/v2\/posts\/14288","targetHints":{"allow":["GET"]}}],"collection":[{"href":"https:\/\/www.brennerbasisdemokratie.eu\/index.php?rest_route=\/wp\/v2\/posts"}],"about":[{"href":"https:\/\/www.brennerbasisdemokratie.eu\/index.php?rest_route=\/wp\/v2\/types\/post"}],"author":[{"embeddable":true,"href":"https:\/\/www.brennerbasisdemokratie.eu\/index.php?rest_route=\/wp\/v2\/users\/1"}],"replies":[{"embeddable":true,"href":"https:\/\/www.brennerbasisdemokratie.eu\/index.php?rest_route=%2Fwp%2Fv2%2Fcomments&post=14288"}],"version-history":[{"count":9,"href":"https:\/\/www.brennerbasisdemokratie.eu\/index.php?rest_route=\/wp\/v2\/posts\/14288\/revisions"}],"predecessor-version":[{"id":64605,"href":"https:\/\/www.brennerbasisdemokratie.eu\/index.php?rest_route=\/wp\/v2\/posts\/14288\/revisions\/64605"}],"wp:attachment":[{"href":"https:\/\/www.brennerbasisdemokratie.eu\/index.php?rest_route=%2Fwp%2Fv2%2Fmedia&parent=14288"}],"wp:term":[{"taxonomy":"category","embeddable":true,"href":"https:\/\/www.brennerbasisdemokratie.eu\/index.php?rest_route=%2Fwp%2Fv2%2Fcategories&post=14288"},{"taxonomy":"post_tag","embeddable":true,"href":"https:\/\/www.brennerbasisdemokratie.eu\/index.php?rest_route=%2Fwp%2Fv2%2Ftags&post=14288"}],"curies":[{"name":"wp","href":"https:\/\/api.w.org\/{rel}","templated":true}]}}