{"id":14667,"date":"2013-04-06T15:34:13","date_gmt":"2013-04-06T13:34:13","guid":{"rendered":"http:\/\/www.brennerbasisdemokratie.eu\/?p=14667"},"modified":"2024-05-02T14:31:08","modified_gmt":"2024-05-02T12:31:08","slug":"eu-kommission-neutral","status":"publish","type":"post","link":"https:\/\/www.brennerbasisdemokratie.eu\/?p=14667","title":{"rendered":"EU-Kommission \u00bbneutral\u00ab."},"content":{"rendered":"<p>Ende der Angststrategie? Die katalanische Tageszeitung <em>Ara<\/em> \u00fcber die Position der Europ\u00e4ischen Kommission:<\/p>\n<blockquote><p><strong>Der europ\u00e4ische Repr\u00e4sentant in Katalonien: \u201cWenn wir uns in die Souver\u00e4nit\u00e4tsdebatte einmischen, k\u00f6nnten wir etwas sagen, was wir zu einem sp\u00e4teren Zeitpunkt bereuen\u201d\u009d<\/strong><\/p>\n<p><em>Ferran Tarradellas betont, dass die Exekutive der Union zum katalanischen Fall aus \u201cRespekt\u201d\u009d vor den betroffenen Parteien eine \u201cneutrale\u201d\u009d Haltung einnimmt.<\/em><\/p>\n<hr \/>\n<p>ACN Barcelona, 05.04.2013 \u00b7 Der Repr\u00e4sentant der Europ\u00e4ischen Kommission (EK) in Katalonien und auf den Balearen, Ferran Tarradellas, ist am heutigen Freitag vor der Kommission f\u00fcr \u00e4u\u00dfere Angelegenheiten, Kooperation und die Europ\u00e4ische Union des katalanischen Parlaments erschienen, wo er mitteilte, dass sich die EK aus \u201cRespekt\u201d vor den B\u00fcrgern Kataloniens und des restlichen Spanien nicht in den katalanischen Prozess einmische. \u201cWenn wir uns in diese Debatte einmischen, k\u00f6nnten wir etwas sagen, was wir zu einem sp\u00e4teren Zeitpunkt bereuen\u201d\u009d, argumentierte Tarradellas, der auch an die umstrittenen \u00c4u\u00dferungen der EK-Vizepr\u00e4sidentin Viviane Reding gegen\u00fcber dem \u2018Diario de Sevilla\u2019 erinnerte, die sp\u00e4ter von der Kommission relativiert wurden.<\/p>\n<p>In einem Interview mit dem \u2018Diario de Sevilla\u2019 im September 2012 sagte Reding unmissverst\u00e4ndlich, dass das internationale Recht an keiner Stelle vorschreibe, dass Katalonien im Falle seiner Unabh\u00e4ngigkeit die EU verlassen m\u00fcsste. Sp\u00e4ter wiederrief Reding ihre Aussagen \u2014 unterschiedlichen Quellen zufolge wegen starken Drucks aus Madrid \u2014 und behauptete, der Journalist habe ihre Aussagen missverstanden. Die korrigierte Haltung Redings war, dass der neue Staat, falls sich die Katalanen f\u00fcr eine Losl\u00f6sung von Spanien entschieden, nicht automatisch EU-Mitglied w\u00e4re.<\/p>\n<p>Derzeit ist es offizielle Position der EK, dass sie sich \u201c\u00fcber die legalen Folgen\u201d der Unabh\u00e4ngigkeit Kataloniens nur \u00e4u\u00dfern werde, falls es der spanische Staat unter Vorgabe \u201ceines pr\u00e4zisen Szenarios\u201d\u009d fordere. Br\u00fcssel betont, dass es eines \u201cvom Mitgliedsstaat beschriebenen Szenarios\u201d\u009d bed\u00fcrfe, um \u201cdie Folgen\u201d\u009d durch die Vertr\u00e4ge \u201cevaluieren zu k\u00f6nnen\u201d\u009d.<\/p>\n<p>Tarradellas erkl\u00e4rte am Freitag im Parlament, dass der katalanische Fall \u201czwischen den betroffenen Parteien\u201d\u009d diskutiert werden m\u00fcsse, und diese seien Katalonien und Spanien. \u201cEs ist eine Debatte, die sich au\u00dferhalb unserer Zust\u00e4ndigkeit befindet\u201d\u009d, sagte er.<\/p>\n<p>Deshalb sei die Position der EK von \u201cNeutralit\u00e4t\u201d\u009d gekennzeichnet. \u201cWir sind neutral, da wir respektvoll sein wollen\u201d\u009d, betonte Tarradellas, der die EU mit einem Mietshaus mit unterschiedlichen Wohnungstypen verglich. \u201cWas sich in den Wohnungen abspielt ist Sache der Bewohner, wir sind hingegen die Hausverwalter\u201d\u009d. Falls ein Teil einer Familie eine Wohnung verlasse, \u201cwird sich auch die Verwaltung dazu \u00e4u\u00dfern, doch erst dann\u201d\u009d, sagte er.<\/p>\n<p>Terradellas erkl\u00e4rte, dass sich die EK der \u201cWichtigkeit\u201d\u009d der Souver\u00e4nit\u00e4tsdebatte bewusst sei. \u201cSie ist f\u00fcr die B\u00fcrger Kataloniens wichtig, sie ist f\u00fcr die B\u00fcrger des restlichen spanischen Staatsgebiets wichtig und langfristig ist sie f\u00fcr die gesamte Europ\u00e4ische Union wichtig\u201d\u009d, schloss er.<\/p><\/blockquote>\n<p><em><small>Quelle: Ara.cat<\/small><\/em><br \/>\n<em><small>\u00dcbersetzung: <img class=\"bbdlogo\" src=\"https:\/\/www.brennerbasisdemokratie.eu\/wp-content\/uploads\/bbdsmileys\/bbde.png\"><\/small><\/em><\/p>\n<p><strong><span style=\"font-family: Helvetica, Arial, sans-serif; text-transform: uppercase;\">C\u00ebla enghe:<\/span><\/strong> <a title=\"Reding: Katalonien bleibt EU-Mitglied.\" href=\"http:\/\/www.brennerbasisdemokratie.eu\/?p=12859\"><code>01<\/code><\/a> <a title=\"\u00bbFl\u00fcgge \u2013 und dann?\u00ab\" href=\"http:\/\/www.brennerbasisdemokratie.eu\/?p=14640\"><code>02<\/code><\/a> <a title=\"Catalonia\u2019s Independence: A Reply\u2026\" href=\"http:\/\/www.brennerbasisdemokratie.eu\/?p=13652\"><code>03<\/code><\/a> <a title=\"Quotation (LXXXIII): Separatismus &amp; EU.\" href=\"http:\/\/www.brennerbasisdemokratie.eu\/?p=14186\"><code>04<\/code><\/a> <a title=\"Souver\u00e4nit\u00e4tserkl\u00e4rung.\" href=\"http:\/\/www.brennerbasisdemokratie.eu\/?p=13671\"><code>05<\/code><\/a> <a title=\"Unabh\u00e4ngigkeit, EU und Euro.\" href=\"http:\/\/www.brennerbasisdemokratie.eu\/?p=13230\"><code>06<\/code><\/a> <a title=\"Auch laut Westminster bleibt Schottland EU-Mitglied.\" href=\"http:\/\/www.brennerbasisdemokratie.eu\/?p=13050\"><code>07<\/code><\/a> <a title=\"Innere EU-Erweiterung.\" href=\"http:\/\/www.brennerbasisdemokratie.eu\/?p=11189\"><code>08<\/code><\/a><\/p>","protected":false},"excerpt":{"rendered":"<p>Ende der Angststrategie? Die katalanische Tageszeitung Ara \u00fcber die Position der Europ\u00e4ischen Kommission: Der europ\u00e4ische Repr\u00e4sentant in Katalonien: \u201cWenn wir uns in die Souver\u00e4nit\u00e4tsdebatte einmischen, k\u00f6nnten wir etwas sagen, was wir zu einem sp\u00e4teren Zeitpunkt bereuen\u201d\u009d Ferran Tarradellas betont, dass die Exekutive der Union zum katalanischen Fall aus \u201cRespekt\u201d\u009d vor den betroffenen Parteien eine \u201cneutrale\u201d\u009d [&hellip;]<\/p>","protected":false},"author":1,"featured_media":0,"comment_status":"open","ping_status":"open","sticky":false,"template":"","format":"standard","meta":{"_crdt_document":"","ngg_post_thumbnail":0,"_jetpack_memberships_contains_paid_content":false,"footnotes":""},"categories":[1],"tags":[],"class_list":["post-14667","post","type-post","status-publish","format-standard","hentry","category-allgemein","entity-eu","location-catalunya","language-deutsch","medium-ara","topic-medien","topic-mitbestimmung","topic-selbstbestimmung"],"jetpack_featured_media_url":"","jetpack_sharing_enabled":true,"_links":{"self":[{"href":"https:\/\/www.brennerbasisdemokratie.eu\/index.php?rest_route=\/wp\/v2\/posts\/14667","targetHints":{"allow":["GET"]}}],"collection":[{"href":"https:\/\/www.brennerbasisdemokratie.eu\/index.php?rest_route=\/wp\/v2\/posts"}],"about":[{"href":"https:\/\/www.brennerbasisdemokratie.eu\/index.php?rest_route=\/wp\/v2\/types\/post"}],"author":[{"embeddable":true,"href":"https:\/\/www.brennerbasisdemokratie.eu\/index.php?rest_route=\/wp\/v2\/users\/1"}],"replies":[{"embeddable":true,"href":"https:\/\/www.brennerbasisdemokratie.eu\/index.php?rest_route=%2Fwp%2Fv2%2Fcomments&post=14667"}],"version-history":[{"count":18,"href":"https:\/\/www.brennerbasisdemokratie.eu\/index.php?rest_route=\/wp\/v2\/posts\/14667\/revisions"}],"predecessor-version":[{"id":70177,"href":"https:\/\/www.brennerbasisdemokratie.eu\/index.php?rest_route=\/wp\/v2\/posts\/14667\/revisions\/70177"}],"wp:attachment":[{"href":"https:\/\/www.brennerbasisdemokratie.eu\/index.php?rest_route=%2Fwp%2Fv2%2Fmedia&parent=14667"}],"wp:term":[{"taxonomy":"category","embeddable":true,"href":"https:\/\/www.brennerbasisdemokratie.eu\/index.php?rest_route=%2Fwp%2Fv2%2Fcategories&post=14667"},{"taxonomy":"post_tag","embeddable":true,"href":"https:\/\/www.brennerbasisdemokratie.eu\/index.php?rest_route=%2Fwp%2Fv2%2Ftags&post=14667"}],"curies":[{"name":"wp","href":"https:\/\/api.w.org\/{rel}","templated":true}]}}