{"id":14767,"date":"2013-04-17T10:09:17","date_gmt":"2013-04-17T08:09:17","guid":{"rendered":"http:\/\/www.brennerbasisdemokratie.eu\/?p=14767"},"modified":"2014-05-31T11:19:29","modified_gmt":"2014-05-31T09:19:29","slug":"robert-menasse-in-bozen","status":"publish","type":"post","link":"https:\/\/www.brennerbasisdemokratie.eu\/?p=14767","title":{"rendered":"Robert Menasse in Bozen."},"content":{"rendered":"<p>Am morgigen Donnerstag liest Robert Menasse in Bozen aus seinem Buch<\/p>\n<p><strong>\u00bbDer europ\u00e4ische Landbote\u00ab<\/strong><\/p>\n<p><strong>Datum:<\/strong> 18.04.13<br \/>\n<strong>Uhrzeit:<\/strong> 18.00 Uhr<br \/>\n<strong>Ort:<\/strong> Capitol 2, Dr.-Streiter-Gasse, Bozen<br \/>\n<strong>Veranstalter:<\/strong> <a title=\"Club Alpbach S\u00fcdtirol.\" href=\"http:\/\/www.alpbach.bz.it\" target=\"_blank\">Club Alpbach S\u00fcdtirol<\/a><\/p>\n<p><img class=\"bbdlogo\" src=\"https:\/\/www.brennerbasisdemokratie.eu\/wp-content\/uploads\/bbdsmileys\/bbde.png\"> hat das engagierte Buch <a title=\"Nachnationale Demokratie.\" href=\"http:\/\/www.brennerbasisdemokratie.eu\/?p=13030\">in einem fr\u00fcheren Beitrag<\/a> gew\u00fcrdigt.<\/p>","protected":false},"excerpt":{"rendered":"<p>Am morgigen Donnerstag liest Robert Menasse in Bozen aus seinem Buch \u00bbDer europ\u00e4ische Landbote\u00ab Datum: 18.04.13 Uhrzeit: 18.00 Uhr Ort: Capitol 2, Dr.-Streiter-Gasse, Bozen Veranstalter: Club Alpbach S\u00fcdtirol hat das engagierte Buch in einem fr\u00fcheren Beitrag gew\u00fcrdigt.<\/p>","protected":false},"author":1,"featured_media":0,"comment_status":"open","ping_status":"open","sticky":false,"template":"","format":"standard","meta":{"_crdt_document":"","ngg_post_thumbnail":0,"_jetpack_memberships_contains_paid_content":false,"footnotes":""},"categories":[],"tags":[],"class_list":["post-14767","post","type-post","status-publish","format-standard","hentry","entity-eu","person-menasse","topic-politik","topic-termin"],"jetpack_featured_media_url":"","jetpack_sharing_enabled":true,"_links":{"self":[{"href":"https:\/\/www.brennerbasisdemokratie.eu\/index.php?rest_route=\/wp\/v2\/posts\/14767","targetHints":{"allow":["GET"]}}],"collection":[{"href":"https:\/\/www.brennerbasisdemokratie.eu\/index.php?rest_route=\/wp\/v2\/posts"}],"about":[{"href":"https:\/\/www.brennerbasisdemokratie.eu\/index.php?rest_route=\/wp\/v2\/types\/post"}],"author":[{"embeddable":true,"href":"https:\/\/www.brennerbasisdemokratie.eu\/index.php?rest_route=\/wp\/v2\/users\/1"}],"replies":[{"embeddable":true,"href":"https:\/\/www.brennerbasisdemokratie.eu\/index.php?rest_route=%2Fwp%2Fv2%2Fcomments&post=14767"}],"version-history":[{"count":12,"href":"https:\/\/www.brennerbasisdemokratie.eu\/index.php?rest_route=\/wp\/v2\/posts\/14767\/revisions"}],"predecessor-version":[{"id":19423,"href":"https:\/\/www.brennerbasisdemokratie.eu\/index.php?rest_route=\/wp\/v2\/posts\/14767\/revisions\/19423"}],"wp:attachment":[{"href":"https:\/\/www.brennerbasisdemokratie.eu\/index.php?rest_route=%2Fwp%2Fv2%2Fmedia&parent=14767"}],"wp:term":[{"taxonomy":"category","embeddable":true,"href":"https:\/\/www.brennerbasisdemokratie.eu\/index.php?rest_route=%2Fwp%2Fv2%2Fcategories&post=14767"},{"taxonomy":"post_tag","embeddable":true,"href":"https:\/\/www.brennerbasisdemokratie.eu\/index.php?rest_route=%2Fwp%2Fv2%2Ftags&post=14767"}],"curies":[{"name":"wp","href":"https:\/\/api.w.org\/{rel}","templated":true}]}}