{"id":15083,"date":"2013-05-17T12:56:21","date_gmt":"2013-05-17T10:56:21","guid":{"rendered":"http:\/\/www.brennerbasisdemokratie.eu\/?p=15083"},"modified":"2026-02-14T16:27:29","modified_gmt":"2026-02-14T15:27:29","slug":"burgerkarte-gerateinstallation-nicht-auf-deutsch","status":"publish","type":"post","link":"https:\/\/www.brennerbasisdemokratie.eu\/?p=15083","title":{"rendered":"B\u00fcrgerkarte: \u203aZweisprachige\u2039 Installation."},"content":{"rendered":"<p>Die S\u00fcdtiroler B\u00fcrgerinnenkarte sollte Synonym f\u00fcr B\u00fcrgern\u00e4he sein&#8230; doch bei der Installation des Ger\u00e4tes darf man nur zwischen den Sprachen Italienisch und Englisch w\u00e4hlen. Nat\u00fcrlich ist das kein schwerwiegendes Manko, da es sich nur um drei Installationsschritte handelt, aber es ist symptomatisch f\u00fcr die mangelnde Sprachsensibilit\u00e4t, die auch beim Land S\u00fcdtirol immer h\u00e4ufiger anzutreffen ist.<\/p>\n<p>Immerhin gibt es eine Installationsanweisung (s\u00e4mtliche Programme beenden) und man muss einem Lizenzvertrag zustimmen, also ein Rechtsgesch\u00e4ft abschlie\u00dfen. Aber schon allein die Tatsache, dass in S\u00fcdtirol die deutsche Sprache h\u00e4ufiger gar nicht zur Auswahl steht, senkt deren W\u00fcrde als gleichberechtigte Amtssprache: Mit welcher Glaubw\u00fcrdigkeit verlangen wir, insbesondere das Land, von anderen, die Minderheitensprachen angemessen zu ber\u00fccksichtigen, wenn wir es nicht einmal selbst tun?<\/p>\n<blockquote><p><img loading=\"lazy\" decoding=\"async\" class=\"aligncenter size-full wp-image-15086\" src=\"http:\/\/www.brennerbasisdemokratie.eu\/wp-content\/uploads\/2013\/05\/installer1.png\" alt=\"Installer 1.\" width=\"311\" height=\"172\" srcset=\"https:\/\/www.brennerbasisdemokratie.eu\/wp-content\/uploads\/2013\/05\/installer1.png 311w, https:\/\/www.brennerbasisdemokratie.eu\/wp-content\/uploads\/2013\/05\/installer1-150x82.png 150w, https:\/\/www.brennerbasisdemokratie.eu\/wp-content\/uploads\/2013\/05\/installer1-300x165.png 300w\" sizes=\"auto, (max-width: 311px) 100vw, 311px\" \/><\/p><\/blockquote>\n<blockquote><p><img loading=\"lazy\" decoding=\"async\" class=\"aligncenter size-full wp-image-15085\" src=\"http:\/\/www.brennerbasisdemokratie.eu\/wp-content\/uploads\/2013\/05\/installer2.png\" alt=\"Installer 2.\" width=\"515\" height=\"401\" srcset=\"https:\/\/www.brennerbasisdemokratie.eu\/wp-content\/uploads\/2013\/05\/installer2.png 515w, https:\/\/www.brennerbasisdemokratie.eu\/wp-content\/uploads\/2013\/05\/installer2-150x116.png 150w, https:\/\/www.brennerbasisdemokratie.eu\/wp-content\/uploads\/2013\/05\/installer2-300x233.png 300w, https:\/\/www.brennerbasisdemokratie.eu\/wp-content\/uploads\/2013\/05\/installer2-385x300.png 385w\" sizes=\"auto, (max-width: 515px) 100vw, 515px\" \/><\/p><\/blockquote>\n<blockquote><p><img loading=\"lazy\" decoding=\"async\" class=\"aligncenter size-full wp-image-15084\" src=\"http:\/\/www.brennerbasisdemokratie.eu\/wp-content\/uploads\/2013\/05\/installer3.png\" alt=\"Installer 3.\" width=\"512\" height=\"398\" srcset=\"https:\/\/www.brennerbasisdemokratie.eu\/wp-content\/uploads\/2013\/05\/installer3.png 512w, https:\/\/www.brennerbasisdemokratie.eu\/wp-content\/uploads\/2013\/05\/installer3-150x116.png 150w, https:\/\/www.brennerbasisdemokratie.eu\/wp-content\/uploads\/2013\/05\/installer3-300x233.png 300w, https:\/\/www.brennerbasisdemokratie.eu\/wp-content\/uploads\/2013\/05\/installer3-385x300.png 385w\" sizes=\"auto, (max-width: 512px) 100vw, 512px\" \/><\/p><\/blockquote>\n<p><strong><span style=\"font-family: Helvetica, Arial, sans-serif; text-transform: uppercase;\">C\u00ebla enghe:<\/span><\/strong> <a title=\"Cumpedada \u00b7 Volksz\u00e4hlung \u00b7 Censimento.\" href=\"http:\/\/www.brennerbasisdemokratie.eu\/?p=9097\"><code>01<\/code><\/a> <span style=\"font-family: Helvetica, Arial, sans-serif; font-weight: normal;\">||<\/span> <a title=\"Auch die digitale Unterschrift ist einsprachig.\" href=\"https:\/\/www.brennerbasisdemokratie.eu\/?p=43059\"><span style=\"color: #ff8c00\"><code>01<\/code><\/span><\/a> <a title=\"Digitalianisierung \u2013 Digitalianizzazione.\" href=\"https:\/\/www.brennerbasisdemokratie.eu\/?p=69693\"><span style=\"color: #ff8c00\"><code>02<\/code><\/span><\/a> <a title=\"Digitale Dokumente\u2026 guess what?\" href=\"https:\/\/www.brennerbasisdemokratie.eu\/?p=89427\"><span style=\"color: #ff8c00\"><code>03<\/code><\/span><\/a><\/p>","protected":false},"excerpt":{"rendered":"<p>Die S\u00fcdtiroler B\u00fcrgerinnenkarte sollte Synonym f\u00fcr B\u00fcrgern\u00e4he sein&#8230; doch bei der Installation des Ger\u00e4tes darf man nur zwischen den Sprachen Italienisch und Englisch w\u00e4hlen. Nat\u00fcrlich ist das kein schwerwiegendes Manko, da es sich nur um drei Installationsschritte handelt, aber es ist symptomatisch f\u00fcr die mangelnde Sprachsensibilit\u00e4t, die auch beim Land S\u00fcdtirol immer h\u00e4ufiger anzutreffen ist. [&hellip;]<\/p>","protected":false},"author":1,"featured_media":0,"comment_status":"open","ping_status":"open","sticky":false,"template":"","format":"standard","meta":{"_crdt_document":"","ngg_post_thumbnail":0,"_jetpack_memberships_contains_paid_content":false,"footnotes":""},"categories":[1],"tags":[],"class_list":["post-15083","post","type-post","status-publish","format-standard","hentry","category-allgemein","entity-land-sudtirol","issue-bilinguismo-negato","issue-italianizzazione","location-sudtirolo","language-deutsch","topic-minorisaziun","topic-plurilinguism","topic-recht","topic-servicepublic","topic-sprachpfusch","topic-tech_com","topic-vorzeigeautonomie"],"jetpack_featured_media_url":"","jetpack_sharing_enabled":true,"_links":{"self":[{"href":"https:\/\/www.brennerbasisdemokratie.eu\/index.php?rest_route=\/wp\/v2\/posts\/15083","targetHints":{"allow":["GET"]}}],"collection":[{"href":"https:\/\/www.brennerbasisdemokratie.eu\/index.php?rest_route=\/wp\/v2\/posts"}],"about":[{"href":"https:\/\/www.brennerbasisdemokratie.eu\/index.php?rest_route=\/wp\/v2\/types\/post"}],"author":[{"embeddable":true,"href":"https:\/\/www.brennerbasisdemokratie.eu\/index.php?rest_route=\/wp\/v2\/users\/1"}],"replies":[{"embeddable":true,"href":"https:\/\/www.brennerbasisdemokratie.eu\/index.php?rest_route=%2Fwp%2Fv2%2Fcomments&post=15083"}],"version-history":[{"count":18,"href":"https:\/\/www.brennerbasisdemokratie.eu\/index.php?rest_route=\/wp\/v2\/posts\/15083\/revisions"}],"predecessor-version":[{"id":98133,"href":"https:\/\/www.brennerbasisdemokratie.eu\/index.php?rest_route=\/wp\/v2\/posts\/15083\/revisions\/98133"}],"wp:attachment":[{"href":"https:\/\/www.brennerbasisdemokratie.eu\/index.php?rest_route=%2Fwp%2Fv2%2Fmedia&parent=15083"}],"wp:term":[{"taxonomy":"category","embeddable":true,"href":"https:\/\/www.brennerbasisdemokratie.eu\/index.php?rest_route=%2Fwp%2Fv2%2Fcategories&post=15083"},{"taxonomy":"post_tag","embeddable":true,"href":"https:\/\/www.brennerbasisdemokratie.eu\/index.php?rest_route=%2Fwp%2Fv2%2Ftags&post=15083"}],"curies":[{"name":"wp","href":"https:\/\/api.w.org\/{rel}","templated":true}]}}