{"id":15160,"date":"2013-05-21T14:06:18","date_gmt":"2013-05-21T12:06:18","guid":{"rendered":"http:\/\/www.brennerbasisdemokratie.eu\/?p=15160"},"modified":"2021-06-10T16:47:14","modified_gmt":"2021-06-10T14:47:14","slug":"gesamtwipptaler-milch","status":"publish","type":"post","link":"https:\/\/www.brennerbasisdemokratie.eu\/?p=15160","title":{"rendered":"Gesamtwipptaler Milch."},"content":{"rendered":"<p>Im Wipptal n\u00f6rdlich und s\u00fcdlich des Brennerpasses k\u00f6nnte enger zusammenwachsen, was zusammengeh\u00f6rt. Wie die <em>Tiroler Tageszeitung<\/em> berichtet, \u00fcberlegen die Bauern des n\u00f6rdlichen Talabschnitts sowie des Stubai seit geraumer Zeit, ihre Milch nicht weiter der <em>TirolMilch,<\/em> sondern in Hinkunft dem Milchhof Sterzing zu liefern. Au\u00dfer auf die geographische N\u00e4he sei dieses Ansinnen, das m\u00f6glicherweise kurz vor seiner Konkretisierung steht, auch auf den h\u00f6heren Literpreis zur\u00fcckzuf\u00fchren, der im s\u00fcdlichen Tirol bezahlt wird. Sowohl in Nord-, als auch in S\u00fcdtirol werde die Zusammenarbeit positiv bewertet, den Sterzingern w\u00fcrde die zus\u00e4tzliche Milch gut in&#8217;s Konzept passen.<\/p>\n<p><strong>Nachtrag:<\/strong> Laut <em>Salto.bz<\/em> k\u00f6nnte die Nordtiroler Milch zu Schwierigkeiten bei der Verwendung des S\u00fcdtirol-Qualit\u00e4tszeichens f\u00fchren. An einer L\u00f6sung werde gearbeitet. Ob es zu einer Euregio-Marke kommt?<\/p>\n<p><strong><span style=\"font-family: Helvetica, Arial, sans-serif; text-transform: uppercase;\">C\u00ebla enghe:<\/span><\/strong> <a title=\"Wipptaler Milch wird dort verarbeitet.\" href=\"http:\/\/www.brennerbasisdemokratie.eu\/?p=18662\"><span style=\"color: #ff8c00\"><code>01<\/code><\/span><\/a><\/p>","protected":false},"excerpt":{"rendered":"<p>Im Wipptal n\u00f6rdlich und s\u00fcdlich des Brennerpasses k\u00f6nnte enger zusammenwachsen, was zusammengeh\u00f6rt. Wie die Tiroler Tageszeitung berichtet, \u00fcberlegen die Bauern des n\u00f6rdlichen Talabschnitts sowie des Stubai seit geraumer Zeit, ihre Milch nicht weiter der TirolMilch, sondern in Hinkunft dem Milchhof Sterzing zu liefern. Au\u00dfer auf die geographische N\u00e4he sei dieses Ansinnen, das m\u00f6glicherweise kurz vor [&hellip;]<\/p>","protected":false},"author":1,"featured_media":0,"comment_status":"open","ping_status":"open","sticky":false,"template":"","format":"standard","meta":{"_crdt_document":"","ngg_post_thumbnail":0,"_jetpack_memberships_contains_paid_content":false,"footnotes":""},"categories":[1],"tags":[],"class_list":["post-15160","post","type-post","status-publish","format-standard","hentry","category-allgemein","entity-euregio","issue-good-news","location-nord-osttirol","location-sudtirolo","location-tirol","language-deutsch","medium-salto","medium-tt","topic-grenzen","topic-landwirtschaft","topic-medien"],"jetpack_featured_media_url":"","jetpack_sharing_enabled":true,"_links":{"self":[{"href":"https:\/\/www.brennerbasisdemokratie.eu\/index.php?rest_route=\/wp\/v2\/posts\/15160","targetHints":{"allow":["GET"]}}],"collection":[{"href":"https:\/\/www.brennerbasisdemokratie.eu\/index.php?rest_route=\/wp\/v2\/posts"}],"about":[{"href":"https:\/\/www.brennerbasisdemokratie.eu\/index.php?rest_route=\/wp\/v2\/types\/post"}],"author":[{"embeddable":true,"href":"https:\/\/www.brennerbasisdemokratie.eu\/index.php?rest_route=\/wp\/v2\/users\/1"}],"replies":[{"embeddable":true,"href":"https:\/\/www.brennerbasisdemokratie.eu\/index.php?rest_route=%2Fwp%2Fv2%2Fcomments&post=15160"}],"version-history":[{"count":5,"href":"https:\/\/www.brennerbasisdemokratie.eu\/index.php?rest_route=\/wp\/v2\/posts\/15160\/revisions"}],"predecessor-version":[{"id":66213,"href":"https:\/\/www.brennerbasisdemokratie.eu\/index.php?rest_route=\/wp\/v2\/posts\/15160\/revisions\/66213"}],"wp:attachment":[{"href":"https:\/\/www.brennerbasisdemokratie.eu\/index.php?rest_route=%2Fwp%2Fv2%2Fmedia&parent=15160"}],"wp:term":[{"taxonomy":"category","embeddable":true,"href":"https:\/\/www.brennerbasisdemokratie.eu\/index.php?rest_route=%2Fwp%2Fv2%2Fcategories&post=15160"},{"taxonomy":"post_tag","embeddable":true,"href":"https:\/\/www.brennerbasisdemokratie.eu\/index.php?rest_route=%2Fwp%2Fv2%2Ftags&post=15160"}],"curies":[{"name":"wp","href":"https:\/\/api.w.org\/{rel}","templated":true}]}}