{"id":15389,"date":"2013-06-07T20:12:27","date_gmt":"2013-06-07T18:12:27","guid":{"rendered":"http:\/\/www.brennerbasisdemokratie.eu\/?p=15389"},"modified":"2020-07-09T17:30:56","modified_gmt":"2020-07-09T15:30:56","slug":"widmanns-blosstellung","status":"publish","type":"post","link":"https:\/\/www.brennerbasisdemokratie.eu\/?p=15389","title":{"rendered":"Widmanns Blo\u00dfstellung."},"content":{"rendered":"<p>W\u00e4hrend einer Debatte im Landtag hatte Mobilit\u00e4tslandesrat Thomas Widmann vorgestern <a title=\"Landtag: Flughafen et al.\" href=\"http:\/\/www.landtag-bz.org\/de\/aktuelles\/pm-landtag-aktuell.asp?aktuelles_action=4&amp;aktuelles_article_id=427596\" target=\"_blank\" rel=\"noopener noreferrer\">behauptet<\/a>, der Flughafen Innsbruck sei an seiner Obergrenze angelangt und wolle deshalb nach Bozen expandieren. Vom Tagblatt <em>Dolomiten<\/em> befragt, <a title=\"S\u00fcdtirol News: Flughafen Innsbruck: Keine Expansionspl\u00e4ne.\" href=\"http:\/\/www.suedtirolnews.it\/d\/artikel\/2013\/06\/07\/flughafen-innsbruck-keine-expansionsplaene.html\" target=\"_blank\" rel=\"noopener noreferrer\">dementierte<\/a> der Direktor des Nordtiroler Flughafenbetreibers, Reinhold Falch, jedoch derartige Absichten.<\/p>\n<p>Zwei Dinge verdeutlicht dieser Vorgang einmal mehr:<\/p>\n<ol>\n<li>Dass Vertreter der Mehrheitspartei offenbar \u2014 selbst im Landesparlament \u2014 nicht mehr davor zur\u00fcckschrecken, anderen Parteien und den B\u00fcrgern L\u00fcgen aufzutischen. Die Grundregeln des politischen Anstands scheinen in der Mehrheitspartei seit einiger Zeit nicht mehr zu gelten.<\/li>\n<li>Wie inhaltsleer die Europaregion Tirol (und wie unerw\u00fcnscht eine engere Zusammenarbeit innerhalb ihres Rahmens) ist, hatte Widmann doch die angeblich geplante Expansion der Innsbrucker nach Bozen als zu verhinderndes \u00dcbel dargestellt, um zu rechtfertigen, dass das Land S\u00fcdtirol selbst den Flughafen betreiben muss.<\/li>\n<\/ol>\n<p>Ad 1.: Leider ist es nicht immer so leicht, wie in diesem Fall, die vors\u00e4tzliche W\u00e4hlert\u00e4uschung aufzudecken \u2014 etwa, wenn uns wieder einmal weisgemacht werden soll, dass die Autonomie um gro\u00dfartige Errungenschaften erweitert werden konnte. Dann gibt es leider niemanden, der dementiert, und die Medien nehmen leider ihre Kontrollfunktion meist nicht so ernst, dass sie die Fakten recherchierten.<\/p>\n<p>Ad 2.: Eigentlich sollte es doch sein, dass das Land die Regeln f\u00fcr den Flugplatz aufstellt und nicht selbst Betreiber spielen muss, um mitreden zu d\u00fcrfen. Leider hat aber nicht Bozen, sondern Rom das Sagen, weshalb das Land nur \u00fcber diesen (teuren) Umweg auch ein wenig mitgestalten kann. Dies g\u00e4lte es zu beanstanden und nicht die erfundene Tatsache, dass der Flughafen Innsbruck Interesse an Bozen zeigt.<\/p>","protected":false},"excerpt":{"rendered":"<p>W\u00e4hrend einer Debatte im Landtag hatte Mobilit\u00e4tslandesrat Thomas Widmann vorgestern behauptet, der Flughafen Innsbruck sei an seiner Obergrenze angelangt und wolle deshalb nach Bozen expandieren. Vom Tagblatt Dolomiten befragt, dementierte der Direktor des Nordtiroler Flughafenbetreibers, Reinhold Falch, jedoch derartige Absichten. Zwei Dinge verdeutlicht dieser Vorgang einmal mehr: Dass Vertreter der Mehrheitspartei offenbar \u2014 selbst im [&hellip;]<\/p>","protected":false},"author":1,"featured_media":0,"comment_status":"open","ping_status":"open","sticky":false,"template":"","format":"standard","meta":{"_crdt_document":"","ngg_post_thumbnail":0,"_jetpack_memberships_contains_paid_content":false,"footnotes":""},"categories":[1],"tags":[],"class_list":["post-15389","post","type-post","status-publish","format-standard","hentry","category-allgemein","entity-euregio","entity-sudtiroler-landtag","entity-svp","location-nord-osttirol","location-sudtirolo","language-deutsch","medium-dolo","person-thomas-widmann","topic-faktencheck","topic-medien","topic-mobilitaet"],"jetpack_featured_media_url":"","jetpack_sharing_enabled":true,"_links":{"self":[{"href":"https:\/\/www.brennerbasisdemokratie.eu\/index.php?rest_route=\/wp\/v2\/posts\/15389","targetHints":{"allow":["GET"]}}],"collection":[{"href":"https:\/\/www.brennerbasisdemokratie.eu\/index.php?rest_route=\/wp\/v2\/posts"}],"about":[{"href":"https:\/\/www.brennerbasisdemokratie.eu\/index.php?rest_route=\/wp\/v2\/types\/post"}],"author":[{"embeddable":true,"href":"https:\/\/www.brennerbasisdemokratie.eu\/index.php?rest_route=\/wp\/v2\/users\/1"}],"replies":[{"embeddable":true,"href":"https:\/\/www.brennerbasisdemokratie.eu\/index.php?rest_route=%2Fwp%2Fv2%2Fcomments&post=15389"}],"version-history":[{"count":10,"href":"https:\/\/www.brennerbasisdemokratie.eu\/index.php?rest_route=\/wp\/v2\/posts\/15389\/revisions"}],"predecessor-version":[{"id":54372,"href":"https:\/\/www.brennerbasisdemokratie.eu\/index.php?rest_route=\/wp\/v2\/posts\/15389\/revisions\/54372"}],"wp:attachment":[{"href":"https:\/\/www.brennerbasisdemokratie.eu\/index.php?rest_route=%2Fwp%2Fv2%2Fmedia&parent=15389"}],"wp:term":[{"taxonomy":"category","embeddable":true,"href":"https:\/\/www.brennerbasisdemokratie.eu\/index.php?rest_route=%2Fwp%2Fv2%2Fcategories&post=15389"},{"taxonomy":"post_tag","embeddable":true,"href":"https:\/\/www.brennerbasisdemokratie.eu\/index.php?rest_route=%2Fwp%2Fv2%2Ftags&post=15389"}],"curies":[{"name":"wp","href":"https:\/\/api.w.org\/{rel}","templated":true}]}}