{"id":15638,"date":"2013-06-20T12:17:32","date_gmt":"2013-06-20T10:17:32","guid":{"rendered":"http:\/\/www.brennerbasisdemokratie.eu\/?p=15638"},"modified":"2026-02-14T16:26:38","modified_gmt":"2026-02-14T15:26:38","slug":"staatssprachige-gemeinden","status":"publish","type":"post","link":"https:\/\/www.brennerbasisdemokratie.eu\/?p=15638","title":{"rendered":"\u203aStaatssprachige\u2039 Gemeinden."},"content":{"rendered":"<p style=\"text-align: left;\">Immer mehr mehrheitlich \u00bbdeutschsprachige\u00ab (und <abbr title=\"S\u00fcdtiroler Volkspartei\">SVP<\/abbr>-gef\u00fchrte) Gemeinden und Bezirke in S\u00fcdtirol verabschieden sich in zentralen und \u00f6ffentlichkeitswirksamen Bereichen wie der Abfallbewirtschaftung von der fl\u00e4chendeckenden, gesetzlichen Mehrsprachigkeit \u2014 zugunsten der staatlichen <em>lingua franca.<\/em> Hier am Beispiel mehrerer Gemeinden im Eisacktal:<\/p>\n<blockquote><p><img loading=\"lazy\" decoding=\"async\" class=\"aligncenter size-full wp-image-15639\" src=\"http:\/\/www.brennerbasisdemokratie.eu\/wp-content\/uploads\/2013\/06\/sammelglocken.jpg\" alt=\"Abfallsammelglocken.\" width=\"600\" height=\"850\" srcset=\"https:\/\/www.brennerbasisdemokratie.eu\/wp-content\/uploads\/2013\/06\/sammelglocken.jpg 600w, https:\/\/www.brennerbasisdemokratie.eu\/wp-content\/uploads\/2013\/06\/sammelglocken-105x150.jpg 105w, https:\/\/www.brennerbasisdemokratie.eu\/wp-content\/uploads\/2013\/06\/sammelglocken-211x300.jpg 211w\" sizes=\"auto, (max-width: 600px) 100vw, 600px\" \/><\/p><\/blockquote>\n<p>Eine analoge Situation ist etwa in Gossensa\u00df (Bezirk Wipptal) zu verzeichnen.<\/p>\n<p><strong><span style=\"font-family: Helvetica, Arial, sans-serif; text-transform: uppercase;\">C\u00ebla enghe:<\/span><\/strong> <a title=\"Zweisprachig, zweinamig, zwei Akte.\" href=\"http:\/\/www.brennerbasisdemokratie.eu\/?p=50457\"><span style=\"color: #ff8c00\"><code>01<\/code><\/span><\/a> <a title=\"Brixen: Easy parken in der via Brennero.\" href=\"http:\/\/www.brennerbasisdemokratie.eu\/?p=53989\"><span style=\"color: #ff8c00\"><code>02<\/code><\/span><\/a><\/p>","protected":false},"excerpt":{"rendered":"<p>Immer mehr mehrheitlich \u00bbdeutschsprachige\u00ab (und SVP-gef\u00fchrte) Gemeinden und Bezirke in S\u00fcdtirol verabschieden sich in zentralen und \u00f6ffentlichkeitswirksamen Bereichen wie der Abfallbewirtschaftung von der fl\u00e4chendeckenden, gesetzlichen Mehrsprachigkeit \u2014 zugunsten der staatlichen lingua franca. Hier am Beispiel mehrerer Gemeinden im Eisacktal: Eine analoge Situation ist etwa in Gossensa\u00df (Bezirk Wipptal) zu verzeichnen. C\u00ebla enghe: 01 02<\/p>","protected":false},"author":1,"featured_media":0,"comment_status":"open","ping_status":"open","sticky":false,"template":"","format":"standard","meta":{"_crdt_document":"","ngg_post_thumbnail":0,"_jetpack_memberships_contains_paid_content":false,"footnotes":""},"categories":[1],"tags":[],"class_list":["post-15638","post","type-post","status-publish","format-standard","hentry","category-allgemein","entity-svp","issue-bilinguismo-negato","issue-italianizzazione","location-sudtirolo","language-deutsch","topic-minorisaziun","topic-plurilinguism","topic-recherche","topic-servicepublic","topic-sprachpfusch","topic-vorzeigeautonomie"],"jetpack_featured_media_url":"","jetpack_sharing_enabled":true,"_links":{"self":[{"href":"https:\/\/www.brennerbasisdemokratie.eu\/index.php?rest_route=\/wp\/v2\/posts\/15638","targetHints":{"allow":["GET"]}}],"collection":[{"href":"https:\/\/www.brennerbasisdemokratie.eu\/index.php?rest_route=\/wp\/v2\/posts"}],"about":[{"href":"https:\/\/www.brennerbasisdemokratie.eu\/index.php?rest_route=\/wp\/v2\/types\/post"}],"author":[{"embeddable":true,"href":"https:\/\/www.brennerbasisdemokratie.eu\/index.php?rest_route=\/wp\/v2\/users\/1"}],"replies":[{"embeddable":true,"href":"https:\/\/www.brennerbasisdemokratie.eu\/index.php?rest_route=%2Fwp%2Fv2%2Fcomments&post=15638"}],"version-history":[{"count":10,"href":"https:\/\/www.brennerbasisdemokratie.eu\/index.php?rest_route=\/wp\/v2\/posts\/15638\/revisions"}],"predecessor-version":[{"id":98132,"href":"https:\/\/www.brennerbasisdemokratie.eu\/index.php?rest_route=\/wp\/v2\/posts\/15638\/revisions\/98132"}],"wp:attachment":[{"href":"https:\/\/www.brennerbasisdemokratie.eu\/index.php?rest_route=%2Fwp%2Fv2%2Fmedia&parent=15638"}],"wp:term":[{"taxonomy":"category","embeddable":true,"href":"https:\/\/www.brennerbasisdemokratie.eu\/index.php?rest_route=%2Fwp%2Fv2%2Fcategories&post=15638"},{"taxonomy":"post_tag","embeddable":true,"href":"https:\/\/www.brennerbasisdemokratie.eu\/index.php?rest_route=%2Fwp%2Fv2%2Ftags&post=15638"}],"curies":[{"name":"wp","href":"https:\/\/api.w.org\/{rel}","templated":true}]}}