{"id":15717,"date":"2013-06-26T19:54:20","date_gmt":"2013-06-26T17:54:20","guid":{"rendered":"http:\/\/www.brennerbasisdemokratie.eu\/?p=15717"},"modified":"2026-02-02T09:38:45","modified_gmt":"2026-02-02T08:38:45","slug":"am-gipfel-der-geschmacklosigkeit","status":"publish","type":"post","link":"https:\/\/www.brennerbasisdemokratie.eu\/?p=15717","title":{"rendered":"Am Gipfel der Geschmacklosigkeit."},"content":{"rendered":"<p>Vor wenigen Tagen ereigneten sich im Ortlermassiv unmittelbar hintereinander und beinahe an gleicher Stelle zwei tragische Bergungl\u00fccke, bei denen insgesamt sechs Menschen ihr Leben verloren. Die Zeitung <em>A. Adige<\/em> <a href=\"http:\/\/altoadige.gelocal.it\/cronaca\/2013\/06\/23\/news\/solda-sei-morti-in-un-giorno-sul-gran-zebru-1.7307881\" target=\"_blank\" rel=\"noopener noreferrer\">berichtete<\/a> in ihrer Internetausgabe ausf\u00fchrlich \u00fcber das Schicksal der zwei Dreierseilschaften aus Parma\/Novara sowie aus Sterzing\/Ridnaun.<\/p>\n<p>Zwischen den zahlreichen Beileidsbekundungen im Kommentarbereich des Artikels sticht ein Kommentar besonders hervor. Und zwar jener des Bozner Sch\u00fctzenhauptmanns Arthur Bacher, der schreibt: \u00bbDieser Berg heist [sic] \u201cdie K\u00f6nigspitze\u201d und nicht la cima del re oppure gran zebru [sic]. Danke\u00ab<br \/>\nWenige Minuten sp\u00e4ter kommentiert auch der Obmann des Heimatbundes und Landtagskandidat der S\u00fcd-Tiroler Freiheit, Roland Lang, den Eintrag und gibt Bacher auch noch Recht: \u00bbGut gemacht Arthur. Sehr richtig!\u00ab<\/p>\n<p>Kein Wort des Mitgef\u00fchls, kein Wort des Bedauerns. Stattdessen eine unappetitliche Piet\u00e4tlosigkeit, die noch dazu auch inhaltlich v\u00f6llig daneben ist, wenn wir das sprachliche Misch-Masch richtig interpretieren.<\/p>\n<p>Die K\u00f6nigspitze befindet sich an einer Sprachgrenze und trennt das mehrheitlich deutschsprachige Suldental (S\u00fcdtirol) vom italienischen Val Zebr\u00f9 (Lombardei). Es ist v\u00f6llig normal, dass derartige Berge von der jeweiligen Seite her unterschiedlich benannt werden und hat nichts mit \u00bbfaschistischer Landnahme\u00ab \u00e0&nbsp; la Tolomei zu tun; so wie zum Beispiel der uns als <em>Mt. Everest<\/em> bekannte Berg im Himalaya auf nepalesischer Seite \u00bbSagarmatha\u00ab und auf tibetischer Seite \u00bbQomolangma\u00ab genannt wird. Beides sind legitime endonyme Bezeichnungen. Die einzig exonyme \u00bbErfindung\u00ab ist Mt. Everest.<\/p>\n<blockquote><p><img decoding=\"async\" class=\"size-full aligncenter\" src=\"http:\/\/www.brennerbasisdemokratie.eu\/wp-content\/uploads\/2013\/06\/20130626-195622.jpg\" alt=\"20130626-195622.jpg\"\/><\/p><\/blockquote>\n<p>Ob sich K\u00f6nigspitze und Gran Zebr\u00f9 auf denselben sagenumwobenen mittelalterlichen Feudalritter Johannes Zebrusius beziehen, oder ob die K\u00f6nigspitze ihren Namen ihrem m\u00e4chtigen Erscheinungsbild sowie ihrer Position an der Grenze zum ehemaligen K\u00f6nigreich Lombardei verdankt und sich Zebr\u00f9 doch aus dem lombardischen bzw. vom vorr\u00f6mischen \u00bbGimberu\u00ab (dt. Zirbelkiefer) oder gar dem keltischen \u00bbse\u00ab (dt. Geist) und \u00bbbru\u00ab (dt. Burg) ableitet ist zweitrangig und v\u00f6llig irrelevant.<\/p>\n<p>Ob ihres Fanatismus und ihrer Undifferenziertheit haben Bacher und Lang n\u00e4mlich jegliches Augenma\u00df dar\u00fcber verloren, was es hei\u00dft, ein Kind der Berge zu sein. \u00dcber Tugenden wie Respekt, Moral und Aufrichtigkeit \u2014 die sie nicht selten als urtypisch tirolerisch einfordern \u2014 scheinen sie selbst nicht zu verf\u00fcgen.<\/p>\n<p>Dass die beiden mit ihren abstrusen Kommentaren der Forderung nach einer stimmigen L\u00f6sung in der Toponomastikfrage \u2014 in diesem Zusammenhang so nebens\u00e4chlich, dass es nebens\u00e4chlicher nicht mehr geht! \u2014 sogar noch einen B\u00e4rendienst erweisen, sei nur der Vollst\u00e4ndigkeit halber erw\u00e4hnt: Der (mehrheitlich italienischsprachigen) Leserschaft best\u00e4tigen sie n\u00e4mlich das Stereotyp des fanatischen und nicht differenzierenden \u00bbAlpenguerillero\u00ab, dem es nur darum geht, alles Italienische gnadenlos zu bek\u00e4mpfen. Sie zeigen sich sogar so piet\u00e4tlos, Momente der Trauer f\u00fcr ihre Kampagne zu missbrauchen.<\/p>\n<p>Uns bleibt nur noch all jenen unser Mitgef\u00fchl auszudr\u00fccken, die an diesem Tag liebgewonnene Menschen verloren haben.<\/p>","protected":false},"excerpt":{"rendered":"<p>Vor wenigen Tagen ereigneten sich im Ortlermassiv unmittelbar hintereinander und beinahe an gleicher Stelle zwei tragische Bergungl\u00fccke, bei denen insgesamt sechs Menschen ihr Leben verloren. Die Zeitung A. Adige berichtete in ihrer Internetausgabe ausf\u00fchrlich \u00fcber das Schicksal der zwei Dreierseilschaften aus Parma\/Novara sowie aus Sterzing\/Ridnaun. Zwischen den zahlreichen Beileidsbekundungen im Kommentarbereich des Artikels sticht ein [&hellip;]<\/p>","protected":false},"author":10,"featured_media":0,"comment_status":"open","ping_status":"open","sticky":false,"template":"","format":"standard","meta":{"_crdt_document":"","ngg_post_thumbnail":0,"_jetpack_memberships_contains_paid_content":false,"footnotes":""},"categories":[1],"tags":[],"class_list":["post-15717","post","type-post","status-publish","format-standard","hentry","category-allgemein","entity-stf","location-sudtirolo","language-deutsch","medium-aa","topic-medien","topic-ortsnamen","topic-politik","topic-solidariete"],"jetpack_featured_media_url":"","jetpack_sharing_enabled":true,"_links":{"self":[{"href":"https:\/\/www.brennerbasisdemokratie.eu\/index.php?rest_route=\/wp\/v2\/posts\/15717","targetHints":{"allow":["GET"]}}],"collection":[{"href":"https:\/\/www.brennerbasisdemokratie.eu\/index.php?rest_route=\/wp\/v2\/posts"}],"about":[{"href":"https:\/\/www.brennerbasisdemokratie.eu\/index.php?rest_route=\/wp\/v2\/types\/post"}],"author":[{"embeddable":true,"href":"https:\/\/www.brennerbasisdemokratie.eu\/index.php?rest_route=\/wp\/v2\/users\/10"}],"replies":[{"embeddable":true,"href":"https:\/\/www.brennerbasisdemokratie.eu\/index.php?rest_route=%2Fwp%2Fv2%2Fcomments&post=15717"}],"version-history":[{"count":8,"href":"https:\/\/www.brennerbasisdemokratie.eu\/index.php?rest_route=\/wp\/v2\/posts\/15717\/revisions"}],"predecessor-version":[{"id":59244,"href":"https:\/\/www.brennerbasisdemokratie.eu\/index.php?rest_route=\/wp\/v2\/posts\/15717\/revisions\/59244"}],"wp:attachment":[{"href":"https:\/\/www.brennerbasisdemokratie.eu\/index.php?rest_route=%2Fwp%2Fv2%2Fmedia&parent=15717"}],"wp:term":[{"taxonomy":"category","embeddable":true,"href":"https:\/\/www.brennerbasisdemokratie.eu\/index.php?rest_route=%2Fwp%2Fv2%2Fcategories&post=15717"},{"taxonomy":"post_tag","embeddable":true,"href":"https:\/\/www.brennerbasisdemokratie.eu\/index.php?rest_route=%2Fwp%2Fv2%2Ftags&post=15717"}],"curies":[{"name":"wp","href":"https:\/\/api.w.org\/{rel}","templated":true}]}}