{"id":15895,"date":"2013-07-05T15:09:58","date_gmt":"2013-07-05T13:09:58","guid":{"rendered":"http:\/\/www.brennerbasisdemokratie.eu\/?p=15895"},"modified":"2026-02-03T11:49:53","modified_gmt":"2026-02-03T10:49:53","slug":"trotz-pd-bezirksgerichte-weg","status":"publish","type":"post","link":"https:\/\/www.brennerbasisdemokratie.eu\/?p=15895","title":{"rendered":"Trotz PD: Bezirksgerichte weg."},"content":{"rendered":"<p>Obwohl die <abbr title=\"S\u00fcdtiroler Volkspartei\">SVP<\/abbr> ein Wahlabkommen mit der <em>Demokratischen Partei<\/em> (PD) geschlossen hatte, das eine autonomiefreundliche Politik gew\u00e4hrleisten sollte, wird die von Mario Monti beschlossene <a title=\"J\u00fcngstes Ger\u00fccht.\" href=\"http:\/\/www.brennerbasisdemokratie.eu\/?p=11690\">Schlie\u00dfung<\/a> s\u00e4mtlicher S\u00fcdtiroler Beziksgerichte voraussichtlich unver\u00e4ndert umgesetzt. Dies berichtet die TAZ in ihrer heutigen Ausgabe.<\/p>\n<p>Mit Sparma\u00dfnahmen kann diese Sch\u00e4digung unseres bereits schlecht funktionierenden Justizsystems nur bedingt begr\u00fcndet werden: S\u00fcdtirol und das Trentino hatten Rom n\u00e4mlich angeboten, den Fortbestand der Au\u00dfenstellen selbst zu finanzieren.<\/p>\n<p>Die SVP-Vertreter in Rom beklagen laut <abbr title=\"Tageszeitung\">TAZ<\/abbr> die Verz\u00f6gerungstaktik der Regierung, welche darauf abzielt, Tatsachen zu schaffen: Seien die Gerichte erst einmal geschlossen, w\u00e4re eine Wiederer\u00f6ffnung wohl undenkbar.<\/p>\n<p>Auch mit den \u00bbFreunden\u00ab des PD schreitet der Abbau wesentlicher Strukturen in unserem Land fort. Stellt sich die Frage, mit wem die SVP dann wohl die Umsetzung der sogenannten <a title=\"Mars-Autonomie.\" href=\"http:\/\/www.brennerbasisdemokratie.eu\/?p=9025\">\u00bbVollautonomie\u00ab<\/a> plant, deren Bestandteil auch die \u00dcbernahme von administrativen Zust\u00e4ndigkeiten im Justizbereich w\u00e4re. Gerade in diesem Bereich m\u00fcssen wir stattdessen wieder einmal tatenlos zusehen, wie in Rom \u00fcber unsere K\u00f6pfe hinweg gegen unsere Interessen enschieden wird.<\/p>","protected":false},"excerpt":{"rendered":"<p>Obwohl die SVP ein Wahlabkommen mit der Demokratischen Partei (PD) geschlossen hatte, das eine autonomiefreundliche Politik gew\u00e4hrleisten sollte, wird die von Mario Monti beschlossene Schlie\u00dfung s\u00e4mtlicher S\u00fcdtiroler Beziksgerichte voraussichtlich unver\u00e4ndert umgesetzt. Dies berichtet die TAZ in ihrer heutigen Ausgabe. Mit Sparma\u00dfnahmen kann diese Sch\u00e4digung unseres bereits schlecht funktionierenden Justizsystems nur bedingt begr\u00fcndet werden: S\u00fcdtirol und [&hellip;]<\/p>","protected":false},"author":1,"featured_media":0,"comment_status":"open","ping_status":"open","sticky":false,"template":"","format":"standard","meta":{"_crdt_document":"","ngg_post_thumbnail":0,"_jetpack_memberships_contains_paid_content":false,"footnotes":""},"categories":[1],"tags":[],"class_list":["post-15895","post","type-post","status-publish","format-standard","hentry","category-allgemein","entity-pd","entity-svp","location-sudtirolo","language-deutsch","medium-taz","person-mario-monti","topic-autonomieverlust","topic-justiz","topic-medien","topic-servicepublic","topic-staatland","topic-vorzeigeautonomie","topic-zentralismus"],"jetpack_featured_media_url":"","jetpack_sharing_enabled":true,"_links":{"self":[{"href":"https:\/\/www.brennerbasisdemokratie.eu\/index.php?rest_route=\/wp\/v2\/posts\/15895","targetHints":{"allow":["GET"]}}],"collection":[{"href":"https:\/\/www.brennerbasisdemokratie.eu\/index.php?rest_route=\/wp\/v2\/posts"}],"about":[{"href":"https:\/\/www.brennerbasisdemokratie.eu\/index.php?rest_route=\/wp\/v2\/types\/post"}],"author":[{"embeddable":true,"href":"https:\/\/www.brennerbasisdemokratie.eu\/index.php?rest_route=\/wp\/v2\/users\/1"}],"replies":[{"embeddable":true,"href":"https:\/\/www.brennerbasisdemokratie.eu\/index.php?rest_route=%2Fwp%2Fv2%2Fcomments&post=15895"}],"version-history":[{"count":7,"href":"https:\/\/www.brennerbasisdemokratie.eu\/index.php?rest_route=\/wp\/v2\/posts\/15895\/revisions"}],"predecessor-version":[{"id":60543,"href":"https:\/\/www.brennerbasisdemokratie.eu\/index.php?rest_route=\/wp\/v2\/posts\/15895\/revisions\/60543"}],"wp:attachment":[{"href":"https:\/\/www.brennerbasisdemokratie.eu\/index.php?rest_route=%2Fwp%2Fv2%2Fmedia&parent=15895"}],"wp:term":[{"taxonomy":"category","embeddable":true,"href":"https:\/\/www.brennerbasisdemokratie.eu\/index.php?rest_route=%2Fwp%2Fv2%2Fcategories&post=15895"},{"taxonomy":"post_tag","embeddable":true,"href":"https:\/\/www.brennerbasisdemokratie.eu\/index.php?rest_route=%2Fwp%2Fv2%2Ftags&post=15895"}],"curies":[{"name":"wp","href":"https:\/\/api.w.org\/{rel}","templated":true}]}}