{"id":16004,"date":"2013-07-11T12:11:22","date_gmt":"2013-07-11T10:11:22","guid":{"rendered":"http:\/\/www.brennerbasisdemokratie.eu\/?p=16004"},"modified":"2023-01-21T03:45:55","modified_gmt":"2023-01-21T02:45:55","slug":"quotation-xciii-tribus-uber-kronbichler","status":"publish","type":"post","link":"https:\/\/www.brennerbasisdemokratie.eu\/?p=16004","title":{"rendered":"Tribus \u00fcber Kronbichler."},"content":{"rendered":"<blockquote><p>Zur Debatte stand ein Beschlussantrag der rechten &#8220;Fratelli d&#8217;Italia&#8221;[,] mit dem vermieden werden sollte, dass die Regierung den beim Verfassungsgericht beh\u00e4ngenden Rekurs zur\u00fcckziehe. Darauf reagierten die <abbr title=\"S\u00fcdtiroler Volkspartei\">SVP<\/abbr> und der <abbr title=\"Partito Democratico\">PD<\/abbr> mit einem Antrag, der sich f\u00fcr einen Verhandlungstisch stark machte. Der Antrag wurde unverst\u00e4ndlicherweise auch vom Abgeordneten Kronbichler unterzeichnet, der dann in seiner ersten gro\u00dfen Rede zu S\u00fcdtirol genau die Position des parlamentarischen Arms der S\u00fcdtiroler Faschisten, Postfaschisten und Neofaschisten einnahm: der Rekurs soll nicht zur\u00fcckgezogen werden, das SVP-PD-Gesetz soll zur\u00fcckgewiesen werden, die Toponomastik soll so bleiben wie sie ist.<\/p><\/blockquote>\n<p><em>Arnold Tribus, Herausgeber der <abbr title=\"Tageszeitung\">TAZ<\/abbr>, ehemals gr\u00fcn-alternativer Landtagsabgeordneter (1985-1993) und Arbeitgeber von Florian Kronbichler (bis 2013); Auszug aus dem heutigen TAZ-Leitartikel.<\/em><\/p>\n<p><strong><span style=\"font-family: Helvetica, Arial, sans-serif; text-transform: uppercase;\">C\u00ebla enghe:<\/span><\/strong> <a title=\"Herumgef\u00fchrt. An der Nase.\" href=\"http:\/\/www.brennerbasisdemokratie.eu\/?p=15945\"><code>01<\/code><\/a> <a title=\"Flors Outing.\" href=\"http:\/\/www.brennerbasisdemokratie.eu\/?p=14117\"><code>02<\/code><\/a> <a title=\"Verkehrte Welt.\" href=\"http:\/\/www.brennerbasisdemokratie.eu\/?p=15006\"><code>03<\/code><\/a> <a title=\"Kronbichler quiz.\" href=\"http:\/\/www.brennerbasisdemokratie.eu\/?p=15136\"><code>04<\/code><\/a> <a title=\"Kronbichler-Quiz (II).\" href=\"http:\/\/www.brennerbasisdemokratie.eu\/?p=15293\"><code>05<\/code><\/a>\u00a0<span style=\"font-family: Helvetica, Arial, sans-serif; font-weight: normal;\">||<\/span> <a title=\"Urz\u00ec per l\u2019autodeterminazione?\" href=\"http:\/\/www.brennerbasisdemokratie.eu\/?p=16552\"><span style=\"color: #ff8c00\"><code>01<\/code><\/span><\/a> <a title=\"Demokratieverhinderung.\" href=\"http:\/\/www.brennerbasisdemokratie.eu\/?p=25002\"><span style=\"color: #ff8c00\"><code>02<\/code><\/span><\/a><\/p>","protected":false},"excerpt":{"rendered":"<p>Zur Debatte stand ein Beschlussantrag der rechten &#8220;Fratelli d&#8217;Italia&#8221;[,] mit dem vermieden werden sollte, dass die Regierung den beim Verfassungsgericht beh\u00e4ngenden Rekurs zur\u00fcckziehe. Darauf reagierten die SVP und der PD mit einem Antrag, der sich f\u00fcr einen Verhandlungstisch stark machte. Der Antrag wurde unverst\u00e4ndlicherweise auch vom Abgeordneten Kronbichler unterzeichnet, der dann in seiner ersten gro\u00dfen [&hellip;]<\/p>","protected":false},"author":1,"featured_media":0,"comment_status":"open","ping_status":"open","sticky":false,"template":"","format":"standard","meta":{"_crdt_document":"","ngg_post_thumbnail":0,"_jetpack_memberships_contains_paid_content":false,"footnotes":""},"categories":[1],"tags":[],"class_list":["post-16004","post","type-post","status-publish","format-standard","hentry","category-allgemein","entity-fdi","entity-pd","entity-svp","entity-verc","entity-verfassungsgericht","issue-italianizzazione","issue-quotation","issue-sx-di-dx","location-sudtirolo","language-deutsch","medium-taz","person-arnold-tribus","person-ettore-tolomei","person-flor","topic-faschismen","topic-medien","topic-ortsnamen","topic-politik","topic-recht"],"jetpack_featured_media_url":"","jetpack_sharing_enabled":true,"_links":{"self":[{"href":"https:\/\/www.brennerbasisdemokratie.eu\/index.php?rest_route=\/wp\/v2\/posts\/16004","targetHints":{"allow":["GET"]}}],"collection":[{"href":"https:\/\/www.brennerbasisdemokratie.eu\/index.php?rest_route=\/wp\/v2\/posts"}],"about":[{"href":"https:\/\/www.brennerbasisdemokratie.eu\/index.php?rest_route=\/wp\/v2\/types\/post"}],"author":[{"embeddable":true,"href":"https:\/\/www.brennerbasisdemokratie.eu\/index.php?rest_route=\/wp\/v2\/users\/1"}],"replies":[{"embeddable":true,"href":"https:\/\/www.brennerbasisdemokratie.eu\/index.php?rest_route=%2Fwp%2Fv2%2Fcomments&post=16004"}],"version-history":[{"count":13,"href":"https:\/\/www.brennerbasisdemokratie.eu\/index.php?rest_route=\/wp\/v2\/posts\/16004\/revisions"}],"predecessor-version":[{"id":76303,"href":"https:\/\/www.brennerbasisdemokratie.eu\/index.php?rest_route=\/wp\/v2\/posts\/16004\/revisions\/76303"}],"wp:attachment":[{"href":"https:\/\/www.brennerbasisdemokratie.eu\/index.php?rest_route=%2Fwp%2Fv2%2Fmedia&parent=16004"}],"wp:term":[{"taxonomy":"category","embeddable":true,"href":"https:\/\/www.brennerbasisdemokratie.eu\/index.php?rest_route=%2Fwp%2Fv2%2Fcategories&post=16004"},{"taxonomy":"post_tag","embeddable":true,"href":"https:\/\/www.brennerbasisdemokratie.eu\/index.php?rest_route=%2Fwp%2Fv2%2Ftags&post=16004"}],"curies":[{"name":"wp","href":"https:\/\/api.w.org\/{rel}","templated":true}]}}